{"id":35607,"date":"2020-04-24T09:43:48","date_gmt":"2020-04-24T14:43:48","guid":{"rendered":"http:\/\/contraluzcucuta.co\/?p=35607"},"modified":"2020-04-24T09:43:48","modified_gmt":"2020-04-24T14:43:48","slug":"corredores-viales-en-norte-de-santander-reiniciaran-trabajos-en-dos-grandes-proyectos","status":"publish","type":"post","link":"https:\/\/contraluzcucuta.co\/?p=35607","title":{"rendered":"CORREDORES VIALES. En Norte de Santander reiniciar\u00e1n trabajos en dos grandes proyectos"},"content":{"rendered":"<p style=\"padding-left: 40px; text-align: right;\"><span style=\"color: #ff9900;\"><strong>C\u00daCUTA.-<\/strong> Norte de Santander y Santander reiniciar\u00e1n obras en tres grandes proyectos viales. Ser\u00e1n implementadas las medidas preventivas necesarias para el cuidado de los trabajadores, establecidas en el protocolo de bioseguridad por el Gobierno.<\/span><\/p>\n<p>Las obras, que contar\u00e1n con actividades en 70 frentes, son:<\/p>\n<p>1.- Bucaramanga-Pamplona<\/p>\n<p>2.- Pamplona-C\u00facuta.<\/p>\n<p>3.- Bucaramanga-Barrancabermeja-Yond\u00f3 (BBY),<\/p>\n<p>Los proyectos concesionados y que adelanta la Agencia Nacional de Infraestructura (ANI) aportar\u00e1n al desarrollo y movilidad en esta regi\u00f3n del pa\u00eds. El trabajo se har\u00e1 articulado entre la ANI, autoridades locales y departamentales, concesionarios e interventor\u00edas.<\/p>\n<p>Para el personal que se incorpore a los proyectos, se definieron las medidas de bioseguridad que van desde la verificaci\u00f3n de las condiciones de salud hasta los traslados en veh\u00edculos previamente sometidos a procesos de desinfecci\u00f3n y limpieza.<\/p>\n<p>\u201cTenemos que irnos preparando para retomar esa vida productiva, con todos los protocolos, en las distintas \u00e1reas de la econom\u00eda, en las distintas \u00e1reas del trabajo\u201d, dijo el presidente Iv\u00e1n Duque M\u00e1rquez.<\/p>\n<p>El proyecto Bucaramanga \u2013 Pamplona cubre 134,3 kil\u00f3metros. Adelantar\u00e1 la construcci\u00f3n de la variante de Bucaramanga, y el mejoramiento y la rehabilitaci\u00f3n del corredor actual.<\/p>\n<p>En el proyecto Pamplona- C\u00facuta continuar\u00e1n las actividades cr\u00edticas que por su condici\u00f3n se mantuvieron en ejecuci\u00f3n. Se implementar\u00e1 el plan de reinicio paulatino, que contar\u00e1 con actividades en m\u00e1s de 50 frentes de trabajo en las Unidades Funcionales 1, 2 y 6. Destaca la excavaci\u00f3n de taludes y el reinicio de las excavaciones del t\u00fanel de Pamplona.<\/p>\n<p>Este corredor vial brindar\u00e1 conectividad transversal entre Norte de Santander con el centro del pa\u00eds y la zona de frontera. Mejorar\u00e1 las condiciones para el transporte de carga y pasajeros disminuyendo costos de operaci\u00f3n.<\/p>\n<p>El corredor Bucaramanga- Barrancabermeja- Yond\u00f3 (BBY) mejorar\u00e1 las conexiones del oriente con los centros de producci\u00f3n petrolera m\u00e1s importantes del pa\u00eds. Cuenta con avance del 53 %. Destacan la construcci\u00f3n de dos t\u00faneles, La Sorda y La Paz, y nueve puentes, que van desde Puente La Paz hasta Lisboa, por el sector de Santa Rosa.<\/p>\n<p>\u201cSer\u00e1n cerca de 70 frentes de trabajo que retomar\u00e1n actividades y en esto queremos ser reiterativos desde la ANI, se cumplir\u00e1 estrictamente con los protocolos y medidas de bioseguridad para proteger a nuestros h\u00e9roes en la v\u00eda\u201d, indic\u00f3 Carlos Garc\u00eda, vicepresidente ejecutivo de la Agencia.<\/p>\n","protected":false},"excerpt":{"rendered":"<p>C\u00daCUTA.- Norte de Santander y Santander reiniciar\u00e1n obras en tres grandes proyectos viales. Ser\u00e1n implementadas las medidas preventivas necesarias para el cuidado de los trabajadores, establecidas en el protocolo de bioseguridad por el Gobierno. Las obras, que contar\u00e1n con actividades en 70 frentes, son: 1.- Bucaramanga-Pamplona 2.- Pamplona-C\u00facuta. 3.- Bucaramanga-Barrancabermeja-Yond\u00f3 (BBY), Los proyectos concesionados y &hellip;<\/p>\n","protected":false},"author":1,"featured_media":35608,"comment_status":"open","ping_status":"open","sticky":false,"template":"","format":"standard","meta":{"footnotes":""},"categories":[4,32],"tags":[487,4886],"class_list":["post-35607","post","type-post","status-publish","format-standard","has-post-thumbnail","hentry","category-barra","category-recorrido-por-la-region","tag-ani","tag-corredores-viales"],"_links":{"self":[{"href":"https:\/\/contraluzcucuta.co\/index.php?rest_route=\/wp\/v2\/posts\/35607","targetHints":{"allow":["GET"]}}],"collection":[{"href":"https:\/\/contraluzcucuta.co\/index.php?rest_route=\/wp\/v2\/posts"}],"about":[{"href":"https:\/\/contraluzcucuta.co\/index.php?rest_route=\/wp\/v2\/types\/post"}],"author":[{"embeddable":true,"href":"https:\/\/contraluzcucuta.co\/index.php?rest_route=\/wp\/v2\/users\/1"}],"replies":[{"embeddable":true,"href":"https:\/\/contraluzcucuta.co\/index.php?rest_route=%2Fwp%2Fv2%2Fcomments&post=35607"}],"version-history":[{"count":1,"href":"https:\/\/contraluzcucuta.co\/index.php?rest_route=\/wp\/v2\/posts\/35607\/revisions"}],"predecessor-version":[{"id":35609,"href":"https:\/\/contraluzcucuta.co\/index.php?rest_route=\/wp\/v2\/posts\/35607\/revisions\/35609"}],"wp:featuredmedia":[{"embeddable":true,"href":"https:\/\/contraluzcucuta.co\/index.php?rest_route=\/wp\/v2\/media\/35608"}],"wp:attachment":[{"href":"https:\/\/contraluzcucuta.co\/index.php?rest_route=%2Fwp%2Fv2%2Fmedia&parent=35607"}],"wp:term":[{"taxonomy":"category","embeddable":true,"href":"https:\/\/contraluzcucuta.co\/index.php?rest_route=%2Fwp%2Fv2%2Fcategories&post=35607"},{"taxonomy":"post_tag","embeddable":true,"href":"https:\/\/contraluzcucuta.co\/index.php?rest_route=%2Fwp%2Fv2%2Ftags&post=35607"}],"curies":[{"name":"wp","href":"https:\/\/api.w.org\/{rel}","templated":true}]}}