{"id":35598,"date":"2020-04-21T19:34:29","date_gmt":"2020-04-22T00:34:29","guid":{"rendered":"http:\/\/contraluzcucuta.co\/?p=35598"},"modified":"2020-04-21T19:34:29","modified_gmt":"2020-04-22T00:34:29","slug":"mano-a-mano-con-winston-ramirez-gracias-a-mis-padres-hoy-soy-lo-que-soy","status":"publish","type":"post","link":"https:\/\/contraluzcucuta.co\/?p=35598","title":{"rendered":"MANO A MANO CON WINSTON RAM\u00cdREZ. Gracias a mis padres, hoy soy lo que soy"},"content":{"rendered":"<p style=\"padding-left: 40px; text-align: right;\"><span style=\"color: #ff9900;\"><strong>C\u00daCUTA.-<\/strong> Responsabilidad, madurez, tranquilidad, entrega y calma son valores que sirven para describir a este jugador patiense. Winston Ram\u00edrez creci\u00f3 en el barrio Chaparral (Los Patios) habl\u00f3 sobre la vida, los sacrificios, la importancia de la familia, c\u00f3mo vive el sue\u00f1o con el C\u00facuta Deportivo y los planes para el futuro sin perder la humildad. Tambi\u00e9n, cont\u00f3 c\u00f3mo se enter\u00f3 de que estar\u00eda con el plantel profesional en el 2020 y el debut frente a Bucaramanga.<\/span><\/p>\n<p><strong>\u00bfEl gusto por el f\u00fatbol cu\u00e1ndo empez\u00f3?<\/strong><\/p>\n<ul>\n<li><em>Desde cuando tengo raz\u00f3n de ser. Desde peque\u00f1o me he inclinado por el f\u00fatbol. Lo ve\u00eda desde chiquito como un deporte, pero con el pasar de los a\u00f1os lo tom\u00e9 con m\u00e1s responsabilidad y entrega.<\/em><\/li>\n<\/ul>\n<p><strong>\u00bfTiene muchos recuerdos de la infancia?<\/strong><\/p>\n<ul>\n<li><em>S\u00ed, muchos, especialmente de mis inicios en el f\u00fatbol. Mi padre me llevaba a las canchas en compa\u00f1\u00eda de mi madre. Creo que de eso se trata la infancia y son esos recuerdos que quedan para siempre, con mi familia nos ponemos a recordar y terminamos en muchas risas. <\/em><\/li>\n<\/ul>\n<p><strong>\u00bfQui\u00e9n fue el primer en apoyarlo?<\/strong><\/p>\n<ul>\n<li><em>M\u00e1s que todo el apoyo es de mi madre y mi padre. Los dos por igual me han guiado por el camino del bien, me han apoyado en el f\u00fatbol, me acompa\u00f1aban a las canchas, a los partidos y todav\u00eda lo hacen. Igual mis hermanas. Hoy lo que soy es gracias a ellos. <\/em><\/li>\n<\/ul>\n<p><strong>\u00bfPor qu\u00e9 la posici\u00f3n de lateral?<\/strong><\/p>\n<ul>\n<li><em>Creo que es la posici\u00f3n m\u00e1s dif\u00edcil del f\u00fatbol profesional y por eso me gusta. Adem\u00e1s, puedo salir al ataque y defender. <\/em><\/li>\n<\/ul>\n<p><strong>\u00bfEn qu\u00e9 clubes se form\u00f3? <\/strong><\/p>\n<ul>\n<li><em>Mi primer club fue Atl\u00e9tico Sport Junior, en Los Patios. Estoy agradecido con el profesor Jos\u00e9 Luis Guti\u00e9rrez, porque me form\u00f3 como persona y como jugador. Pas\u00e9 a pr\u00e9stamo a Inter C\u00facuta, con el t\u00e9cnico Eduardo Alfonso Dur\u00e1n, dur\u00e9 dos a\u00f1os. Posteriormente, se dio la oportunidad en la selecci\u00f3n Norte, categor\u00eda 1999, fui seleccionado por Oscar Faustino Ortiz \u2018Tino\u2019, y en el 2018 se dio la opci\u00f3n del C\u00facuta Deportivo 20.<\/em><\/li>\n<\/ul>\n<p><strong>\u00bfTuvo dificultades econ\u00f3micas para iniciar en el deporte? <\/strong><\/p>\n<ul>\n<li><em>Eso es como todo en la vida. Cuando inicia en un deporte, puede ser que tenga todas las comodidades, como otros que no. Cuando empec\u00e9 mi proceso futbol\u00edstico tuve dificultades; hoy, gracias a Dios, no las tengo. Si uno les saca provecho a esas situaciones m\u00e1s adelante se ven los frutos.<\/em><\/li>\n<\/ul>\n<p><strong>\u00bfLa convocatoria al C\u00facuta Deportivo Sub 20 c\u00f3mo se dio? <\/strong><\/p>\n<ul>\n<li><em>El profesor Oscar Faustino Ortiz me dijo que me presentara a las convocatorias. Me present\u00e9 como extremo izquierdo y le gust\u00f3 al profesor David Su\u00e1rez. Me volvi\u00f3 a citar a la cancha de Vallehester y poco a poco qued\u00e9. Me acopl\u00e9 y ahora estoy con el equipo profesional.<\/em><\/li>\n<\/ul>\n<p><strong>\u00bfQu\u00e9 tanto ha sido el aporte de David Su\u00e1rez en la formaci\u00f3n deportiva? <\/strong><\/p>\n<ul>\n<li><em>Es mucho. Le doy gracias, porque me dio la oportunidad de estar en ese C\u00facuta Deportivo sub 20 y me ense\u00f1\u00f3 a sacarles provecho a las cosas. Le agradezco a Dios y al profe David por darme la oportunidad de estar en esos dos procesos sub 20.<\/em><\/li>\n<\/ul>\n<p><strong>\u00bfLe tocaba movilizarse en bicicleta o caminar largos trayectos para llegar a los entrenamientos de la Sub 20?<\/strong><\/p>\n<ul>\n<li><em>Es cierto. Una vez me fui en bicicleta desde el barrio Chaparral (Los Patios), donde vivo, hasta Vegas del R\u00edo (C\u00facuta) y ten\u00edamos que correr kil\u00f3metros con la sub 20. Una vez camin\u00e9 desde el barrio San Rafael hasta mi casa. Hoy, gracias a Dios, no tengo que pasar esas necesidades.<\/em><\/li>\n<\/ul>\n<p><strong>\u00bfQu\u00e9 ten\u00eda ese C\u00facuta Sub 20 que lo hizo tan exitoso? <\/strong><\/p>\n<ul>\n<li><em>Fue un grupo unido, era un equipo que trabajaba para grandes cosas. Eran personas humildes que quer\u00edan triunfos grandes. Fue esa uni\u00f3n familiar y esa humildad las que nos llevaron a jugar la final del torneo Sub 20. <\/em><\/li>\n<\/ul>\n<p><strong>\u00bfQu\u00e9 les falt\u00f3 para ganar la final? <\/strong><\/p>\n<ul>\n<li><em>Creo que son cosas de Dios, que nos puso en una final del Torneo Sub 20. La disputamos, no se dio el resultado que quer\u00edamos, pero agradecido y contento por debutar y jugar la final de esa categor\u00eda.<\/em><\/li>\n<\/ul>\n<p><strong>\u00bfAl siguiente a\u00f1o sacaron a Nacional en octavos de final? \u00bfQu\u00e9 recuerda de esa llave?<\/strong><\/p>\n<ul>\n<li><em>Era una llave muy dif\u00edcil, contra un gran equipo. Ten\u00eda jugadores con poca y mucha experiencia, pero dimos lo mejor de nosotros y clasificamos. Luego, quedamos eliminados en Santa Marta contra Uni\u00f3n Magdalena. El \u00e1rbitro no nos favoreci\u00f3, nos perjudic\u00f3 y quedamos afuera muy tristes.<\/em><\/li>\n<\/ul>\n<p><strong>\u00bfC\u00f3mo lleg\u00f3 al equipo profesional? <\/strong><\/p>\n<ul>\n<li><em>En diciembre, estaba en mi casa con mi familia y Mark, que trabaja en el club, me dio la noticia que deb\u00eda presentarme en Bogot\u00e1 con el equipo profesional para hacer pretemporada. Creo que la tom\u00e9 con responsabilidad, ganas y ambici\u00f3n para llegar a un club grande como lo es C\u00facuta Deportivo. De esa manera me prepar\u00e9 para la pretemporada.<\/em><\/li>\n<\/ul>\n<p><strong>\u00bfLe cost\u00f3 la adaptaci\u00f3n en Bogot\u00e1? <\/strong><\/p>\n<ul>\n<li><em>No, no me cost\u00f3 adaptarme al equipo mientras estuvimos en Bogot\u00e1. Hab\u00eda compa\u00f1eros de la sub 20, amigos del equipo profesional y jugadores que de a poco llegaban al club y se integraban a esta gran familia. <\/em><\/li>\n<\/ul>\n<p><strong>\u00bfQu\u00e9 concepto tiene de Jairo Pati\u00f1o? <\/strong><\/p>\n<ul>\n<li><em>Es gran persona. Como futbolista fue el mejor y me brind\u00f3 la oportunidad de estar en el equipo. Se lo debo a \u00e9l y a muchas personas que han estado este proceso de formaci\u00f3n. <\/em><\/li>\n<\/ul>\n<p><strong>\u00bfCu\u00e1l es su opini\u00f3n sobre Jorge Artigas?<\/strong><\/p>\n<ul>\n<li><em>Excelente persona. Me ha apoyado desde que est\u00e1 con nosotros. He aprendido mucho, tanto en lo personal como futbolista. Me identifico en lo estricto que es. Le gustan las cosas serias, quiere ganar, quiere rugir y no le gusta perder.<\/em><\/li>\n<\/ul>\n<p><strong>\u00bfEn qu\u00e9 momento lleg\u00f3 el debut? <\/strong><\/p>\n<ul>\n<li><em>Entren\u00e1bamos con el profesor Jorge Artigas y en alg\u00fan momento sac\u00f3 el once titular para enfrentar al Atl\u00e9tico Bucaramanga y entre esos estaba yo. Pens\u00e9 que \u00edbamos a hacer t\u00e1ctica con el equipo, que era el habitual titular. Luego, sali\u00f3 y dijo: \u201cmuchachos voy a salir con este once titular contra Bucaramanga\u201d. Lo tom\u00e9 con alegr\u00eda y responsabilidad. Era el sue\u00f1o que siempre quise desde ni\u00f1o y lo logr\u00e9. <\/em><\/li>\n<\/ul>\n<p><strong>\u00bfSe sinti\u00f3 inc\u00f3modo debutar sin apoyo de la tribuna popular? <\/strong><\/p>\n<ul>\n<li><em> Estaba feliz. Ten\u00eda a mi familia en la tribuna, aunque casi no hubiera gente, vi\u00e9ndome cumplir el sue\u00f1o. Fue lo mejor. Claro, hicieron falta. <\/em><\/li>\n<\/ul>\n<p><strong>\u00bfHa cambiado mucho su vida? <\/strong><\/p>\n<ul>\n<li><em>S\u00ed, la vida me cambio ciento por ciento. No soy el mismo de antes, ahora soy maduro. Entend\u00ed que no todo es diversi\u00f3n y re\u00edrse, para todo hay momentos. Todo lo tomo con responsabilidad, con seriedad. Gracias a Dios, para bien cambio la vida de mi familia. <\/em><\/li>\n<\/ul>\n<p><strong>\u00bfC\u00f3mo vive el d\u00eda a d\u00eda? <\/strong><\/p>\n<ul>\n<li><em>Con mis familiares. Voy a entrenar en la ma\u00f1ana, llego, tengo mi almuerzo, comparto con mi familia, con mi madre, mis hermanas, hago ejercicio todo el d\u00eda y en la noche a descansar. Lo m\u00e1s lindo es compartir con mi familia, dedicarles el ciento por ciento del tiempo.<\/em><\/li>\n<\/ul>\n<p><strong>\u00bfEn diez a\u00f1os d\u00f3nde se ve? <\/strong><\/p>\n<ul>\n<li><em>Me veo como una persona hecha y derecha, sin perder mi humildad, lleno de principios y valores. En cuanto al f\u00fatbol me veo en el primer equipo que me ponga Dios, donde me abran las puertas, quiz\u00e1s fuera del pa\u00eds o quiz\u00e1s en Colombia. Me gusta el f\u00fatbol europeo.<\/em><\/li>\n<\/ul>\n<p><strong>\u00bfCu\u00e1l ha sido el momento que m\u00e1s lo ha marcado?<\/strong><\/p>\n<ul>\n<li><em>La muerte de mi abuelo ha sido lo que m\u00e1s ha marcado mi vida. Me peg\u00f3 duro. No fue f\u00e1cil, pero lo tome con responsabilidad y calma. Es mi amuleto, d\u00eda a d\u00eda, para ser mejor profesional y mejor persona.<\/em><\/li>\n<\/ul>\n<p><strong>\u00bfC\u00f3mo podemos describir a Winston Ram\u00edrez? <\/strong><\/p>\n<ul>\n<li><em>Como un muchacho humilde, entregado a Dios, a la familia, a lo que hace y a lo que le gusta. En la cancha es un jugador que se juega la vida en cada jugada y pelota. <\/em><\/li>\n<\/ul>\n<p><strong>JORDY ORLANDO CRUZ<\/strong><\/p>\n","protected":false},"excerpt":{"rendered":"<p>C\u00daCUTA.- Responsabilidad, madurez, tranquilidad, entrega y calma son valores que sirven para describir a este jugador patiense. Winston Ram\u00edrez creci\u00f3 en el barrio Chaparral (Los Patios) habl\u00f3 sobre la vida, los sacrificios, la importancia de la familia, c\u00f3mo vive el sue\u00f1o con el C\u00facuta Deportivo y los planes para el futuro sin perder la humildad. &hellip;<\/p>\n","protected":false},"author":1,"featured_media":35599,"comment_status":"open","ping_status":"open","sticky":false,"template":"","format":"standard","meta":{"footnotes":""},"categories":[4,28],"tags":[4753,4075,4362],"class_list":["post-35598","post","type-post","status-publish","format-standard","has-post-thumbnail","hentry","category-barra","category-vistazo-deportivo","tag-cucuta-deportivo-2020","tag-mano-a-mano-con","tag-vistazo-deportivo"],"_links":{"self":[{"href":"https:\/\/contraluzcucuta.co\/index.php?rest_route=\/wp\/v2\/posts\/35598","targetHints":{"allow":["GET"]}}],"collection":[{"href":"https:\/\/contraluzcucuta.co\/index.php?rest_route=\/wp\/v2\/posts"}],"about":[{"href":"https:\/\/contraluzcucuta.co\/index.php?rest_route=\/wp\/v2\/types\/post"}],"author":[{"embeddable":true,"href":"https:\/\/contraluzcucuta.co\/index.php?rest_route=\/wp\/v2\/users\/1"}],"replies":[{"embeddable":true,"href":"https:\/\/contraluzcucuta.co\/index.php?rest_route=%2Fwp%2Fv2%2Fcomments&post=35598"}],"version-history":[{"count":1,"href":"https:\/\/contraluzcucuta.co\/index.php?rest_route=\/wp\/v2\/posts\/35598\/revisions"}],"predecessor-version":[{"id":35600,"href":"https:\/\/contraluzcucuta.co\/index.php?rest_route=\/wp\/v2\/posts\/35598\/revisions\/35600"}],"wp:featuredmedia":[{"embeddable":true,"href":"https:\/\/contraluzcucuta.co\/index.php?rest_route=\/wp\/v2\/media\/35599"}],"wp:attachment":[{"href":"https:\/\/contraluzcucuta.co\/index.php?rest_route=%2Fwp%2Fv2%2Fmedia&parent=35598"}],"wp:term":[{"taxonomy":"category","embeddable":true,"href":"https:\/\/contraluzcucuta.co\/index.php?rest_route=%2Fwp%2Fv2%2Fcategories&post=35598"},{"taxonomy":"post_tag","embeddable":true,"href":"https:\/\/contraluzcucuta.co\/index.php?rest_route=%2Fwp%2Fv2%2Ftags&post=35598"}],"curies":[{"name":"wp","href":"https:\/\/api.w.org\/{rel}","templated":true}]}}