{"id":35595,"date":"2020-04-21T15:11:53","date_gmt":"2020-04-21T20:11:53","guid":{"rendered":"http:\/\/contraluzcucuta.co\/?p=35595"},"modified":"2020-04-21T15:11:53","modified_gmt":"2020-04-21T20:11:53","slug":"mensaje-la-batalla-contra-el-coronavirus-la-ganamos-entre-todos","status":"publish","type":"post","link":"https:\/\/contraluzcucuta.co\/?p=35595","title":{"rendered":"MENSAJE. La batalla contra el coronavirus la ganamos entre todos"},"content":{"rendered":"<p style=\"padding-left: 40px; text-align: right;\"><span style=\"color: #ff9900;\">El Covid-19 cambi\u00f3 nuestras realidades, pero fortaleci\u00f3 a\u00fan m\u00e1s al Gobierno para seguir trabajando incansablemente por las regiones de Colombia. Con la llegada de este virus hemos multiplicado las labores y gestiones desde todos los frentes y en cabeza del presidente Iv\u00e1n Duque, aunamos esfuerzos para llegar con acciones efectivas a los hogares colombianos, porque nuestra prioridad es la protecci\u00f3n y el bienestar de todos los ciudadanos.<\/span><\/p>\n<p>Estamos trabajando 24\/7, porque juntos le ganaremos la batalla al coronavirus. Desde el inicio de la emergencia, el Gobierno se ha empe\u00f1ado en establecer los lineamientos y normativas necesarias para controlar y mitigar los efectos de esta pandemia. Se han expedido m\u00e1s de 200 decretos, con medidas como el aislamiento obligatorio preventivo, el cierre de fronteras, campa\u00f1as de autocuidado con el lavado de manos constante y el uso de tapabocas, prohibici\u00f3n de eventos masivos, destinaci\u00f3n de 6 billones de pesos para el sector de la salud en la atenci\u00f3n de la emergencia, entre muchas otras.<\/p>\n<p>Con los mandatarios locales estamos desarrollando a diario Mesas Nacionales de Atenci\u00f3n Virtual, Las Regiones se Conectan, en las cuales estamos resolviendo dudas sobre las medidas expedidas por el Gobierno, porque sabemos que cuando trabajamos en equipo todos hacia un mismo objetivo, logramos m\u00e1s beneficios para las regiones.<\/p>\n<p>Adem\u00e1s, se han potencializado los programas sociales, las ayudas econ\u00f3micas, las donaciones y dem\u00e1s acciones por parte del Gobierno, como Familias en Acci\u00f3n, Devoluci\u00f3n del IVA, Ayudas a adultos mayores, J\u00f3venes en Acci\u00f3n, por nombrar algunos, para entregar ayudas econ\u00f3micas y provisiones con mercados. Van 13 millones 476 mil hogares en Colombia beneficiados. Todo esto, mediante la articulaci\u00f3n de esfuerzos con el DNP, Prosperidad Social, los Ministerios de Interior y Trabajo, el ICBF, la Unidad Nacional de Gesti\u00f3n del Riesgo.<\/p>\n<p>Entregamos todas estas ayudas, porque conocemos la realidad en los territorios, que existen hogares que est\u00e1n pasando necesidades y mucho m\u00e1s durante este tiempo, por eso nos coordinamos con las gobernaciones y las alcald\u00edas para trabajar de la mano, hombro a hombro, buscando el bien com\u00fan y la atenci\u00f3n a poblaci\u00f3n vulnerable, como lo son nuestros adultos mayores, ni\u00f1os, adolescentes y familias que necesitan la presencia del Estado y de la solidaridad de los ciudadanos.<\/p>\n<p>Adicionalmente, en cabeza de la Primera Dama de la Naci\u00f3n, Mar\u00eda Juliana Ruiz, hace unas semanas lanzamos la campa\u00f1a Ayudar nos hace bien, iniciativa maravillosa en la que hemos logrado que la generosidad de los colombianos sea bandera para apoyar a m\u00e1s hogares.<\/p>\n<p>Contamos con apoyo de la Fundaci\u00f3n Solidaridad por Colombia y el sector privado, a la fecha hemos recaudado 462.000 mercados, gracias a los m\u00e1s de 6967 donantes que han entregado ayudas econ\u00f3micas como en especie. Estamos seguros que lograremos la meta de un mill\u00f3n de mercados, para algo m\u00e1s de 445.000 familias.<\/p>\n<p>Seguimos trabajando, seguimos buscando soluciones, este es un gobierno comprometido, que cumple, que est\u00e1 atento a las regiones, que conoce sus necesidades y est\u00e1 haciendo todo lo posible para que superemos esta emergencia, porque juntos somos m\u00e1s fuertes.<\/p>\n<p><strong>KAREN ABUDINEN ABUCHAIBE<\/strong><\/p>\n<p><strong>Consejera presidencial para las regiones<\/strong><\/p>\n","protected":false},"excerpt":{"rendered":"<p>El Covid-19 cambi\u00f3 nuestras realidades, pero fortaleci\u00f3 a\u00fan m\u00e1s al Gobierno para seguir trabajando incansablemente por las regiones de Colombia. Con la llegada de este virus hemos multiplicado las labores y gestiones desde todos los frentes y en cabeza del presidente Iv\u00e1n Duque, aunamos esfuerzos para llegar con acciones efectivas a los hogares colombianos, porque &hellip;<\/p>\n","protected":false},"author":1,"featured_media":35596,"comment_status":"open","ping_status":"open","sticky":false,"template":"","format":"standard","meta":{"footnotes":""},"categories":[14,4],"tags":[4366,4815,4028],"class_list":["post-35595","post","type-post","status-publish","format-standard","has-post-thumbnail","hentry","category-articulistas","category-barra","tag-consejera-para-las-regiones","tag-coronavirus","tag-karen-abudinen-abuchaibe"],"_links":{"self":[{"href":"https:\/\/contraluzcucuta.co\/index.php?rest_route=\/wp\/v2\/posts\/35595","targetHints":{"allow":["GET"]}}],"collection":[{"href":"https:\/\/contraluzcucuta.co\/index.php?rest_route=\/wp\/v2\/posts"}],"about":[{"href":"https:\/\/contraluzcucuta.co\/index.php?rest_route=\/wp\/v2\/types\/post"}],"author":[{"embeddable":true,"href":"https:\/\/contraluzcucuta.co\/index.php?rest_route=\/wp\/v2\/users\/1"}],"replies":[{"embeddable":true,"href":"https:\/\/contraluzcucuta.co\/index.php?rest_route=%2Fwp%2Fv2%2Fcomments&post=35595"}],"version-history":[{"count":1,"href":"https:\/\/contraluzcucuta.co\/index.php?rest_route=\/wp\/v2\/posts\/35595\/revisions"}],"predecessor-version":[{"id":35597,"href":"https:\/\/contraluzcucuta.co\/index.php?rest_route=\/wp\/v2\/posts\/35595\/revisions\/35597"}],"wp:featuredmedia":[{"embeddable":true,"href":"https:\/\/contraluzcucuta.co\/index.php?rest_route=\/wp\/v2\/media\/35596"}],"wp:attachment":[{"href":"https:\/\/contraluzcucuta.co\/index.php?rest_route=%2Fwp%2Fv2%2Fmedia&parent=35595"}],"wp:term":[{"taxonomy":"category","embeddable":true,"href":"https:\/\/contraluzcucuta.co\/index.php?rest_route=%2Fwp%2Fv2%2Fcategories&post=35595"},{"taxonomy":"post_tag","embeddable":true,"href":"https:\/\/contraluzcucuta.co\/index.php?rest_route=%2Fwp%2Fv2%2Ftags&post=35595"}],"curies":[{"name":"wp","href":"https:\/\/api.w.org\/{rel}","templated":true}]}}