{"id":35570,"date":"2020-04-14T17:47:09","date_gmt":"2020-04-14T22:47:09","guid":{"rendered":"http:\/\/contraluzcucuta.co\/?p=35570"},"modified":"2020-04-14T17:47:09","modified_gmt":"2020-04-14T22:47:09","slug":"covid-19-universidad-de-pamplona-manejara-laboratorio-para-deteccion-del-virus","status":"publish","type":"post","link":"https:\/\/contraluzcucuta.co\/?p=35570","title":{"rendered":"COVID-19. Universidad de Pamplona manejar\u00e1 laboratorio para detecci\u00f3n del virus"},"content":{"rendered":"<p style=\"padding-left: 40px; text-align: right;\"><span style=\"color: #ff9900;\"><strong>PAMPLONA &#8211; Norte de Santander.-<\/strong> \u00a0El departamento contar\u00e1 con dos laboratorios para el diagn\u00f3stico del Covid \u2013 19. Uno estar\u00e1 liderado por la facultad de Salud de la Universidad de Pamplona y empezar\u00e1 a funcionar en C\u00facuta, a m\u00e1s tardar en 15 d\u00edas.<\/span><\/p>\n<p>La gesti\u00f3n de recursos la adelant\u00f3 el gobernador Silvano Serrano ante el gobierno nacional. Norte de Santander entra en la lista de las regiones que dispondr\u00e1n de laboratorios para el diagn\u00f3stico molecular que permita la identificaci\u00f3n del Covid\u201319.<\/p>\n<p>Los laboratorios hacen parte del plan de acci\u00f3n y respuesta de contenci\u00f3n y mitigaci\u00f3n del Covid-19. Uno de los laboratorios de salud p\u00fablica permitir\u00e1 tener, en corto tiempo, resultados de las pruebas moleculares, y ser\u00e1 direccionado por el Instituto Departamental de Salud. El segundo, ser\u00e1 manejado por la Universidad de Pamplona, por medio de la facultad de Salud.<\/p>\n<p>El laboratorio que manejar\u00e1 la Universidad est\u00e1 en proceso de adecuaci\u00f3n y adquisici\u00f3n de equipos. Permitir\u00e1 la creaci\u00f3n del Centro Experimental de Diagn\u00f3stico e Investigaci\u00f3n Molecular en Enfermedades Parasitarias, Tropicales e Infecciosas (Cedimol).<\/p>\n<p>El Centro fortalecer\u00e1 los grupos de investigaci\u00f3n del centro de estudios y los programas acad\u00e9micos de la facultad de Salud que se proyectan para la acreditaci\u00f3n de alta calidad.<\/p>\n<p>\u201cAgradezco la gesti\u00f3n del Gobernador en la consecuci\u00f3n de los recursos que permitir\u00e1n cristalizar el sue\u00f1o de crear este Centro Experimental\u201d, dijo el rector Ivaldo Torres. Resalt\u00f3 el compromiso de los profesores que apoyan la materializaci\u00f3n de la idea de los programas de Bacteriolog\u00eda, Microbiolog\u00eda, Medicina, Biolog\u00eda y Medicina Veterinaria.<\/p>\n<p>El Cedimol mejorar\u00e1 el nivel de vida de los nortesantandereanos al disponerse de un centro especializado, no solo en detecci\u00f3n de Covid-19, sino de enfermedades tropicales transmitidas por vectores en esta zona de frontera con Venezuela.<\/p>\n","protected":false},"excerpt":{"rendered":"<p>PAMPLONA &#8211; Norte de Santander.- \u00a0El departamento contar\u00e1 con dos laboratorios para el diagn\u00f3stico del Covid \u2013 19. Uno estar\u00e1 liderado por la facultad de Salud de la Universidad de Pamplona y empezar\u00e1 a funcionar en C\u00facuta, a m\u00e1s tardar en 15 d\u00edas. La gesti\u00f3n de recursos la adelant\u00f3 el gobernador Silvano Serrano ante el &hellip;<\/p>\n","protected":false},"author":1,"featured_media":35571,"comment_status":"open","ping_status":"open","sticky":false,"template":"","format":"standard","meta":{"footnotes":""},"categories":[74,4],"tags":[2597,4815,4837,161],"class_list":["post-35570","post","type-post","status-publish","format-standard","has-post-thumbnail","hentry","category-aula-universitaria","category-barra","tag-aula-universitaria","tag-coronavirus","tag-covid-19","tag-universidad-de-pamplona"],"_links":{"self":[{"href":"https:\/\/contraluzcucuta.co\/index.php?rest_route=\/wp\/v2\/posts\/35570","targetHints":{"allow":["GET"]}}],"collection":[{"href":"https:\/\/contraluzcucuta.co\/index.php?rest_route=\/wp\/v2\/posts"}],"about":[{"href":"https:\/\/contraluzcucuta.co\/index.php?rest_route=\/wp\/v2\/types\/post"}],"author":[{"embeddable":true,"href":"https:\/\/contraluzcucuta.co\/index.php?rest_route=\/wp\/v2\/users\/1"}],"replies":[{"embeddable":true,"href":"https:\/\/contraluzcucuta.co\/index.php?rest_route=%2Fwp%2Fv2%2Fcomments&post=35570"}],"version-history":[{"count":1,"href":"https:\/\/contraluzcucuta.co\/index.php?rest_route=\/wp\/v2\/posts\/35570\/revisions"}],"predecessor-version":[{"id":35572,"href":"https:\/\/contraluzcucuta.co\/index.php?rest_route=\/wp\/v2\/posts\/35570\/revisions\/35572"}],"wp:featuredmedia":[{"embeddable":true,"href":"https:\/\/contraluzcucuta.co\/index.php?rest_route=\/wp\/v2\/media\/35571"}],"wp:attachment":[{"href":"https:\/\/contraluzcucuta.co\/index.php?rest_route=%2Fwp%2Fv2%2Fmedia&parent=35570"}],"wp:term":[{"taxonomy":"category","embeddable":true,"href":"https:\/\/contraluzcucuta.co\/index.php?rest_route=%2Fwp%2Fv2%2Fcategories&post=35570"},{"taxonomy":"post_tag","embeddable":true,"href":"https:\/\/contraluzcucuta.co\/index.php?rest_route=%2Fwp%2Fv2%2Ftags&post=35570"}],"curies":[{"name":"wp","href":"https:\/\/api.w.org\/{rel}","templated":true}]}}