{"id":35556,"date":"2020-04-10T19:34:17","date_gmt":"2020-04-11T00:34:17","guid":{"rendered":"http:\/\/contraluzcucuta.co\/?p=35556"},"modified":"2020-04-10T19:34:17","modified_gmt":"2020-04-11T00:34:17","slug":"sermon-de-las-siete-palabras-septima-padre-en-tus-manos-encomiendo-mi-espiritu","status":"publish","type":"post","link":"https:\/\/contraluzcucuta.co\/?p=35556","title":{"rendered":"SERM\u00d3N DE LAS SIETE PALABRAS. S\u00e9ptima. \u201cPadre, en tus manos encomiendo mi esp\u00edritu\u201d"},"content":{"rendered":"<p><em><strong><span style=\"color: #ff9900;\">Lucas. 23,46.<\/span><\/strong><\/em><\/p>\n<p>Cuando uno mira la historia de C\u00facuta encuentra una \u00e9poca floreciente que nos convirti\u00f3 en una ciudad que lideraba la innovaci\u00f3n y la modernidad de Colombia. Fuimos pioneros en la aviaci\u00f3n, en el ferrocarril, en las artes, los primeros en tener electricidad, cine, una ciudad cosmopolita con americanos, europeos, \u00e1rabes, venezolanos y, por supuesto, todas unas generaciones de nortesantandereanos activos, trabajadores y capaces de convertirla en el motor que empujaba el vanguardismo nacional.<\/p>\n<p>C\u00f3mo pasamos de eso a lo que hoy tenemos, porque destruimos todo y no hemos podido construir nada importante despu\u00e9s de que el pa\u00eds empez\u00f3 a construirse a finales de los a\u00f1os 50, luego de resolver el eterno conflicto interno entre conservadores y liberales, con el acuerdo del Pacto Nacional, y definir los centros de producci\u00f3n y los poderes regionales, como hoy los conocemos.<\/p>\n<p>El aporte de la regi\u00f3n al PIB Nacional habla por si solo del fracaso productivo que nos ensombrece. Detr\u00e1s de esa fam\u00e9lica capacidad de generar riqueza vienen la pobreza, los conflictos sociales y la violencia, inevitablemente. De ser una potencia exportadora de caf\u00e9 y cacao, pasamos a ser inexistentes en la exportaci\u00f3n de estos frutos que son nuestra identidad agr\u00edcola de exportaci\u00f3n.<\/p>\n<p>Seguramente, hay muchas razones, pero la \u00fanica que encuentro central en este desastre es la clase dirigente. Pasamos de tener l\u00edderes capaces de apalancar la construcci\u00f3n de un ferrocarril binacional, de casi 170 kil\u00f3metros, de impulsar la exploraci\u00f3n y la explotaci\u00f3n del petr\u00f3leo, de fundar el Instituto de Bellas Artes cuando la mayor\u00eda de ciudades de Colombia no so\u00f1aban ni siquiera con algo parecido, de tener la Terminal de Transportes m\u00e1s moderna del pa\u00eds. Pasamos de ser una urbe, donde los habitantes ve\u00edan los logros y los avances de la que era la m\u00e1s moderna ciudad del eje binacional, a una ciudad con una enorme poblaci\u00f3n donde cada d\u00eda hay m\u00e1s problemas.<\/p>\n<p>Otra raz\u00f3n para entender el atraso, creo que est\u00e1 en que abandonamos hace mucho tiempo a El Catatumbo, en lugar de haberlo entendido como el motor de la econom\u00eda regional con enormes posibilidades en turismo, miner\u00eda, agricultura e hidrocarburos. Hay que resaltar que cuando no hay dirigentes fuertes y reconocidos, la ilegalidad avanza y solo podemos contar la historia de la violencia generada por la guerrilla y luego por el paramilitarismo, generando el desplazamiento continuo durante 40 a\u00f1os de miles de pobladores de esas regiones.<\/p>\n<p>Hoy, recogida esta tragedia en una nueva forma por medio de diferentes Bacrim y c\u00e1rteles que se apoderaron de El Catatumbo y que solo aportan violencia, corrupci\u00f3n y muertos.<\/p>\n<p>La ciudad (entendida como \u00c1rea Metropolitana de C\u00facuta) hoy posee el m\u00e1s alto \u00edndice de personas sin trabajo e informalidad laboral de todas las grandes urbes colombianas, con la resultante inseguridad. Todo esto potenciado por el coronavirus-econ\u00f3mico, lo que debe estar llevando el desempleo del 18 % al menos al 23 %, lo cual es una calamidad p\u00fablica. No podemos seguir tomando decisiones separadamente en los municipios del AMC.<\/p>\n<p>\u00bfQu\u00e9 hacer entonces? Propongo unas acciones que creo son las adecuadas para invertir la coyuntura rese\u00f1ada:<\/p>\n<ol>\n<li>Hoy debemos concentrarnos en resolver la pandemia por la alta exposici\u00f3n que tenemos y que nos puede agravar la situaci\u00f3n, debido a la porosidad de la frontera y la baja capacidad de atenci\u00f3n en salud que tenemos. Tenemos una capacidad en este sector como el de una colonia respecto a Bogot\u00e1 y Bucaramanga.<\/li>\n<li>Imponer el pico y placa para el trasporte publico, carros, motos y de personas por genero en pares e impares. Las mujeres y veh\u00edculos que terminen en numero par no salen ese d\u00eda y los impares en su d\u00eda.<\/li>\n<li>Nadie puede salir a la calle sin tapabocas.<\/li>\n<li>Implementar la capacidad de aumentar las pruebas de Covid 19 en C\u00facuta para Norte de Santander.<\/li>\n<li>Aumentar el numero de UCI y respiradores en el departamento para solventar el pico que creo en Colombia se dar\u00e1 a finales de mayo. Mantener la recomendaci\u00f3n de que mientras no sea necesario no salgamos a la calle.<\/li>\n<li>Despu\u00e9s de que el gobierno nacional levante la cuarentena, permitir en los primeros 15 d\u00edas a la gente ir a las empresas industriales en primer t\u00e9rmino y luego hacerlo en los 15 d\u00edas siguientes para los dem\u00e1s negocios, manteniendo el pico y placa de pares e impares para veh\u00edculos y personas por g\u00e9nero.<\/li>\n<li>Luego, tenemos que concentrarnos en ayudar a los cucute\u00f1os. Lleg\u00f3 el momento de revisar de verdad los costos de los servicios p\u00fablicos que son altos e implementar la modernizaci\u00f3n de la infraestructura regional, d\u00e1ndoles prioridad a la v\u00eda a Tib\u00fa y a la repavimentaci\u00f3n de la v\u00eda Pamplona \u2013 Chitag\u00e1, y de manera conjunta con Santander pavimentar los kil\u00f3metros faltantes de la carretera central.<\/li>\n<li>Rebajar los impuestos predial e industria y comercio, y los dem\u00e1s tributos municipales y departamentales por el primer semestre del 2020. Todos ponemos, pero solo para los que paguen cumplidamente a partir de junio 30.<\/li>\n<li>Lograr que las ayudas para las pymes y peque\u00f1as empresas, los cr\u00e9ditos y ayudas de salarios lleguen efectivamente a la regi\u00f3n. Solicitar una renegociaci\u00f3n de la deuda p\u00fablica departamental y municipal.<\/li>\n<li>Crear y darle facultades y presupuesto a una Consejer\u00eda en la est\u00e9n el sector privado, la Gobernaci\u00f3n y la Alcald\u00eda de C\u00facuta para el Catatumbo.<\/li>\n<\/ol>\n<p>Hay mucho m\u00e1s, pero estas son las inmediatas y urgentes para solventar y disminuir el efecto del coronavirus en la salud y la econom\u00eda regional.<\/p>\n<p>Nada va a cambiar para mejorar si la mayor\u00eda de nortesantandereanos sigue votando por las razones equivocadas como lo son el dinero, el cemento, los mercados, las promesas reiteradamente incumplidas de puestos en entidades p\u00fablicas. Escojamos buenas personas, honestas, preparadas, con logros y visi\u00f3n amplia que les permitan ayudar a invertir la tendencia autodestructiva de la regi\u00f3n. Sin buenos l\u00edderes no tendremos buenos gobiernos, y sin ellos, solo repetiremos los \u00faltimos 20 a\u00f1os nefastos.<\/p>\n<p><strong>JOS\u00c9 FERNANDO BAUTISTA <\/strong><\/p>\n<p><strong>Ex alcalde de C\u00facuta<\/strong><\/p>\n","protected":false},"excerpt":{"rendered":"<p>Lucas. 23,46. Cuando uno mira la historia de C\u00facuta encuentra una \u00e9poca floreciente que nos convirti\u00f3 en una ciudad que lideraba la innovaci\u00f3n y la modernidad de Colombia. Fuimos pioneros en la aviaci\u00f3n, en el ferrocarril, en las artes, los primeros en tener electricidad, cine, una ciudad cosmopolita con americanos, europeos, \u00e1rabes, venezolanos y, por &hellip;<\/p>\n","protected":false},"author":1,"featured_media":35557,"comment_status":"open","ping_status":"open","sticky":false,"template":"","format":"standard","meta":{"footnotes":""},"categories":[45],"tags":[2816,2140,281],"class_list":["post-35556","post","type-post","status-publish","format-standard","has-post-thumbnail","hentry","category-destacado","tag-septima-palabra","tag-sermon-de-las-siete-palabras","tag-viernes-santo"],"_links":{"self":[{"href":"https:\/\/contraluzcucuta.co\/index.php?rest_route=\/wp\/v2\/posts\/35556","targetHints":{"allow":["GET"]}}],"collection":[{"href":"https:\/\/contraluzcucuta.co\/index.php?rest_route=\/wp\/v2\/posts"}],"about":[{"href":"https:\/\/contraluzcucuta.co\/index.php?rest_route=\/wp\/v2\/types\/post"}],"author":[{"embeddable":true,"href":"https:\/\/contraluzcucuta.co\/index.php?rest_route=\/wp\/v2\/users\/1"}],"replies":[{"embeddable":true,"href":"https:\/\/contraluzcucuta.co\/index.php?rest_route=%2Fwp%2Fv2%2Fcomments&post=35556"}],"version-history":[{"count":1,"href":"https:\/\/contraluzcucuta.co\/index.php?rest_route=\/wp\/v2\/posts\/35556\/revisions"}],"predecessor-version":[{"id":35558,"href":"https:\/\/contraluzcucuta.co\/index.php?rest_route=\/wp\/v2\/posts\/35556\/revisions\/35558"}],"wp:featuredmedia":[{"embeddable":true,"href":"https:\/\/contraluzcucuta.co\/index.php?rest_route=\/wp\/v2\/media\/35557"}],"wp:attachment":[{"href":"https:\/\/contraluzcucuta.co\/index.php?rest_route=%2Fwp%2Fv2%2Fmedia&parent=35556"}],"wp:term":[{"taxonomy":"category","embeddable":true,"href":"https:\/\/contraluzcucuta.co\/index.php?rest_route=%2Fwp%2Fv2%2Fcategories&post=35556"},{"taxonomy":"post_tag","embeddable":true,"href":"https:\/\/contraluzcucuta.co\/index.php?rest_route=%2Fwp%2Fv2%2Ftags&post=35556"}],"curies":[{"name":"wp","href":"https:\/\/api.w.org\/{rel}","templated":true}]}}