{"id":35553,"date":"2020-04-10T15:19:50","date_gmt":"2020-04-10T20:19:50","guid":{"rendered":"http:\/\/contraluzcucuta.co\/?p=35553"},"modified":"2020-04-10T15:19:50","modified_gmt":"2020-04-10T20:19:50","slug":"sermon-de-las-siete-palabras-sexta-todo-esta-consumado-todo-esta-cumplido","status":"publish","type":"post","link":"https:\/\/contraluzcucuta.co\/?p=35553","title":{"rendered":"SERM\u00d3N DE LAS SIETE PALABRAS. Sexta. \u201cTodo est\u00e1 consumado, todo est\u00e1 cumplido\u201d"},"content":{"rendered":"<p><em><strong><span style=\"color: #ff9900;\">Juan. 19, 30.<\/span><\/strong><\/em><\/p>\n<p>El fin de las horas de Jes\u00fas lo llevan a exclamar esa frase con la que le rinde cuentas al Padre. La misi\u00f3n est\u00e1 concluida en la tierra. La participaci\u00f3n en el plan de salvaci\u00f3n lleg\u00f3 hasta el final, cumpliendo con las profec\u00edas. La culminaci\u00f3n de su vida terrena est\u00e1 cerca.<\/p>\n<p>Jes\u00fas en su hora \u00faltima nos recuerda que no en vano sufri\u00f3 y padeci\u00f3 para que encontr\u00e1ramos en su sacrifico la salvaci\u00f3n de nuestra alma. El padecimiento ha superado los l\u00edmites humanos y el dolor lo vence. Sabe que el final pronto llegar\u00e1, por lo que no deja de orar, de comunicarse con el Padre para rendirle cuentas y dar su parte, el haber hecho la voluntad del Creador.<\/p>\n<p>Pasamos momentos de angustia, estamos con temores, una enfermedad ha cubierto la tierra y en algunos lugares arrasa con la vida de muchos de nuestros hermanos, especialmente ancianos, los sabios y los expertos en la familia, en el barrio, en la comunidad.\u00a0 Las noticias cada d\u00eda nos agobian con las estad\u00edsticas y dan cuenta del avance a nuevos territorios y expresan en n\u00fameros los infectados y fallecidos a causa del mismo mal para el cual no tenemos remedio.<\/p>\n<p>Nos hemos quedado en la casa para protegernos, para evitar el contagio, para huir a la muerte, para cuidarnos entre nosotros, para ser solidarios con los dem\u00e1s.\u00a0 No estamos cercanos al fin, si permanecemos unidos y con fe oramos para que este mal pronto pase, que la curaci\u00f3n definitiva llegue, que podamos volver al trabajo, a la vida normal de familia y como miembros de una colectividad.<\/p>\n<p>Hoy, de manera diferente a otros a\u00f1os, las manifestaciones masivas de fe en los templos y las procesiones no pueden darse y la Iglesia, fiel a su responsabilidad social, mantiene cerrada la casa de Dios, lo cual nos mueve a reservar momentos de oraci\u00f3n y comunicarnos con Dios para pedirle por nuestras familias, parroquias, ciudades y pa\u00eds. Por el mundo entero que vive momentos de tribulaci\u00f3n y m\u00e1s que nunca se aferra a la fe salvadora del plan trazado por Jes\u00fas y ejecutado en su vida y pasi\u00f3n.<\/p>\n<p>Nuestras oraciones en el hogar y en familia van dirigidas a Jes\u00fas para que nos proteja. No es el fin. Es el momento del reencuentro desde la fe con todos los que amamos verdaderamente. Es, tambi\u00e9n, el tiempo de pedir que esa fe nos sea acrecentada; tambi\u00e9n, la confianza en el Salvador y pedirle por los que pasan momentos de dificultades, bien sea por esta enfermedad o por las consecuencias que se derivan de la falta de empleo, de ingresos, la soledad de algunos y las carencias de otros.<\/p>\n<p>Hagamos una reflexi\u00f3n para encontrar el consuelo que necesitamos urgidos hoy en tiempos de pandemia: Jes\u00fas, en la salud alaba, en la desgracia purifica, en la enfermedad redime y en la muerte dolorosa salva. Es el Cristo presente en el hombre de hoy que experimenta el dolor, el sufrimiento y la muerte para resucitar y para nunca m\u00e1s morir.<\/p>\n<p>Con la fe que no se quiebra pasaremos esta situaci\u00f3n, porque Jes\u00fas antes de su muerte nos bendice y nos salva.<\/p>\n<p><strong>JORGE OMAR PAB\u00d3N<\/strong><\/p>\n<p><strong>M\u00e9dico nuclear<\/strong><\/p>\n","protected":false},"excerpt":{"rendered":"<p>Juan. 19, 30. El fin de las horas de Jes\u00fas lo llevan a exclamar esa frase con la que le rinde cuentas al Padre. La misi\u00f3n est\u00e1 concluida en la tierra. La participaci\u00f3n en el plan de salvaci\u00f3n lleg\u00f3 hasta el final, cumpliendo con las profec\u00edas. La culminaci\u00f3n de su vida terrena est\u00e1 cerca. Jes\u00fas &hellip;<\/p>\n","protected":false},"author":1,"featured_media":35554,"comment_status":"open","ping_status":"open","sticky":false,"template":"","format":"standard","meta":{"footnotes":""},"categories":[45],"tags":[2140,2141,281],"class_list":["post-35553","post","type-post","status-publish","format-standard","has-post-thumbnail","hentry","category-destacado","tag-sermon-de-las-siete-palabras","tag-sexta-palabra","tag-viernes-santo"],"_links":{"self":[{"href":"https:\/\/contraluzcucuta.co\/index.php?rest_route=\/wp\/v2\/posts\/35553","targetHints":{"allow":["GET"]}}],"collection":[{"href":"https:\/\/contraluzcucuta.co\/index.php?rest_route=\/wp\/v2\/posts"}],"about":[{"href":"https:\/\/contraluzcucuta.co\/index.php?rest_route=\/wp\/v2\/types\/post"}],"author":[{"embeddable":true,"href":"https:\/\/contraluzcucuta.co\/index.php?rest_route=\/wp\/v2\/users\/1"}],"replies":[{"embeddable":true,"href":"https:\/\/contraluzcucuta.co\/index.php?rest_route=%2Fwp%2Fv2%2Fcomments&post=35553"}],"version-history":[{"count":1,"href":"https:\/\/contraluzcucuta.co\/index.php?rest_route=\/wp\/v2\/posts\/35553\/revisions"}],"predecessor-version":[{"id":35555,"href":"https:\/\/contraluzcucuta.co\/index.php?rest_route=\/wp\/v2\/posts\/35553\/revisions\/35555"}],"wp:featuredmedia":[{"embeddable":true,"href":"https:\/\/contraluzcucuta.co\/index.php?rest_route=\/wp\/v2\/media\/35554"}],"wp:attachment":[{"href":"https:\/\/contraluzcucuta.co\/index.php?rest_route=%2Fwp%2Fv2%2Fmedia&parent=35553"}],"wp:term":[{"taxonomy":"category","embeddable":true,"href":"https:\/\/contraluzcucuta.co\/index.php?rest_route=%2Fwp%2Fv2%2Fcategories&post=35553"},{"taxonomy":"post_tag","embeddable":true,"href":"https:\/\/contraluzcucuta.co\/index.php?rest_route=%2Fwp%2Fv2%2Ftags&post=35553"}],"curies":[{"name":"wp","href":"https:\/\/api.w.org\/{rel}","templated":true}]}}