{"id":35458,"date":"2020-03-28T13:34:00","date_gmt":"2020-03-28T18:34:00","guid":{"rendered":"http:\/\/contraluzcucuta.co\/?p=35458"},"modified":"2020-03-28T13:34:00","modified_gmt":"2020-03-28T18:34:00","slug":"el-catatumbo-temo-que-pueda-ser-victima-de-un-crimen-de-estado-ruben-zamora","status":"publish","type":"post","link":"https:\/\/contraluzcucuta.co\/?p=35458","title":{"rendered":"EL CATATUMBO. \u201cTemo que pueda ser v\u00edctima de un crimen de Estado\u201d: Rub\u00e9n Zamora"},"content":{"rendered":"<p style=\"padding-left: 40px; text-align: right;\"><span style=\"color: #ff9900;\"><strong>C\u00daCUTA.-<\/strong> \u201cTemo que pueda ser v\u00edctima de un crimen de Estado\u201d, expres\u00f3 el ex negociador de paz de las Farc-EP, Rub\u00e9n Zamora, y explic\u00f3 que este miedo se fundamenta en su posici\u00f3n de \u201ccr\u00edtica abierta y p\u00fablica contra pol\u00edticas de este Gobierno que trivializa y burla los acuerdos de paz\u201d.<\/span><\/p>\n<p>El ex candidato a la Asamblea de Norte de Santander envi\u00f3 una carta al gobernador Silvano Serrano y al comandante de la Segunda Divisi\u00f3n del Ej\u00e9rcito, brigadier general Marcos Pinto en la que solicita replantear el tratamiento a comunidades campesinas de El Catatumbo v\u00edctimas de la erradicaci\u00f3n forzada de cultivos de uso il\u00edcito.<\/p>\n<p>\u201cUstedes saben que la poblaci\u00f3n afectada por la erradicaci\u00f3n forzada de cultivos de uso il\u00edcito en El Catatumbo son familias pobres que sufren el hist\u00f3rico abandono del Estado y que este es el mayor responsable del fortalecimiento de las econom\u00edas ilegales en el territorio\u201d.<\/p>\n<p>Zamora se\u00f1alo que los problemas de la zona no se van a resolver por medio de la fuerza, sino removiendo las causas estructurales de la pobreza y el abandono, como lo se\u00f1ala el acuerdo de paz entre el Estado colombiano y las Farc-EP.<\/p>\n<p>D\u00edas atr\u00e1s, la Segunda Divisi\u00f3n del Ej\u00e9rcito reconoci\u00f3 la muerte del campesino Alejandro Carvajal en un hecho que vincula a tropas del Batall\u00f3n de Operaciones Terrestres No. 9 de la Fuerza de Tarea Vulcano.<\/p>\n<p>Los campesinos denunciaron que el Ej\u00e9rcito, sistem\u00e1ticamente, los amenazaba con disparar si no permit\u00edan las labores de erradicaci\u00f3n forzada de cultivos de uso il\u00edcito.<\/p>\n<p>\u201cEste hecho me contagia de dolor e indignaci\u00f3n por tratarse de un campesino que naci\u00f3 en medio de los afanes de la violencia paramilitar que con total complicidad del Estado se implement\u00f3 desde el 29 de mayo 1999\u201d, sostuvo el excandidato a la Asamblea de Norte de Santander.<\/p>\n<p>Alejandro Carvajal, l\u00edder de las comunidades campesinas, deja desamparadas a la esposa y a una ni\u00f1a de meses.<\/p>\n<p>Zamora reiter\u00f3 que las comunidades campesinas han manifestado la voluntad de sustituir los cultivos de coca y que ha sido el Gobierno el que se ha negado a ofrecer formas de desarrollo alternativo que permitan recuperar la econom\u00eda campesina, familiar y comunitaria.<\/p>\n<p>\u201cEntendemos que las \u00f3rdenes del ministro de Defensa, Carlos Holmes Trujillo, y del alto mando militar son las de erradicar los cultivos y que sobre la tropa existe una fuerte exigencia de resultados, empero, es de recordar que las Fuerzas Militares tuvieron que ver con la redacci\u00f3n y aprobaci\u00f3n del Acuerdo de Paz y de ning\u00fan modo se justifica que ahora sigan replicando luctuosas experiencias del pasado\u201d, indic\u00f3.<\/p>\n<p>Dijo que lo que se construye para el bien superior de la paz no se deshace, esa misma raz\u00f3n me mantiene fiel al compromiso con la salida pol\u00edtica definitiva al conflicto social y armado.<\/p>\n<p>Rub\u00e9n Zamora agreg\u00f3 que su confianza en el acuerdo de paz radicaba en que las Fuerzas Militares participaran de principio a fin en la negociaci\u00f3n y que honrar\u00edan lo que ayudaron a construir y la palabra empe\u00f1ada. \u201cHoy, en medio de la creciente pandemia del COVID 19, vemos a unidades militares concentradas con erradicadores maltratando a comunidades campesinas en Meta, Caquet\u00e1, Putumayo y Norte de Santander implementando cosa distinta a lo que rezan los acuerdos de paz\u201d.<\/p>\n<p>Sentenci\u00f3 que esa confianza en la paz est\u00e1 diluy\u00e9ndose, m\u00e1xime a\u00fan, cuando sigue la cadena de cr\u00edmenes contra antiguos combatientes de las Farc-EP, ahora en proceso de reincorporaci\u00f3n a la vida civil. \u201cYo mismo temo que pueda ser v\u00edctima de un crimen de Estado, sobre todo, porque manifiesto mi cr\u00edtica abierta y p\u00fablica contra pol\u00edticas de este Gobierno que trivializa y burla los acuerdos de paz\u201d.<\/p>\n<p>Le solicit\u00f3 al gobernador Serrano y al general Pinto Lizarazo ayudar a amainar las tensiones y a propiciar una reuni\u00f3n con el alto gobierno para que se haga efectivo el di\u00e1logo con las comunidades campesinas de El Catatumbo para encontrar soluciones distintas a la confrontaci\u00f3n y a la erradicaci\u00f3n forzada.<\/p>\n<p>\u201cBusquemos una soluci\u00f3n razonable en el marco del Decreto 896 del 29 de mayo de 2017, por el cual se crea el Programa Nacional Integral de Sustituci\u00f3n de Cultivos de uso il\u00edcito (PNIS), el que las comunidades acogieron como alternativa constructiva y eficaz para la soluci\u00f3n al problema de la producci\u00f3n de cultivos de uso il\u00edcito\u201d.<\/p>\n<p>Concluy\u00f3 con la petici\u00f3n para que \u201cno dejemos que se desborde la violencia, la gloria es de aquellos que con sapiencia ayudan a despejar caminos plagados de incertidumbre\u201d.<\/p>\n<p>Copias del documento las remiti\u00f3 a Sistema de Naciones Unidas, Embajada de la Uni\u00f3n Europea en Colombia, Comisi\u00f3n de Paz del Congreso de la Rep\u00fablica, Procuradur\u00eda General de la Naci\u00f3n, Defensor\u00eda del Pueblo y organizaciones sociales.<\/p>\n","protected":false},"excerpt":{"rendered":"<p>C\u00daCUTA.- \u201cTemo que pueda ser v\u00edctima de un crimen de Estado\u201d, expres\u00f3 el ex negociador de paz de las Farc-EP, Rub\u00e9n Zamora, y explic\u00f3 que este miedo se fundamenta en su posici\u00f3n de \u201ccr\u00edtica abierta y p\u00fablica contra pol\u00edticas de este Gobierno que trivializa y burla los acuerdos de paz\u201d. El ex candidato a la &hellip;<\/p>\n","protected":false},"author":1,"featured_media":35459,"comment_status":"open","ping_status":"open","sticky":false,"template":"","format":"standard","meta":{"footnotes":""},"categories":[11,4],"tags":[4852,2194,246,3800,4748,3870],"class_list":["post-35458","post","type-post","status-publish","format-standard","has-post-thumbnail","hentry","category-cronica-roja","category-barra","tag-brigadier-general-marcos-pinto","tag-cultivos-ilicitos","tag-el-catatumbo","tag-erradicacion-de-cultivos","tag-gobernador-silvano-serrano","tag-ruben-zamora"],"_links":{"self":[{"href":"https:\/\/contraluzcucuta.co\/index.php?rest_route=\/wp\/v2\/posts\/35458","targetHints":{"allow":["GET"]}}],"collection":[{"href":"https:\/\/contraluzcucuta.co\/index.php?rest_route=\/wp\/v2\/posts"}],"about":[{"href":"https:\/\/contraluzcucuta.co\/index.php?rest_route=\/wp\/v2\/types\/post"}],"author":[{"embeddable":true,"href":"https:\/\/contraluzcucuta.co\/index.php?rest_route=\/wp\/v2\/users\/1"}],"replies":[{"embeddable":true,"href":"https:\/\/contraluzcucuta.co\/index.php?rest_route=%2Fwp%2Fv2%2Fcomments&post=35458"}],"version-history":[{"count":1,"href":"https:\/\/contraluzcucuta.co\/index.php?rest_route=\/wp\/v2\/posts\/35458\/revisions"}],"predecessor-version":[{"id":35460,"href":"https:\/\/contraluzcucuta.co\/index.php?rest_route=\/wp\/v2\/posts\/35458\/revisions\/35460"}],"wp:featuredmedia":[{"embeddable":true,"href":"https:\/\/contraluzcucuta.co\/index.php?rest_route=\/wp\/v2\/media\/35459"}],"wp:attachment":[{"href":"https:\/\/contraluzcucuta.co\/index.php?rest_route=%2Fwp%2Fv2%2Fmedia&parent=35458"}],"wp:term":[{"taxonomy":"category","embeddable":true,"href":"https:\/\/contraluzcucuta.co\/index.php?rest_route=%2Fwp%2Fv2%2Fcategories&post=35458"},{"taxonomy":"post_tag","embeddable":true,"href":"https:\/\/contraluzcucuta.co\/index.php?rest_route=%2Fwp%2Fv2%2Ftags&post=35458"}],"curies":[{"name":"wp","href":"https:\/\/api.w.org\/{rel}","templated":true}]}}