{"id":35433,"date":"2020-03-23T17:50:39","date_gmt":"2020-03-23T22:50:39","guid":{"rendered":"http:\/\/contraluzcucuta.co\/?p=35433"},"modified":"2020-03-23T17:50:39","modified_gmt":"2020-03-23T22:50:39","slug":"carta-al-gobernador-y-alcaldes-el-panorama-de-norte-de-santander-es-devastador","status":"publish","type":"post","link":"https:\/\/contraluzcucuta.co\/?p=35433","title":{"rendered":"CARTA AL GOBERNADOR Y ALCALDES. El panorama de Norte de Santander es devastador"},"content":{"rendered":"<p style=\"text-align: left;\"><span style=\"color: #ff9900;\"><strong>Se\u00f1or (s):<\/strong><\/span><\/p>\n<p style=\"text-align: left;\"><span style=\"color: #ff9900;\"><strong>Silvano Serrano<\/strong><\/span><\/p>\n<p style=\"text-align: left;\"><span style=\"color: #ff9900;\"><strong>Jairo Ya\u00f1ez <\/strong><\/span><\/p>\n<p style=\"text-align: left;\"><span style=\"color: #ff9900;\"><strong>Eugenio Rangel <\/strong><\/span><\/p>\n<p style=\"text-align: left;\"><span style=\"color: #ff9900;\"><strong>La Ciudad<\/strong><\/span><\/p>\n<p style=\"padding-left: 40px; text-align: right;\"><span style=\"color: #ff9900;\"><strong>\u00a0<\/strong><\/span><\/p>\n<p><strong>Se\u00f1or Gobernador y alcaldes de C\u00facuta y Villa del Rosario.<\/strong><\/p>\n<p><strong>\u00a0<\/strong><\/p>\n<p>La obligaci\u00f3n de quien asume un cargo y m\u00e1s cuando se trata de dignidades provenientes de la voluntad popular por medio del voto, implica la responsabilidad de cumplir lo que ofrecieron para convencer a quienes votaron por ellos y por el otro de solucionar o al menos confrontar los problemas preexistentes a su posesi\u00f3n y los que surjan en su mandato, ya sean ocasionados por causas ex\u00f3genas o por la omisi\u00f3n o acci\u00f3n equivocada de sus decisiones.<\/p>\n<p>Hoy el panorama de Norte de Santander con \u00e9nfasis en el \u00c1rea Metropolitana de C\u00facuta es devastador:<\/p>\n<p>1.- El problema fronterizo que solo se incrementa en el descontrol, ilegalidad y peligro para la convivencia y el pac\u00edfico ejercicio de la ciudadan\u00eda<\/p>\n<p>2.- Porque fue un error no solicitar el cierre de la frontera no solo la formal sino la de las trochas, para contener el Coronavirus, que sale y entra con cada persona que lo porta sin saberlo en la inmensa mayor\u00eda de los casos, pero que propaga la terrible pandemia<\/p>\n<p>3.- Callar al hecho palpable de que a\u00fan despu\u00e9s del cierre ordenado por el Gobierno para que se act\u00fae en el control de las trochas en especial las que operan a lo largo y ancho del l\u00edmite entre Villa del Rosario, C\u00facuta y Puerto Santander.<\/p>\n<p>Fundamentalmente, para esto se debe presionar a fin de lograr un entendimiento m\u00ednimo con las autoridades de Venezuela.<\/p>\n<p>No seguir siendo pasivos con el desabastecimiento continuo de alimentos y de elementos de aseo e higiene en el departamento, solo para que algunos colmen su avaricia comercial y crezcan las utilidades sin pensar en la suerte de sus conciudadanos.<\/p>\n<p>Ahora, decretar el aislamiento (decisi\u00f3n tomada luego de los anuncios de otros mandatarios locales) sin tener en cuenta que el AMC tiene el desempleo m\u00e1s alto del pa\u00eds y de la misma forma la informalidad laboral evidencia que much\u00edsimos cucute\u00f1os tienen escasamente c\u00f3mo sobrellevar estos tres d\u00edas, pero muy poco probable que puedan solventar\u00a0\u00a0 los pr\u00f3ximos 19 d\u00edas que arrancan el martes a la media noche.<\/p>\n<p>Otro elemento que es realmente impactante,\u00a0 es el silencio frente al necesario aplazamiento del cobro de servicios p\u00fablicos mientras esta pandemia persista, el alivio tributario al menos municipal y departamental por el mismo periodo de tiempo y la solicitud al Gobierno para que haga lo mismo con los cr\u00e9ditos de todo tipo que tengan los nortesantandereanos al igual que el impuesto de renta y el IVA a insumos m\u00e9dicos y alimentos, a\u00fan aquellos que no est\u00e1n en la canasta familiar sin ser suntuosos.<\/p>\n<p>Miren lo que han hecho otros pa\u00edses para salvaguardar la capacidad de compra y estabilidad de las empresas, grandes y peque\u00f1as. No hay que ser expertos solo buenos e inquietos lectores.<\/p>\n<p>Por \u00faltimo, les ruego no hacer caso omiso de la intervenci\u00f3n militar que he solicitado hace casi 10 d\u00edas en La Parada, la cual es una bomba de tiempo de necesidades y de actores ilegales y que puede terminar en una tragedia inimaginable. Si se presentaron y ganaron asuman el compromiso sin temor y con sensibilidad social, son ustedes quienes tienen que navegar y direccionar el tim\u00f3n del barco en medio de la tempestad.<\/p>\n<p>Dios ha hecho su parte, que es mantenernos en orden y realmente tener un numero bajo de infectados en medio de la pobreza, y mantener la cordura en estos primeros d\u00edas, pero no abusen de la suerte, p\u00f3nganse de inmediato a tomar medidas urgentes, est\u00e1 en juego la vida de miles de compatriotas con un efecto colateral. Lo que pase aqu\u00ed afecta el otro lado de los puentes internacionales y viceversa.\u00a0 Dios siga protegiendo a Norte de Santander.<\/p>\n<ol>\n<li><em> Recuerdo la cantidad de mercados que muchos pol\u00edticos repart\u00edan en elecciones para comprar votos y por los que terminaron votando los ilusos e ingenuos.<\/em><\/li>\n<\/ol>\n<p><strong>JOS\u00c9 FERNANDO BAUTISTA<\/strong><\/p>\n<p><strong>Ex alcalde de C\u00facuta<\/strong><\/p>\n","protected":false},"excerpt":{"rendered":"<p>Se\u00f1or (s): Silvano Serrano Jairo Ya\u00f1ez Eugenio Rangel La Ciudad \u00a0 Se\u00f1or Gobernador y alcaldes de C\u00facuta y Villa del Rosario. \u00a0 La obligaci\u00f3n de quien asume un cargo y m\u00e1s cuando se trata de dignidades provenientes de la voluntad popular por medio del voto, implica la responsabilidad de cumplir lo que ofrecieron para convencer &hellip;<\/p>\n","protected":false},"author":1,"featured_media":35434,"comment_status":"open","ping_status":"open","sticky":false,"template":"","format":"standard","meta":{"footnotes":""},"categories":[14,4846,4],"tags":[4168,4748,1792],"class_list":["post-35433","post","type-post","status-publish","format-standard","has-post-thumbnail","hentry","category-articulistas","category-carta-a","category-barra","tag-carta-a","tag-gobernador-silvano-serrano","tag-jose-fernando-bautista"],"_links":{"self":[{"href":"https:\/\/contraluzcucuta.co\/index.php?rest_route=\/wp\/v2\/posts\/35433","targetHints":{"allow":["GET"]}}],"collection":[{"href":"https:\/\/contraluzcucuta.co\/index.php?rest_route=\/wp\/v2\/posts"}],"about":[{"href":"https:\/\/contraluzcucuta.co\/index.php?rest_route=\/wp\/v2\/types\/post"}],"author":[{"embeddable":true,"href":"https:\/\/contraluzcucuta.co\/index.php?rest_route=\/wp\/v2\/users\/1"}],"replies":[{"embeddable":true,"href":"https:\/\/contraluzcucuta.co\/index.php?rest_route=%2Fwp%2Fv2%2Fcomments&post=35433"}],"version-history":[{"count":1,"href":"https:\/\/contraluzcucuta.co\/index.php?rest_route=\/wp\/v2\/posts\/35433\/revisions"}],"predecessor-version":[{"id":35435,"href":"https:\/\/contraluzcucuta.co\/index.php?rest_route=\/wp\/v2\/posts\/35433\/revisions\/35435"}],"wp:featuredmedia":[{"embeddable":true,"href":"https:\/\/contraluzcucuta.co\/index.php?rest_route=\/wp\/v2\/media\/35434"}],"wp:attachment":[{"href":"https:\/\/contraluzcucuta.co\/index.php?rest_route=%2Fwp%2Fv2%2Fmedia&parent=35433"}],"wp:term":[{"taxonomy":"category","embeddable":true,"href":"https:\/\/contraluzcucuta.co\/index.php?rest_route=%2Fwp%2Fv2%2Fcategories&post=35433"},{"taxonomy":"post_tag","embeddable":true,"href":"https:\/\/contraluzcucuta.co\/index.php?rest_route=%2Fwp%2Fv2%2Ftags&post=35433"}],"curies":[{"name":"wp","href":"https:\/\/api.w.org\/{rel}","templated":true}]}}