{"id":35424,"date":"2020-03-22T19:07:30","date_gmt":"2020-03-23T00:07:30","guid":{"rendered":"http:\/\/contraluzcucuta.co\/?p=35424"},"modified":"2020-03-22T19:11:31","modified_gmt":"2020-03-23T00:11:31","slug":"mano-a-mano-con-jorge-artigas-no-pierdas-nunca-las-ansias-de-ganar-y-triunfaras","status":"publish","type":"post","link":"https:\/\/contraluzcucuta.co\/?p=35424","title":{"rendered":"MANO A MANO CON JORGE ARTIGAS. No pierdas nunca las ansias de ganar y triunfar\u00e1s"},"content":{"rendered":"<p style=\"padding-left: 40px; text-align: right;\"><span style=\"color: #ff9900;\"><strong>C\u00daCUTA.-<\/strong> Regres\u00f3 a Colombia, pero esta vez como director t\u00e9cnico. Jorge Artigas es el encargado de manejar las riendas del C\u00facuta Deportivo para lo que resta del 2020. Habl\u00f3 sobre la carrera como futbolista y las vivencias por el mundo, desde el debut en Uruguay hasta c\u00f3mo fue adaptarse a otra cultura, quitar estereotipos del latinoamericano y una que otra costumbre charr\u00faa.<\/span><\/p>\n<p><strong>\u00bfQui\u00e9n es Jorge Artigas?<\/strong><\/p>\n<ul>\n<li><em>Nac\u00ed en Buenos Aires (Argentina), pero me considero uruguayo, porque desde chiquito viv\u00ed en ese pa\u00eds. Mis pap\u00e1s son uruguayos, toda mi familia, mi f\u00fatbol, mi escuela. Me gusta aclararlo, no puedes cambiar tu lugar de nacimiento, pero la naci\u00f3n que siento, de donde soy parte y la cultura con la que me identific\u00f3 es de Uruguay.<\/em><\/li>\n<\/ul>\n<p><strong>\u00bfQu\u00e9 recuerda de su infancia?<\/strong><\/p>\n<ul>\n<li><em>Fue una infancia linda, con mucho juego de pelota. Mucha calle, muchos amigos de barrio, en la escuela, con mis hermanos. Lo que m\u00e1s recuerdo es pasar el d\u00eda afuera, jug\u00e1bamos mucho. Nuestro gimnasio eran los \u00e1rboles y nuestra cancha era cualquier pedazo de tierra o la carretera.<\/em><\/li>\n<\/ul>\n<p><strong>\u00bfEn qu\u00e9 momento empez\u00f3 su romance con el f\u00fatbol hasta convertirlo en profesi\u00f3n? <\/strong><\/p>\n<ul>\n<li><em>No tengo uso de raz\u00f3n desde que me gusta la pelota. Me cuentan mis padres que cuando era chiquito ve\u00eda algo redondo y lo quer\u00eda patear. <\/em><\/li>\n<\/ul>\n<p><strong>\u00bfTuvo dificultades econ\u00f3micas para iniciar en el f\u00fatbol?<\/strong><\/p>\n<ul>\n<li><em> Sal\u00ed de un equipo humilde, Cerro; tambi\u00e9n es el barrio donde vivo. Me siento orgulloso de pertenecer a un barrio muy humilde y emblem\u00e1tico de Montevideo. Tuve la fortuna de firmar un contrato profesional. Fui cartero, hice ferias, vend\u00edamos juguetes con los compa\u00f1eros a fin de a\u00f1o, trabaj\u00e9 en un taller mec\u00e1nico y eso me form\u00f3, me hizo m\u00e1s fuerte. Luego disfruta, cuando le llegan las cosas buenas. <\/em><\/li>\n<\/ul>\n<p><strong>\u00bfQu\u00e9 recuerda de su debut como futbolista profesional?<\/strong><\/p>\n<ul>\n<li><em>En ese momento jugaba el engache Henry Homann, era argentino, jugaba para Cerro y me avisan dos d\u00edas antes que voy al banco. No dorm\u00ed esa noche, me hab\u00edan golpeado en las juveniles y el dolor ni lo sent\u00eda. Lo m\u00e1s lindo fue que jugu\u00e9 con Homman, entr\u00e9 y \u00e9l estaba en cancha, me daba la pelota, proporcionaba tranquilidad en m\u00ed y si antes lo admiraba, ese d\u00eda lo hice m\u00e1s, parec\u00eda que hab\u00eda jugado toda la vida con \u00e9l.<\/em><\/li>\n<\/ul>\n<p><strong>\u00bfC\u00f3mo llega al Universitario de Deportes en Per\u00fa?<\/strong><\/p>\n<ul>\n<li><em>Para m\u00ed es el m\u00e1s grande del Per\u00fa. Independiente de que haya jugado all\u00e1, era un club que disputaba la Copa Libertadores y buscaban un volante con mis caracter\u00edsticas. El futbol peruano me sorprendi\u00f3 gratamente. Fue una \u00e9poca linda, estuve seis meses ah\u00ed, hice una buena Libertadores, se abre la puerta del f\u00fatbol colombiano y llego al Tolima. <\/em><\/li>\n<\/ul>\n<p><strong>\u00bfC\u00f3mo llega y que recuerda de su paso por el Deportes Tolima?<\/strong><\/p>\n<ul>\n<li><em>Me llama directo la gente del Tolima, hab\u00eda comenzado el torneo y el Tolima no hab\u00eda ganado. Llegu\u00e9 a Ibagu\u00e9 y conseguimos la primera estrella. En mi carrera me toc\u00f3 salir campe\u00f3n cuatro veces, conozco jugadores de prestigio que nunca lo hicieron y a m\u00ed en esos a\u00f1os me toc\u00f3 salir, porque era un grupo que no le entraba nada y sal\u00eda a ganar. <\/em><\/li>\n<\/ul>\n<p><strong>\u00bfQu\u00e9 amigos le quedaron de aquel Deportes Tolima?<\/strong><\/p>\n<ul>\n<li><em>Tengo la fortuna de contar con uno ac\u00e1 en C\u00facuta que es Giovanni Garc\u00eda, despu\u00e9s Hernando \u2018Cocho\u2019 Pati\u00f1o, Ricardo Ciciliano, Arley Dinas, Freddy Hurtado, Oscar Passos, ten\u00eda que nombrar a todo el equipo, estaba Yulian Anchico en ese momento. <\/em><\/li>\n<\/ul>\n<p><strong>\u00bfC\u00f3mo lleg\u00f3 a Danubio?<\/strong><\/p>\n<ul>\n<li><em>Me llev\u00f3 Gerardo Pelusso. Cuando se enter\u00f3 que salgo campe\u00f3n con Tolima y se me hab\u00eda acabado el contrato, se pone en contacto conmigo. Danubio para ese momento hab\u00eda perdido dos finales consecutivas. Yo ven\u00eda de salir campe\u00f3n en Colombia. Me invit\u00f3 a Danubio con un gran plantel, grandes jugadores y la consigna era salir campe\u00f3n. El grupo se fortaleci\u00f3 y ganamos el campeonato con ventaja.<\/em><\/li>\n<\/ul>\n<p><strong>\u00bfC\u00f3mo lleg\u00f3 a Tijuana en M\u00e9xico?<\/strong><\/p>\n<ul>\n<li><em>Siempre hay alguien que te mira y el jugador uruguayo es dif\u00edcil de que salga si no es por un grande o porque tengas muchos t\u00edtulos. Cuando lleg\u00f3 la posibilidad de ir a Tijuana, no lo pens\u00e9 dos veces, era una diferencia grande, hab\u00eda que aprovechar el momento. Mi familia, mi esposa que siempre me acompa\u00f1an me ayudaron en la decisi\u00f3n. <\/em><\/li>\n<\/ul>\n<p><strong>\u00bfQu\u00e9 recuerda de su paso en Brasil con Botafogo?<\/strong><\/p>\n<ul>\n<li><em>Botafogo me contrat\u00f3 como una de las figuras y hab\u00eda tenido una lesi\u00f3n en Tijuana que no me hab\u00eda recuperado bien, fue un desgarro en el cu\u00e1driceps. Jugu\u00e9 un partido, salimos campe\u00f3n del Carioca, cuando pasa eso el m\u00e9dico me sugiere una operaci\u00f3n. Cuando traes a un jugador como soluci\u00f3n y no juega, entend\u00ed que no pod\u00eda cobrar lo que me ganaba, pero si una ayuda para mantenerme. Pasaron los seis meses para ir luego de pr\u00e9stamo a un equipo con el fin de agarrar ritmo que fue Ava\u00ed.<\/em><\/li>\n<\/ul>\n<p><strong>\u00bfQu\u00e9 recuerda de su llegada a Ava\u00ed?<\/strong><\/p>\n<ul>\n<li><em>En Ava\u00ed siento que volv\u00ed a iniciar con mi carrera, porque luego de la lesi\u00f3n no era el mismo, nunca hab\u00eda tenido lesi\u00f3n tan fuerte y fue el equipo brasile\u00f1o que me ayudo a tomar confianza, retomar el ritmo, pod\u00eda pegarle al bal\u00f3n sin pensar en el dolor. <\/em><\/li>\n<\/ul>\n<p><strong>Cu\u00e1ndo existe este tipo de lesiones \u00bfcu\u00e1les la mejor forma de reiniciar?<\/strong><\/p>\n<ul>\n<li><em>Con mucho trabajo, hacer lo que te mandan, cuando uno no est\u00e1 en la cancha lo que siente es el ritmo. Fueron tres meses de doble horario. Esa era la forma correcta, cada cosa que me dec\u00edan lo aplicaba as\u00ed que eso fue una ayuda para retornar. <\/em><\/li>\n<\/ul>\n<p><strong>\u00bfPor qu\u00e9 regres\u00f3 a Cerro en el 2007?<\/strong><\/p>\n<ul>\n<li><em>Cerro subi\u00f3, en el 2007, a primera divisi\u00f3n y el t\u00e9cnico que ascendi\u00f3 tambi\u00e9n estuvo conmigo, Jorge Gonz\u00e1lez. Con todo lo que hab\u00eda vivido sent\u00eda que ten\u00eda c\u00f3mo regresar a un club que me form\u00f3, por ser del barrio. Me qued\u00e9 durante seis meses.<\/em><\/li>\n<\/ul>\n<p><strong>\u00bfPor qu\u00e9 lleg\u00f3 al Al- Ahli de Emiratos \u00c1rabes?<\/strong><\/p>\n<ul>\n<li><em>Ten\u00eda m\u00e1s de 30 a\u00f1os y lo que esperaba era tener experiencia. Con ese objetivo fui y me encontr\u00e9 con un f\u00fatbol raro, una cultura diferente. Me hicieron crecer mucho. Los viajes, conocer mucha gente, conocer pa\u00edses a uno lo hace evolucionar a nivel personal.<\/em><\/li>\n<\/ul>\n<p><strong>\u00bfQu\u00e9 fue lo m\u00e1s dif\u00edcil de adaptarse a la cultura \u00e1rabe?<\/strong><\/p>\n<ul>\n<li><em>Sinceramente nada me pareci\u00f3 dif\u00edcil. El invitado soy yo, y el que se deb\u00eda adaptar era yo. Es igual que en Colombia, vine y tengo que analizar c\u00f3mo son ustedes, a pesar de ser latinos y tener cosas en com\u00fan, hay otros aspectos de \u00e9tica y respeto que debe conocer y aprender a tolerar para comprender, desde el saludo, como dirigirte a ellas, etc\u00e9tera.<\/em><\/li>\n<\/ul>\n<p><strong>\u00bfQu\u00e9 recuerda de su paso por Om\u00e1n?<\/strong><\/p>\n<ul>\n<li><em>Es un pa\u00eds que limita con Emiratos, jugu\u00e9 en un club popular y se disputaba la copa del Golfo y me invitaron a jugar, a m\u00ed me gustaba disputar ese torneo, esa competici\u00f3n se jug\u00f3 en Arabia, hicimos pretemporada en Siria. Lo que m\u00e1s me traje de Medio Oriente son mis experiencias, viv\u00ed cosas que nunca me imagin\u00e9, as\u00ed fuera por cultura, por costumbre, me abrieron la mente y me ense\u00f1aron a valorar m\u00e1s lo que tienes.<\/em><\/li>\n<\/ul>\n<p><strong>\u00bfCu\u00e1l es la an\u00e9cdota m\u00e1s sorprendente?<\/strong><\/p>\n<ul>\n<li><em>Cuando me devolv\u00ed para Uruguay, le ped\u00ed al equipo donde estaba, a su presidente, que me quer\u00eda ir. Nos hab\u00edan eliminado del torneo y extra\u00f1aba a mi familia. Para esto ten\u00eda que pasar una noche en Mascate (capital de Om\u00e1n), cuando sal\u00ed del aeropuerto le pregunt\u00e9 a un polic\u00eda d\u00f3nde hab\u00eda un hotel cerca, me reconoce, no le sal\u00eda mi apellido Artigas, me dec\u00eda Ortegas. Me dijo el nombre del club, y me dijo: \u201cNunca vamos a tener un jugador como vos, hoy te quedas en mi casa\u201d. Le respond\u00ed: No, gracias. Me dijo que de ninguna manera me va a llevar a un hotel, que en su casa me sentir\u00e9 mejor. Estaba con sus amigos y celebraban el Ramdam, en ese momento desde el primer rezo a las 7:00 de la ma\u00f1ana hasta que se acabara el tiempo no pod\u00eda comer. <\/em><\/li>\n<\/ul>\n<p><strong>\u00bfC\u00f3mo llega a Intigas en Per\u00fa?<\/strong><\/p>\n<ul>\n<li><em>En Per\u00fa me hab\u00eda ido muy bien con Universitario, las puertas hab\u00edan quedado abiertas, necesitaba regresar a Sudam\u00e9rica, porque en Medio Oriente me perd\u00ed de mucho. Estaba desorientado, desactualizado y no hab\u00eda herramientas como hoy. Necesitaba volver, as\u00ed que Intigas, de Ayacucho, me abri\u00f3 las puertas. Hicimos una campa\u00f1a inesperada, debutaron en primera divisi\u00f3n, nos metimos en Copa y fue bonito aportar ah\u00ed. <\/em><\/li>\n<\/ul>\n<p><strong>\u00bfQu\u00e9 recuerda de su paso por Am\u00e9rica de Cali?<\/strong><\/p>\n<ul>\n<li><em>La verdad pase cosas lindas ah\u00ed. Hasta hoy, tengo buena amistad. Me llaman muchos de mis compa\u00f1eros. El \u00fanico sin sabor que me qued\u00f3 fue no haber disputado la promoci\u00f3n y los playoffs para clasificar. <\/em><\/li>\n<\/ul>\n<p><strong>\u00bfSufri\u00f3 por ese descenso del Am\u00e9rica?<\/strong><\/p>\n<ul>\n<li><em> Era algo que no se esperaba. Nos toc\u00f3 vivirlo, estar ah\u00ed, no pudimos ayudar desde donde correspond\u00eda, pero bueno son cosas del f\u00fatbol y lo que no mata, te fortalece. <\/em><\/li>\n<\/ul>\n<p><strong>\u00bfQu\u00e9 diferencia hay entre la hinchada del Tolima y Am\u00e9rica?<\/strong><\/p>\n<ul>\n<li><em>Mucha, porque en el Tolima cuando gana te acompa\u00f1a, pero no es tanta la gente como con Am\u00e9rica. El tolimense sabe y no se enoja por eso, tengo un cari\u00f1o inmenso por Tolima, lo saben. La hinchada del Am\u00e9rica es grande, fuimos a jugar en Per\u00fa y estaban los hinchas, llenaban una tribuna. Es as\u00ed, hay hinchada de Am\u00e9rica en todo lado.<\/em><\/li>\n<\/ul>\n<p><strong>\u00bfEn una palabra defina la hinchada del Am\u00e9rica?<\/strong><\/p>\n<ul>\n<li><em>Espectacular.<\/em><\/li>\n<\/ul>\n<p><strong>\u00bfPor qu\u00e9 lleg\u00f3 a Central Espa\u00f1ol, en Uruguay?<\/strong><\/p>\n<ul>\n<li><em>Cuando me lesion\u00e9 en Am\u00e9rica, tuve problemas porque nadie me respondi\u00f3. Fue el 27 de noviembre mi dolencia y el 14 de diciembre me lleg\u00f3 la no renovaci\u00f3n del contrato. Central Espa\u00f1ol me abri\u00f3 las puertas a pesar de tener 36 a\u00f1os y me qued\u00e9 jugando en la B a\u00f1o y medio. A mitad del 2015 me retir\u00e9, porque estaba preparado para ser DT. Mientras me recuperaba hice el curso y me dieron la posibilidad.<\/em><\/li>\n<\/ul>\n<p><strong>\u00bfLe doli\u00f3 retirarse como lo hizo o hubiera preferido de otra manera?<\/strong><\/p>\n<ul>\n<li><em>No, para nada. Lo ten\u00eda planteado y me sent\u00eda entrenador. El \u00faltimo a\u00f1o, a pesar de que respetaba al entrenador, practicaba con los entrenamientos, dirig\u00ed en alg\u00fan momento a mis compa\u00f1eros. Tuve 20 a\u00f1os de carrera interrumpida y el \u00fanico sue\u00f1o que me falt\u00f3 fue jugar para la selecci\u00f3n uruguaya.<\/em><\/li>\n<\/ul>\n<p><strong>\u00bfQu\u00e9 sue\u00f1os le faltaron por cumplir?<\/strong><\/p>\n<ul>\n<li><em>Como futbolista, vestir los colores de la Selecci\u00f3n Uruguaya. Como entrenador lo puedo hacer y mi sue\u00f1o actual es ser campe\u00f3n con el C\u00facuta Deportivo.<\/em><\/li>\n<\/ul>\n<p><strong>\u00bfC\u00f3mo llega al C\u00facuta Deportivo?<\/strong><\/p>\n<ul>\n<li><em>Se comunicaron conmigo despu\u00e9s de perder el cuarto partido, contra Alianza Petrolera. Hab\u00eda sido sondeado el a\u00f1o pasado y no se dio. A principio de a\u00f1o tuvimos conversaciones. Cuando pasa lo de Petrolera fue algo m\u00e1s directo. Viaj\u00e9 a Bogot\u00e1 para que me conocieran y charlar. Esa reuni\u00f3n fue clave y ah\u00ed me empiezo a acomodar para conocer lo interno del club.<\/em><\/li>\n<\/ul>\n<p><strong>\u00bfQu\u00e9 lo motivo a decir si al proyecto?<\/strong><\/p>\n<ul>\n<li><em>Me encanta el f\u00fatbol colombiano. La mejor experiencia la viv\u00ed ac\u00e1. La gente me hace ver como si estuviera en casa, no extra\u00f1o nada. La posibilidad de dirigir a un equipo como C\u00facuta, es una oportunidad para m\u00ed al igual que al club, porque la idea es hacerlo protagonista del rentado colombiano.<\/em><\/li>\n<\/ul>\n<p><strong>\u00bfQu\u00e9 opina de los juveniles del club?<\/strong><\/p>\n<ul>\n<li><em>Me llev\u00e9 una buena impresi\u00f3n. Hoy, son importantes para levantar el nivel del club. No soy de mirar mucho la cedula. Si me lo demuestras en la cancha, tendr\u00e1s tu lugar, pero si el juvenil pide pista y me demuestra que est\u00e1 mejor, pues le va tocar al compa\u00f1ero lucharla y estar bien en todos sus sentidos.<\/em><\/li>\n<\/ul>\n<p><strong>\u00bfJugador con el que se siente identificado ac\u00e1 en el plantel?<\/strong><\/p>\n<ul>\n<li><em>Con todos, pero me veo con Auli Oliveros y Mat\u00edas Rodr\u00edguez, me recuerdan mucho mi carrera. <\/em><\/li>\n<\/ul>\n<p><strong>\u00bfC\u00f3mo se hace el mate uruguayo?<\/strong><\/p>\n<ul>\n<li><em>Se pone en el recipiente la yerba, se sacude para que salga el polvillo, se deja un espacio para poner la bombilla antes, agua fr\u00eda para que se hinche. El primer mate no se toma, se tira y a partir del sabor se lleva de acuerdo con el horario.<\/em><\/li>\n<\/ul>\n<p><strong>\u00bfEl mejor amigo colombiano que le regal\u00f3 el f\u00fatbol?<\/strong><\/p>\n<ul>\n<li><em>Tengo muchos, pero me quedo con Del Castillo y Giovanni Garc\u00eda. <\/em><\/li>\n<\/ul>\n<p><strong>\u00bfC\u00f3mo podemos describir a Jorge Artigas?<\/strong><\/p>\n<ul>\n<li><em>Soy humilde, creo firmemente en que uno obtiene lo que se merece y por eso trabaja para eso.<\/em><\/li>\n<\/ul>\n<p><strong>JORDY ORLANDO CRUZ.<\/strong><\/p>\n<p>&nbsp;<\/p>\n","protected":false},"excerpt":{"rendered":"<p>C\u00daCUTA.- Regres\u00f3 a Colombia, pero esta vez como director t\u00e9cnico. Jorge Artigas es el encargado de manejar las riendas del C\u00facuta Deportivo para lo que resta del 2020. Habl\u00f3 sobre la carrera como futbolista y las vivencias por el mundo, desde el debut en Uruguay hasta c\u00f3mo fue adaptarse a otra cultura, quitar estereotipos del &hellip;<\/p>\n","protected":false},"author":1,"featured_media":35425,"comment_status":"open","ping_status":"open","sticky":false,"template":"","format":"standard","meta":{"footnotes":""},"categories":[4,28],"tags":[4753,4844],"class_list":["post-35424","post","type-post","status-publish","format-standard","has-post-thumbnail","hentry","category-barra","category-vistazo-deportivo","tag-cucuta-deportivo-2020","tag-jorge-artigas"],"_links":{"self":[{"href":"https:\/\/contraluzcucuta.co\/index.php?rest_route=\/wp\/v2\/posts\/35424","targetHints":{"allow":["GET"]}}],"collection":[{"href":"https:\/\/contraluzcucuta.co\/index.php?rest_route=\/wp\/v2\/posts"}],"about":[{"href":"https:\/\/contraluzcucuta.co\/index.php?rest_route=\/wp\/v2\/types\/post"}],"author":[{"embeddable":true,"href":"https:\/\/contraluzcucuta.co\/index.php?rest_route=\/wp\/v2\/users\/1"}],"replies":[{"embeddable":true,"href":"https:\/\/contraluzcucuta.co\/index.php?rest_route=%2Fwp%2Fv2%2Fcomments&post=35424"}],"version-history":[{"count":3,"href":"https:\/\/contraluzcucuta.co\/index.php?rest_route=\/wp\/v2\/posts\/35424\/revisions"}],"predecessor-version":[{"id":35428,"href":"https:\/\/contraluzcucuta.co\/index.php?rest_route=\/wp\/v2\/posts\/35424\/revisions\/35428"}],"wp:featuredmedia":[{"embeddable":true,"href":"https:\/\/contraluzcucuta.co\/index.php?rest_route=\/wp\/v2\/media\/35425"}],"wp:attachment":[{"href":"https:\/\/contraluzcucuta.co\/index.php?rest_route=%2Fwp%2Fv2%2Fmedia&parent=35424"}],"wp:term":[{"taxonomy":"category","embeddable":true,"href":"https:\/\/contraluzcucuta.co\/index.php?rest_route=%2Fwp%2Fv2%2Fcategories&post=35424"},{"taxonomy":"post_tag","embeddable":true,"href":"https:\/\/contraluzcucuta.co\/index.php?rest_route=%2Fwp%2Fv2%2Ftags&post=35424"}],"curies":[{"name":"wp","href":"https:\/\/api.w.org\/{rel}","templated":true}]}}