{"id":35402,"date":"2020-03-20T13:00:21","date_gmt":"2020-03-20T18:00:21","guid":{"rendered":"http:\/\/contraluzcucuta.co\/?p=35402"},"modified":"2020-03-20T13:00:21","modified_gmt":"2020-03-20T18:00:21","slug":"tema-del-dia-encerrona-para-menores-de-18-y-mayores-de-60-anos-el-alcalde-yanez-como-gobernara","status":"publish","type":"post","link":"https:\/\/contraluzcucuta.co\/?p=35402","title":{"rendered":"TEMA DEL D\u00cdA. Encerrona para menores de 18 y mayores de 60 a\u00f1os.\u00bfEl alcalde Y\u00e1\u00f1ez c\u00f3mo gobernar\u00e1?"},"content":{"rendered":"<p style=\"padding-left: 40px; text-align: right;\"><span style=\"color: #ff9900;\"><strong>C\u00daCUTA.-<\/strong> La crisis generada por el coronavirus y el peligro de propagaci\u00f3n en la ciudad, llevaron al alcalde Jairo Y\u00e1\u00f1ez a tomar medidas que permitan detener el avance de la enfermedad. Algunas de estas acciones pueden resultar impopulares, pero para otros son las necesarias.<\/span><\/p>\n<p>La revista <a href=\"http:\/\/www.contraluzcucuta.co\">www.contraluzcucuta.co<\/a> plante\u00f3 la situaci\u00f3n de la ciudad, teniendo en cuenta los rangos de edad para los que se dirige la restricci\u00f3n de circulaci\u00f3n. Y la pregunta al respecto es \u00bfEl alcalde Y\u00e1\u00f1ez c\u00f3mo gobernar\u00e1? Estos son algunos de los comentarios.<\/p>\n<p><strong>1.- Anderson Said Donado Garc\u00eda <\/strong><\/p>\n<ul>\n<li><em>Skype, ya tenemos antecedentes.<\/em><\/li>\n<\/ul>\n<p><strong>2.- Claudia Patricia Forero Aponte<\/strong><\/p>\n<p>&#8211; <em>En la casa<\/em><\/p>\n<p><strong>3.- Lorena Mora Amaya <\/strong><\/p>\n<p><em>&#8211; Teletrabajo&#8230;<\/em><\/p>\n<p><strong>4.- Nora Beatriz Jaimes Parra <\/strong><\/p>\n<p><em>&#8211; Ahora s\u00ed, lib\u00e9rame Campitos<\/em><\/p>\n<p><strong>5.- Jos\u00e9 C\u00e1rdenas <\/strong><\/p>\n<p><em>&#8211; La ley entra por casa. Gobernar\u00e1 desde su apartaestudio<\/em><\/p>\n<p><strong>6.- Jes\u00fas Alfonso Ram\u00edrez Ayala <\/strong><\/p>\n<p><em>&#8211; Toda regla tiene excepci\u00f3n. En su caso, tambi\u00e9n ejerciendo la informaci\u00f3n, el Alcalde ejerciendo el poder que le da el pueblo<\/em><\/p>\n<p><strong>7.- Pitoniso Colombo <\/strong><\/p>\n<p><em>&#8211; Tiene que nombrar un alcalde encargado, si no le van a aplicar el abandono del cargo. \u00c9l no puede despachar desde la casa.<\/em><\/p>\n<p><strong>8.- Consuelo Pab\u00f3n <\/strong><\/p>\n<p><em>&#8211; Toca acatar la orden<\/em><\/p>\n<p><strong>9.- TanTan Ruiz Carrillo <\/strong><\/p>\n<p><em>&#8211; Tele gobierno<\/em><\/p>\n<p><strong>10.- Carlos Ernesto Barrientos Rangel <\/strong><\/p>\n<p><em>&#8211; \u00a1Se le notan las ganas de trabajar a ese disque alcalde!<\/em><\/p>\n<p><strong>11.- Nubi Lobo <\/strong><\/p>\n<p><em>&#8211; Al estilo de Ramiro, desde el Skype. <\/em><\/p>\n<p><strong>12.- \u00c1lvaro Janner G\u00e9lvez <\/strong><\/p>\n<p><em>&#8211; Tranquilos, porque como Duque no sabe d\u00f3nde est\u00e1 parado, otra vez se equivoc\u00f3, ya que el Decreto que expidi\u00f3 no lo suscribieron todos los ministros, ni siquiera lo suscribi\u00f3 ni fue comunicado por el Ministro del ramo respectivo\u2026<\/em><\/p>\n<p>Cuarentaicinco lectores m\u00e1s participaron, a 32 los divirti\u00f3 el tema; a 8 les gust\u00f3, a uno le encant\u00f3 y a otro lo entristeci\u00f3. Seis veces compartido.<\/p>\n","protected":false},"excerpt":{"rendered":"<p>C\u00daCUTA.- La crisis generada por el coronavirus y el peligro de propagaci\u00f3n en la ciudad, llevaron al alcalde Jairo Y\u00e1\u00f1ez a tomar medidas que permitan detener el avance de la enfermedad. Algunas de estas acciones pueden resultar impopulares, pero para otros son las necesarias. La revista www.contraluzcucuta.co plante\u00f3 la situaci\u00f3n de la ciudad, teniendo en &hellip;<\/p>\n","protected":false},"author":1,"featured_media":35403,"comment_status":"open","ping_status":"open","sticky":false,"template":"","format":"standard","meta":{"footnotes":""},"categories":[2625,4,9,4529],"tags":[4776,226,4836,4840],"class_list":["post-35402","post","type-post","status-publish","format-standard","has-post-thumbnail","hentry","category-alcaldia-de-cucuta","category-barra","category-politica","category-tema-del-dia","tag-alcalde-jairo-yanez","tag-alcaldia-de-cucuta","tag-coronavirus-en-cucuta","tag-cuarentena-en-cucuta"],"_links":{"self":[{"href":"https:\/\/contraluzcucuta.co\/index.php?rest_route=\/wp\/v2\/posts\/35402","targetHints":{"allow":["GET"]}}],"collection":[{"href":"https:\/\/contraluzcucuta.co\/index.php?rest_route=\/wp\/v2\/posts"}],"about":[{"href":"https:\/\/contraluzcucuta.co\/index.php?rest_route=\/wp\/v2\/types\/post"}],"author":[{"embeddable":true,"href":"https:\/\/contraluzcucuta.co\/index.php?rest_route=\/wp\/v2\/users\/1"}],"replies":[{"embeddable":true,"href":"https:\/\/contraluzcucuta.co\/index.php?rest_route=%2Fwp%2Fv2%2Fcomments&post=35402"}],"version-history":[{"count":1,"href":"https:\/\/contraluzcucuta.co\/index.php?rest_route=\/wp\/v2\/posts\/35402\/revisions"}],"predecessor-version":[{"id":35404,"href":"https:\/\/contraluzcucuta.co\/index.php?rest_route=\/wp\/v2\/posts\/35402\/revisions\/35404"}],"wp:featuredmedia":[{"embeddable":true,"href":"https:\/\/contraluzcucuta.co\/index.php?rest_route=\/wp\/v2\/media\/35403"}],"wp:attachment":[{"href":"https:\/\/contraluzcucuta.co\/index.php?rest_route=%2Fwp%2Fv2%2Fmedia&parent=35402"}],"wp:term":[{"taxonomy":"category","embeddable":true,"href":"https:\/\/contraluzcucuta.co\/index.php?rest_route=%2Fwp%2Fv2%2Fcategories&post=35402"},{"taxonomy":"post_tag","embeddable":true,"href":"https:\/\/contraluzcucuta.co\/index.php?rest_route=%2Fwp%2Fv2%2Ftags&post=35402"}],"curies":[{"name":"wp","href":"https:\/\/api.w.org\/{rel}","templated":true}]}}