{"id":35399,"date":"2020-03-20T11:57:01","date_gmt":"2020-03-20T16:57:01","guid":{"rendered":"http:\/\/contraluzcucuta.co\/?p=35399"},"modified":"2020-03-20T11:57:01","modified_gmt":"2020-03-20T16:57:01","slug":"prudencia-coronavirus-la-primera-peste-en-epocas-de-redes","status":"publish","type":"post","link":"https:\/\/contraluzcucuta.co\/?p=35399","title":{"rendered":"PRUDENCIA. Coronavirus: la primera peste en \u00e9pocas de redes"},"content":{"rendered":"<p style=\"padding-left: 40px; text-align: right;\"><span style=\"color: #ff9900;\">&#8220;Los gobiernos deben promover y proteger el acceso y la libre circulaci\u00f3n de la informaci\u00f3n durante la pandemia &#8221; reclaman los expertos internacionales y as\u00ed debe o deber\u00eda ser.<\/span><\/p>\n<p>Los popes de la ONU, las Am\u00e9ricas y Europa encargados de custodiar la vigencia de la libertad de expresi\u00f3n, David Kaye, Edison Lanza y Harlem D\u00e9sir, anticip\u00e1ndose a lo que es &#8221; habitual&#8221; en las crisis recuerdan que &#8220;la salud humana no s\u00f3lo depende del f\u00e1cil acceso a la atenci\u00f3n sanitaria. Tambi\u00e9n depende del acceso a informaci\u00f3n precisa sobre la naturaleza de las amenazas y los medios para protegerse a s\u00ed mismo, a su familia y su comunidad. El derecho a la libertad de expresi\u00f3n, que incluye el derecho a buscar, recibir y difundir informaci\u00f3n e ideas de todo tipo, independientemente de las fronteras, a trav\u00e9s de cualquier medio, se aplica a todos, en todas partes, y s\u00f3lo puede estar sujeto a restricciones limitadas&#8221;.<\/p>\n<p>Hay que tenerlo presente.<\/p>\n<p>Sabido es que en \u00e9pocas de guerra la primera v\u00edctima es la verdad. La censura, el control de la informaci\u00f3n, la difusi\u00f3n de noticias falsas, las trabas el libre ejercicio del periodismo son armas ileg\u00edtimas de las que se valen cada bando en pugna, enancados en la &#8221; legitimidad &#8221; de su causa.<\/p>\n<p>Esa es la experiencia con los conflictos armados, tan comunes. En cambio, respecto a casos de &#8221; pandemias&#8221; la experiencia no es tan rica y en cuanto al especifico del Covid- 19, las se\u00f1ales son confusas. Como que lo que sobra es informaci\u00f3n, lo que en principio es bueno pero que puede confundir mucho y conspirar contra el \u00e9xito de la lucha contra el enemigo com\u00fan.<\/p>\n<p>Se trata de la primera peste en \u00e9pocas de redes. Y estas, alocadas y desaforadas. El bombardeo informativo es continuo y explosivo y salta de lo humano a lo divino y viceversa. Y, a no olvidarlo, no existe qui\u00e9n pueda decidir cu\u00e1l es la verdad y m\u00e1s a\u00fan cuando se manejan tantas verdades absolutas. Son miles y millones que aparecen con la receta m\u00e1gica, con la panacea y los que son capaces de fertilizar milagros como si fueran papas. Caen por su propio peso y ridiculez, pero hay mucha gente que lo cree y lo asume. Al mismo tiempo, abundan los informes serios con fuentes muy confiables y apuntalados por reconocidas autoridades en la materia espec\u00edfica, pero en muchos casos totalmente contradictorios entre s\u00ed. Uno no sabe qu\u00e9 hacer y ni c\u00f3mo lavarse las manos.<\/p>\n<p>Es quiz\u00e1s el momento para la prensa. La hora para salir a recuperar una credibilidad bastante deteriorada y un liderazgo en bancarrota. Es hora de marcar la diferencia con &#8220;las redes&#8221;. De olvidarse de competir con estas y de librar batallas con enemigos de la libertad, expresi\u00f3n que han encontrado en &#8220;las redes&#8221; su mejor terreno a la vez que las utilizan como sus armas preferidas y a ellas recurren continuamente hablando del derecho a la informaci\u00f3n de los ciudadanos y muy especialmente del derecho y la &#8221; libertad de expresi\u00f3n&#8221; de quienes encaramados en el poder pretenden adue\u00f1arse de todo y manipular a esos ciudadanos que dicen defender y representar. Los ejemplos huelgan.<\/p>\n<p>La prensa, los medios tradicionales, en los que aun la mayor\u00eda del p\u00fablico conf\u00eda y cuyo respaldo buscan incluso cuando recurren a la plataforma digital, tienen la chance ahora de recobrar el capital perdido. La forma es muy simple, es procurar y dar la mejor informaci\u00f3n; la m\u00e1s cercana a la verdad para servir a cada ciudadano y a la sociedad toda.<\/p>\n<p>Solo basta con ser prudentes. Con preguntar, investigar, entrevistar, hurgar en donde sea, seleccionar, confirmar debidamente y chequear y equilibrar todo el material a entregarse a la gente. Para ser su gu\u00eda y para diferenciarse de &#8220;las redes&#8221;.<\/p>\n<p>Ser\u00e1 bueno para todos; para la gente, para acabar con la peste y para la prensa y el periodismo profesional y en serio. Es una ocasi\u00f3n.<\/p>\n<p><strong>DANILO ARBILLA<\/strong><\/p>\n<p><strong>Expresidente de la SIP<\/strong><\/p>\n","protected":false},"excerpt":{"rendered":"<p>&#8220;Los gobiernos deben promover y proteger el acceso y la libre circulaci\u00f3n de la informaci\u00f3n durante la pandemia &#8221; reclaman los expertos internacionales y as\u00ed debe o deber\u00eda ser. Los popes de la ONU, las Am\u00e9ricas y Europa encargados de custodiar la vigencia de la libertad de expresi\u00f3n, David Kaye, Edison Lanza y Harlem D\u00e9sir, &hellip;<\/p>\n","protected":false},"author":1,"featured_media":35400,"comment_status":"open","ping_status":"open","sticky":false,"template":"","format":"standard","meta":{"footnotes":""},"categories":[14,4],"tags":[4815,4839,646],"class_list":["post-35399","post","type-post","status-publish","format-standard","has-post-thumbnail","hentry","category-articulistas","category-barra","tag-coronavirus","tag-danilo-arbilla","tag-sip"],"_links":{"self":[{"href":"https:\/\/contraluzcucuta.co\/index.php?rest_route=\/wp\/v2\/posts\/35399","targetHints":{"allow":["GET"]}}],"collection":[{"href":"https:\/\/contraluzcucuta.co\/index.php?rest_route=\/wp\/v2\/posts"}],"about":[{"href":"https:\/\/contraluzcucuta.co\/index.php?rest_route=\/wp\/v2\/types\/post"}],"author":[{"embeddable":true,"href":"https:\/\/contraluzcucuta.co\/index.php?rest_route=\/wp\/v2\/users\/1"}],"replies":[{"embeddable":true,"href":"https:\/\/contraluzcucuta.co\/index.php?rest_route=%2Fwp%2Fv2%2Fcomments&post=35399"}],"version-history":[{"count":1,"href":"https:\/\/contraluzcucuta.co\/index.php?rest_route=\/wp\/v2\/posts\/35399\/revisions"}],"predecessor-version":[{"id":35401,"href":"https:\/\/contraluzcucuta.co\/index.php?rest_route=\/wp\/v2\/posts\/35399\/revisions\/35401"}],"wp:featuredmedia":[{"embeddable":true,"href":"https:\/\/contraluzcucuta.co\/index.php?rest_route=\/wp\/v2\/media\/35400"}],"wp:attachment":[{"href":"https:\/\/contraluzcucuta.co\/index.php?rest_route=%2Fwp%2Fv2%2Fmedia&parent=35399"}],"wp:term":[{"taxonomy":"category","embeddable":true,"href":"https:\/\/contraluzcucuta.co\/index.php?rest_route=%2Fwp%2Fv2%2Fcategories&post=35399"},{"taxonomy":"post_tag","embeddable":true,"href":"https:\/\/contraluzcucuta.co\/index.php?rest_route=%2Fwp%2Fv2%2Ftags&post=35399"}],"curies":[{"name":"wp","href":"https:\/\/api.w.org\/{rel}","templated":true}]}}