{"id":35392,"date":"2020-03-18T11:28:33","date_gmt":"2020-03-18T16:28:33","guid":{"rendered":"http:\/\/contraluzcucuta.co\/?p=35392"},"modified":"2020-03-18T11:28:33","modified_gmt":"2020-03-18T16:28:33","slug":"opinion-reflexionar-y-unirnos-un-llamado-a-actuar-con-responsabilidad","status":"publish","type":"post","link":"https:\/\/contraluzcucuta.co\/?p=35392","title":{"rendered":"OPINI\u00d3N. Reflexionar y unirnos, un llamado a actuar con responsabilidad"},"content":{"rendered":"<p style=\"padding-left: 40px; text-align: right;\"><span style=\"color: #ff9900;\">En la vida nos enfrentamos a situaciones de las cuales no tenemos el control, pero que nos detienen a pensar y reflexionar sobre nuestras acciones como sociedad. Hoy el mundo vive la noticia de pandemia mundial por el Coronavirus; hay miedo, angustia, p\u00e1nico, pero, a ustedes que me leen hoy les quiero decir: estamos unidos como pa\u00eds, juntos y actuando con responsabilidad, podremos frenar la propagaci\u00f3n de este virus. Tengan la plena seguridad que el gobierno del presidente Iv\u00e1n Duque trabaja para proteger la salud de todos los colombianos.<\/span><\/p>\n<p>Siempre he pensado que debemos convertir las situaciones dif\u00edciles en oportunidades, seamos positivos y tomemos conciencia.<\/p>\n<p>M\u00e1s que nunca debemos estar unidos como pa\u00eds, trabajando por el bien com\u00fan, cuid\u00e1ndonos unos a otros, ser conscientes de nuestros actos, porque cada cosa que hacemos o dejamos de hacer, tiene consecuencias.<\/p>\n<p>Desde el Gobierno estamos haciendo todo lo que est\u00e1 en nuestras manos para cuidar y proteger la salud de todos, sin excepci\u00f3n. Por eso, estamos informando oportunamente, previniendo y sacando todas las medidas sectoriales pertinentes para afrontar esta situaci\u00f3n.<\/p>\n<p>Cada medida es \u00fatil, si todos ponemos de nuestra parte podemos evitar que siga aumentando. Hay acciones que no pueden faltar en nuestro d\u00eda a d\u00eda, como: lavarnos las manos seguido y usar tapa bocas, pero, adem\u00e1s, hay otras que tambi\u00e9n son sencillas y de gran ayuda. Por eso, los invito a que tengan en cuenta las siguientes recomendaciones:<\/p>\n<p>1.- Esta es una oportunidad para mirarnos desde adentro, mejorar como seres humanos, analizar nuestras conductas que afectan al medio ambiente, reflexionar sobre el exceso de consumismo, los que est\u00e1n con las familias pasar tiempos juntos, repensar nuestros contenidos en redes sociales. Este es el momento perfecto para que, en lugar de ser negativos, seamos m\u00e1s humanos, m\u00e1s anal\u00edticos y mejores colombianos.<\/p>\n<p>2.- No hagamos compras descontroladas de productos: Hay supermercados y tiendas de barrio que ya no tienen c\u00f3mo abastecer la demanda, pensemos en comunidad, todos necesitamos productos, seamos buenos vecinos y no dejemos sin alimentos o elementos de aseo a otros.<\/p>\n<p>3.- No difundamos noticias falsas o informaci\u00f3n de fuentes que no son confirmadas. El \u00fanico canal autorizado es el Ministerio de Salud.<\/p>\n<p>4.- Este tiempo de suspensi\u00f3n de clases para nuestros ni\u00f1os, ni\u00f1as, adolescentes y universitarios no es para salir de vacaciones, ni para reuniones sociales o andar en planes en la calle, es para mantenerlos seguros en casa. Recuerden familias que ustedes son la primera l\u00ednea de protecci\u00f3n de los menores de edad y j\u00f3venes.<\/p>\n<p>5.- Nuestros abuelitos y abuelitas son las personas que pueden ser m\u00e1s propensas al contagio, por eso es necesario que los cuidemos y no los saquemos a la calle.<\/p>\n<p>6.- No colapsemos los servicios de urgencias en centros de salud, pensemos si realmente los s\u00edntomas que presentemos, requieren de asistencia m\u00e9dica. Acudamos a las l\u00edneas telef\u00f3nicas de cada ciudad.<\/p>\n<p>7.- Establezcamos redes de apoyo, como grupos de chat con familiares, vecinos y allegados, para que podamos reportar situaciones de emergencia o necesidad y seamos solidarios entre todos.<\/p>\n<p>\u00a1Unidos como pa\u00eds somos m\u00e1s fuertes, actuemos con responsabilidad!<\/p>\n<p><strong>KAREN ABUDINEN<\/strong><\/p>\n","protected":false},"excerpt":{"rendered":"<p>En la vida nos enfrentamos a situaciones de las cuales no tenemos el control, pero que nos detienen a pensar y reflexionar sobre nuestras acciones como sociedad. Hoy el mundo vive la noticia de pandemia mundial por el Coronavirus; hay miedo, angustia, p\u00e1nico, pero, a ustedes que me leen hoy les quiero decir: estamos unidos &hellip;<\/p>\n","protected":false},"author":1,"featured_media":35393,"comment_status":"open","ping_status":"open","sticky":false,"template":"","format":"standard","meta":{"footnotes":""},"categories":[14,4],"tags":[2749,4815,4367],"class_list":["post-35392","post","type-post","status-publish","format-standard","has-post-thumbnail","hentry","category-articulistas","category-barra","tag-articulistas-contraluz","tag-coronavirus","tag-karen-abudinen"],"_links":{"self":[{"href":"https:\/\/contraluzcucuta.co\/index.php?rest_route=\/wp\/v2\/posts\/35392","targetHints":{"allow":["GET"]}}],"collection":[{"href":"https:\/\/contraluzcucuta.co\/index.php?rest_route=\/wp\/v2\/posts"}],"about":[{"href":"https:\/\/contraluzcucuta.co\/index.php?rest_route=\/wp\/v2\/types\/post"}],"author":[{"embeddable":true,"href":"https:\/\/contraluzcucuta.co\/index.php?rest_route=\/wp\/v2\/users\/1"}],"replies":[{"embeddable":true,"href":"https:\/\/contraluzcucuta.co\/index.php?rest_route=%2Fwp%2Fv2%2Fcomments&post=35392"}],"version-history":[{"count":1,"href":"https:\/\/contraluzcucuta.co\/index.php?rest_route=\/wp\/v2\/posts\/35392\/revisions"}],"predecessor-version":[{"id":35394,"href":"https:\/\/contraluzcucuta.co\/index.php?rest_route=\/wp\/v2\/posts\/35392\/revisions\/35394"}],"wp:featuredmedia":[{"embeddable":true,"href":"https:\/\/contraluzcucuta.co\/index.php?rest_route=\/wp\/v2\/media\/35393"}],"wp:attachment":[{"href":"https:\/\/contraluzcucuta.co\/index.php?rest_route=%2Fwp%2Fv2%2Fmedia&parent=35392"}],"wp:term":[{"taxonomy":"category","embeddable":true,"href":"https:\/\/contraluzcucuta.co\/index.php?rest_route=%2Fwp%2Fv2%2Fcategories&post=35392"},{"taxonomy":"post_tag","embeddable":true,"href":"https:\/\/contraluzcucuta.co\/index.php?rest_route=%2Fwp%2Fv2%2Ftags&post=35392"}],"curies":[{"name":"wp","href":"https:\/\/api.w.org\/{rel}","templated":true}]}}