{"id":35389,"date":"2020-03-17T22:46:24","date_gmt":"2020-03-18T03:46:24","guid":{"rendered":"http:\/\/contraluzcucuta.co\/?p=35389"},"modified":"2020-03-17T22:46:24","modified_gmt":"2020-03-18T03:46:24","slug":"covid-19-en-cucuta-menores-de-18-anos-y-mayores-de-60-a-quedarse-en-casa","status":"publish","type":"post","link":"https:\/\/contraluzcucuta.co\/?p=35389","title":{"rendered":"COVID-19 EN C\u00daCUTA. Menores de 18 a\u00f1os y mayores de 60, a quedarse en casa"},"content":{"rendered":"<p style=\"padding-left: 40px; text-align: right;\"><span style=\"color: #ff9900;\"><strong>C\u00daCUTA.-<\/strong> Toque de queda de siete horas, nuevos horarios para el pico y placa y orden de permanecer en casa las 24 horas para menores de 18 a\u00f1os y mayores de 60 son algunas de las medidas tomas en C\u00facuta para evitar la propagaci\u00f3n del Covid-19. El desacato a las disposiciones acarrear\u00e1 multas.<\/span><\/p>\n<p>El Puesto de Mando Unificado adopt\u00f3 nuevas medidas orientadas a la disminuci\u00f3n de la curva epidemiol\u00f3gica en la ciudad. Las disposiciones, de inmediata ejecuci\u00f3n, obedecen a los principios de solidaridad, comprensi\u00f3n y no especulaci\u00f3n. Tienen car\u00e1cter preventivo y de contenci\u00f3n obligatoria y transitoria.<\/p>\n<p>El no acatamiento acarrear\u00e1 sanciones, teniendo en cuenta la normatividad y las disposiciones vigentes, debido a que de la aplicaci\u00f3n depende el desarrollo del Plan de Acci\u00f3n para intervenir la calamidad p\u00fablica.<\/p>\n<p>Las medidas se extender\u00e1n hasta el 23 de marzo:<\/p>\n<p>1.- Toque de queda en el municipio, de 9:00 de la noche a 4:00 de la ma\u00f1ana. Los menores de 18 a\u00f1os y los mayores de 60 a\u00f1os tendr\u00e1n restricciones de movilidad durante las 24 horas del d\u00eda.<\/p>\n<p>2.- Pico y Placa de 24 horas con restricci\u00f3n de 5 n\u00fameros por d\u00eda para veh\u00edculos privados, de la siguiente manera:<\/p>\n<p>&#8211; Mi\u00e9rcoles 18: Pares<\/p>\n<p>&#8211; Jueves 19: Impares<\/p>\n<p>&#8211; Viernes 20: Pares<\/p>\n<p>&#8211; S\u00e1bado 21: Impares<\/p>\n<p>&#8211; Domingo 22: Pares<\/p>\n<p>&#8211; Lunes 23: Impares<\/p>\n<p>3.- Para motos y autos particulares, aplica 24 horas:<\/p>\n<p>&#8211; Pares: 0-2-4-6-8<\/p>\n<p>&#8211; Impares:1-3-5-7-9<\/p>\n<p>&#8211; Prohibici\u00f3n de parrillero expresa.<\/p>\n<p>4.- Servicio p\u00fablico individual (taxis) o colectivo (taxis por puesto y busetas): 24 horas.<\/p>\n<p>&#8211; Lunes:1-2<\/p>\n<p>&#8211; Martes: 3-4<\/p>\n<p>&#8211; Mi\u00e9rcoles: 5-6<\/p>\n<p>&#8211; Jueves: 7-8<\/p>\n<p>&#8211; Viernes: 9-0<\/p>\n<p>&#8211; Fin de semana par: 2-4-6-8-0<\/p>\n<p>&#8211; Fin de semana impar:1-3-5-7-9<\/p>\n<p>5.- Transporte p\u00fablico en el \u00e1rea metropolitana: que se garantice medio cupo del transporte para que los pasajeros no vayan de pie.<\/p>\n<p>6.- Se garantiza el abastecimiento de alimentos y por tal raz\u00f3n en Cenabastos se atender\u00e1 de la siguiente manera:<\/p>\n<p>&#8211; Mayoristas: 4:00 a 8:00 de la ma\u00f1ana<\/p>\n<p>&#8211; Granos: 8:00 de la ma\u00f1ana a 12:00 del d\u00eda<\/p>\n<p>&#8211; Minoristas: 8:00 de la ma\u00f1ana a 12:00 del d\u00eda.<\/p>\n<p>Las medidas de autocuidado, lavarse las manos, quedarse en casa y usar tapabocas en caso de tener gripe, ayudan a reducir el nivel de contagio.<\/p>\n<p>Los entes territoriales ratificaron la decisi\u00f3n de recurrir al art\u00edculo 35 # 2 de la Ley 1801 de 2016 del C\u00f3digo Nacional de Seguridad y Convivencia Ciudadana, que hace referencia al desacato de una orden de las autoridades, en este caso al aislamiento como principal medida de prevenci\u00f3n. El ciudadano que no respete la norma incurrir\u00e1 en una multa tipo 4 correspondiente a 32 SMDLV.<\/p>\n<p>Las acciones permitir\u00e1n contener el contagio del Covid-19. Tras confirmarse el primer caso, se llev\u00f3 a cabo la reuni\u00f3n de seguimiento de la calamidad. A la cita acudieron el gobernador Silvano Serrano, los secretarios de Gesti\u00f3n del Riesgo municipal y departamental, Posconflicto, Gobierno, Desarrollo Social y Tr\u00e1nsito; los directores del Instituto Departamental de Salud y del \u00c1rea Metropolitana, y representantes del Ej\u00e9rcito.<\/p>\n","protected":false},"excerpt":{"rendered":"<p>C\u00daCUTA.- Toque de queda de siete horas, nuevos horarios para el pico y placa y orden de permanecer en casa las 24 horas para menores de 18 a\u00f1os y mayores de 60 son algunas de las medidas tomas en C\u00facuta para evitar la propagaci\u00f3n del Covid-19. El desacato a las disposiciones acarrear\u00e1 multas. El Puesto &hellip;<\/p>\n","protected":false},"author":1,"featured_media":35390,"comment_status":"open","ping_status":"open","sticky":false,"template":"","format":"standard","meta":{"footnotes":""},"categories":[2625,4],"tags":[4836,4837,3810],"class_list":["post-35389","post","type-post","status-publish","format-standard","has-post-thumbnail","hentry","category-alcaldia-de-cucuta","category-barra","tag-coronavirus-en-cucuta","tag-covid-19","tag-puesto-de-mando-unificado"],"_links":{"self":[{"href":"https:\/\/contraluzcucuta.co\/index.php?rest_route=\/wp\/v2\/posts\/35389","targetHints":{"allow":["GET"]}}],"collection":[{"href":"https:\/\/contraluzcucuta.co\/index.php?rest_route=\/wp\/v2\/posts"}],"about":[{"href":"https:\/\/contraluzcucuta.co\/index.php?rest_route=\/wp\/v2\/types\/post"}],"author":[{"embeddable":true,"href":"https:\/\/contraluzcucuta.co\/index.php?rest_route=\/wp\/v2\/users\/1"}],"replies":[{"embeddable":true,"href":"https:\/\/contraluzcucuta.co\/index.php?rest_route=%2Fwp%2Fv2%2Fcomments&post=35389"}],"version-history":[{"count":1,"href":"https:\/\/contraluzcucuta.co\/index.php?rest_route=\/wp\/v2\/posts\/35389\/revisions"}],"predecessor-version":[{"id":35391,"href":"https:\/\/contraluzcucuta.co\/index.php?rest_route=\/wp\/v2\/posts\/35389\/revisions\/35391"}],"wp:featuredmedia":[{"embeddable":true,"href":"https:\/\/contraluzcucuta.co\/index.php?rest_route=\/wp\/v2\/media\/35390"}],"wp:attachment":[{"href":"https:\/\/contraluzcucuta.co\/index.php?rest_route=%2Fwp%2Fv2%2Fmedia&parent=35389"}],"wp:term":[{"taxonomy":"category","embeddable":true,"href":"https:\/\/contraluzcucuta.co\/index.php?rest_route=%2Fwp%2Fv2%2Fcategories&post=35389"},{"taxonomy":"post_tag","embeddable":true,"href":"https:\/\/contraluzcucuta.co\/index.php?rest_route=%2Fwp%2Fv2%2Ftags&post=35389"}],"curies":[{"name":"wp","href":"https:\/\/api.w.org\/{rel}","templated":true}]}}