{"id":35377,"date":"2020-03-17T06:09:48","date_gmt":"2020-03-17T11:09:48","guid":{"rendered":"http:\/\/contraluzcucuta.co\/?p=35377"},"modified":"2020-03-17T06:09:48","modified_gmt":"2020-03-17T11:09:48","slug":"coronavirus-norte-de-santander-declara-calamidad-publica","status":"publish","type":"post","link":"https:\/\/contraluzcucuta.co\/?p=35377","title":{"rendered":"CORONAVIRUS. Norte de Santander declara calamidad p\u00fablica"},"content":{"rendered":"<p style=\"padding-left: 40px; text-align: right;\"><span style=\"color: #ff9900;\"><strong>C\u00daCUTA.-<\/strong> Norte de Santander fue declarado en calamidad p\u00fablica para prevenir la propagaci\u00f3n del coronavirus. Adem\u00e1s, se pidi\u00f3 que las comunidades sigan las instrucciones de los gobiernos nacional, departamental y local con el fin de detener la presencia de la pandemia en la regi\u00f3n.<\/span><\/p>\n<p>El Consejo Extraordinario de Gesti\u00f3n del Riesgo, tambi\u00e9n, declar\u00f3 el cese de actividades en colegios oficiales, universidades y entidades que atiendan p\u00fablico o que generen aglomeraciones.<\/p>\n<p>Entre el paquete de medidas implementados por las autoridades en C\u00facuta y Norte de Santander, destaca:<\/p>\n<p>1.- Suspensi\u00f3n temporal del servicio en el Centro Regional de Atenci\u00f3n a V\u00edctimas, en Atalaya, hasta el 20 de marzo.<\/p>\n<p>2.- Reforzamiento de las medidas de control en los pasos fronterizos por parte de Polic\u00eda Nacional y Migraci\u00f3n Colombia.<\/p>\n<p>3.- Gobernaci\u00f3n aportar\u00e1 $ 1000 millones para aunar esfuerzos en la prevenci\u00f3n.<\/p>\n<p>4.- Los alcaldes del departamento coordinar\u00e1n acciones conjuntas.<\/p>\n<p>5.- Convocatoria a reuni\u00f3n con el sector productivo de la regi\u00f3n.<\/p>\n<p>6.- Ajustar el calendario escolar en los colegios p\u00fablicos de C\u00facuta y Norte de Santander. (Se recomienda a las universidades y colegios privados evaluar esta medida).<\/p>\n<p>7.- Fortalecimiento del laboratorio de salud p\u00fablica por el nivel nacional.<\/p>\n<p>Ratificar la restricci\u00f3n de eventos p\u00fablicos de m\u00e1s de 500 asistentes como lo orden\u00f3 mediante decreto el Gobierno Nacional.<\/p>\n<p>8.- Articulaci\u00f3n de la red p\u00fablico \u2013 privada de salud.<\/p>\n<p>9.- Activaci\u00f3n permanente del PMU.<\/p>\n<p>10.- La l\u00ednea habilitada desde el Gobierno Nacional es el 192 desde cualquier celular<\/p>\n<p>11.- Atenci\u00f3n especial a poblaci\u00f3n mayor de 65 a\u00f1os, embarazadas y enfermos cr\u00f3nicos.<\/p>\n<p>12.-Solicitar a la Unidad Nacional de Gesti\u00f3n del Riesgo fortalecer los fondos municipales y departamentales.<\/p>\n<p>13- Restricci\u00f3n en la visita a c\u00e1rceles.<\/p>\n<p>14.- Habilitaci\u00f3n de infraestructura f\u00edsica en caso de requerir aislamiento.<\/p>\n<p>&nbsp;<\/p>\n<p>&nbsp;<\/p>\n","protected":false},"excerpt":{"rendered":"<p>C\u00daCUTA.- Norte de Santander fue declarado en calamidad p\u00fablica para prevenir la propagaci\u00f3n del coronavirus. Adem\u00e1s, se pidi\u00f3 que las comunidades sigan las instrucciones de los gobiernos nacional, departamental y local con el fin de detener la presencia de la pandemia en la regi\u00f3n. El Consejo Extraordinario de Gesti\u00f3n del Riesgo, tambi\u00e9n, declar\u00f3 el cese &hellip;<\/p>\n","protected":false},"author":1,"featured_media":35378,"comment_status":"open","ping_status":"open","sticky":false,"template":"","format":"standard","meta":{"footnotes":""},"categories":[45,4],"tags":[4448,4815],"class_list":["post-35377","post","type-post","status-publish","format-standard","has-post-thumbnail","hentry","category-destacado","category-barra","tag-calamidad-publica","tag-coronavirus"],"_links":{"self":[{"href":"https:\/\/contraluzcucuta.co\/index.php?rest_route=\/wp\/v2\/posts\/35377","targetHints":{"allow":["GET"]}}],"collection":[{"href":"https:\/\/contraluzcucuta.co\/index.php?rest_route=\/wp\/v2\/posts"}],"about":[{"href":"https:\/\/contraluzcucuta.co\/index.php?rest_route=\/wp\/v2\/types\/post"}],"author":[{"embeddable":true,"href":"https:\/\/contraluzcucuta.co\/index.php?rest_route=\/wp\/v2\/users\/1"}],"replies":[{"embeddable":true,"href":"https:\/\/contraluzcucuta.co\/index.php?rest_route=%2Fwp%2Fv2%2Fcomments&post=35377"}],"version-history":[{"count":1,"href":"https:\/\/contraluzcucuta.co\/index.php?rest_route=\/wp\/v2\/posts\/35377\/revisions"}],"predecessor-version":[{"id":35379,"href":"https:\/\/contraluzcucuta.co\/index.php?rest_route=\/wp\/v2\/posts\/35377\/revisions\/35379"}],"wp:featuredmedia":[{"embeddable":true,"href":"https:\/\/contraluzcucuta.co\/index.php?rest_route=\/wp\/v2\/media\/35378"}],"wp:attachment":[{"href":"https:\/\/contraluzcucuta.co\/index.php?rest_route=%2Fwp%2Fv2%2Fmedia&parent=35377"}],"wp:term":[{"taxonomy":"category","embeddable":true,"href":"https:\/\/contraluzcucuta.co\/index.php?rest_route=%2Fwp%2Fv2%2Fcategories&post=35377"},{"taxonomy":"post_tag","embeddable":true,"href":"https:\/\/contraluzcucuta.co\/index.php?rest_route=%2Fwp%2Fv2%2Ftags&post=35377"}],"curies":[{"name":"wp","href":"https:\/\/api.w.org\/{rel}","templated":true}]}}