{"id":35374,"date":"2020-03-16T22:00:16","date_gmt":"2020-03-17T03:00:16","guid":{"rendered":"http:\/\/contraluzcucuta.co\/?p=35374"},"modified":"2020-03-16T22:00:16","modified_gmt":"2020-03-17T03:00:16","slug":"mano-a-mano-con-alberto-iriarte-jairo-ruiz-es-como-un-padre-para-mi","status":"publish","type":"post","link":"https:\/\/contraluzcucuta.co\/?p=35374","title":{"rendered":"MANO A MANO CON ALBERTO IRIARTE. Jairo Ruiz es como un padre para m\u00ed"},"content":{"rendered":"<p style=\"padding-left: 40px; text-align: right;\"><span style=\"color: #ff9900;\"><strong>C\u00daCUTA.-<\/strong> Alberto Iriarte naci\u00f3 en Cartagena, pero deportivamente le debe mucho a C\u00facuta. A pesar de las dificultades tiene un bast\u00f3n en la vida, el entrenador cucute\u00f1o Jairo Ruiz Casas. Para este gimnasta, la capital de Norte de Santander es la segunda familia. Habl\u00f3 sobre la carrera, los inconvenientes y c\u00f3mo se prepara en Estados Unidos.<\/span><\/p>\n<p style=\"text-align: left;\"><span style=\"color: #000000;\"><strong>\u00bfD\u00f3nde creci\u00f3?<\/strong><\/span><\/p>\n<ul>\n<li><em>En Cartagena. Tengo 23 a\u00f1os y me qued\u00e9 en la heroica hasta los 12. A esa edad me mud\u00e9 a C\u00facuta y actualmente estoy en Estados Unidos.<\/em><\/li>\n<\/ul>\n<p><strong>\u00bfQu\u00e9 recuerda de la infancia?<\/strong><\/p>\n<ul>\n<li><em>Fue una \u00e9poca muy deportiva. Entren\u00e9 b\u00e9isbol, f\u00fatbol y boxeo. Luego, conoc\u00ed la gimnasia a los 10 a\u00f1os. <\/em><\/li>\n<\/ul>\n<p><strong>\u00bfEn qu\u00e9 momento empez\u00f3 el gusto por la gimnasia?<\/strong><\/p>\n<ul>\n<li><em>Me empez\u00f3 a gustar por otro deporte, el break dance, lo practiqu\u00e9 durante tres meses en la escuela Fe y Alegr\u00eda, de Las Gaviotas (Cartagena). El profesor de Educaci\u00f3n F\u00edsica me dijo que si me gustar\u00eda representar al colegio en los Intercolegiados de Gimnasia. Le pregunt\u00e9: \u00bfProfe qu\u00e9 es gimnasia? Me llev\u00f3 a la Liga de Bol\u00edvar y desde el primer momento me enamor\u00e9 de ese deporte. <\/em><\/li>\n<\/ul>\n<p><strong>\u00bfQu\u00e9 recuerda de esos primeros entrenamientos?<\/strong><\/p>\n<ul>\n<li><em>Fueron un cambio duro en mi vida, porque me toc\u00f3 privarme de mi infancia, de mis amistades, me restring\u00ed de muchas cosas. En cuanto al acondicionamiento f\u00edsico, fue m\u00e1s f\u00e1cil, porque ven\u00eda con ritmo deportivo. El primer d\u00eda, el profe Iv\u00e1n Mendoza me dijo: \u201ct\u00fa quieres practicar gimnasia? Entonces nos vemos el lunes a las 7:00 de la ma\u00f1ana\u201d. Ese lunes estaba desde las 6:00 esper\u00e1ndolo. Es un momento que nunca se me va a olvidar, porque ah\u00ed empec\u00e9.<\/em><\/li>\n<\/ul>\n<p><strong>\u00bfTuvo dificultades para empezar?<\/strong><\/p>\n<ul>\n<li><em>Dificultades emocionales. Cuando empec\u00e9 ten\u00eda una vida muy social. Era de salir y compartir con mis amigos, ir a fiestas, cumplea\u00f1os, eventos. A la hora de comenzar fue una disciplina r\u00edgida respecto a otros deportes que hab\u00eda hecho. <\/em><\/li>\n<\/ul>\n<p><strong>\u00bfQu\u00e9 recuerda de la primera competencia?<\/strong><\/p>\n<ul>\n<li><em>Fue una sensaci\u00f3n inolvidable, bonita. Era la primera salida de mi ciudad, era mi primera presentaci\u00f3n con muchos espectadores. Fue un momento \u00fanico. Recuerdo que en esa competencia me coron\u00e9 tercero en la modalidad de suelo. <\/em><\/li>\n<\/ul>\n<p><strong>\u00bfEn qu\u00e9 momento se encontr\u00f3 con Jairo Ruiz?<\/strong><\/p>\n<ul>\n<li><em>Me lo encontraba en los Nacionales. En ese momento nunca hab\u00eda tenido la oportunidad de hablar con el profe; sin embargo, mi entrenador siempre hablaba con \u00e9l y Jairo me dec\u00eda que me fuera a C\u00facuta a entrenar. En ese momento era menor de edad, no pod\u00eda hablar por m\u00ed mismo y ten\u00eda miedo de irme, porque era muy ni\u00f1o. No quer\u00eda abandonar Cartagena. <\/em><\/li>\n<\/ul>\n<p><strong>\u00bfQu\u00e9 opina de Jairo y qu\u00e9 tanto le ha aportado como gimnasta?<\/strong><\/p>\n<ul>\n<li><em>Es excelente persona y ser humano. Es correcto, es una persona que le agradezco todo lo que ha hecho en mi carrera deportiva y en mi estilo de vida actualmente, es una persona que m\u00e1s como un entrenador lo veo como un padre, me aportado mucho en mi vida personal y profesional. <\/em><\/li>\n<\/ul>\n<p><strong>\u00bfQue hace de diferente a Jairo Ruiz respecto de otros entrenadores?<\/strong><\/p>\n<ul>\n<li><em>Hace esta labor como entrenador por convicci\u00f3n y no por conveniencia. Para \u00e9l esta primero la salud del deportista. Es muy entregado, meticuloso en lo que hace, enfocado en las metas que quiere. Lo que lo hace diferente es la gran personalidad que tiene, la disciplina que aplica al deporte, los valores que ense\u00f1a a los deportistas. Eso lo hace diferente. <\/em><\/li>\n<\/ul>\n<p><strong>\u00bfCu\u00e1les han sido sus principales logros?<\/strong><\/p>\n<ul>\n<li><em>Fueron en Cartagena. Me coron\u00e9 campe\u00f3n de los Juegos Intercolegiados en niveles, en suelo, salto, barras paralelas y general individual. Luego, en el 2007, fui deportista del a\u00f1o.<\/em><\/li>\n<\/ul>\n<p><strong>\u00bfQu\u00e9 opina del nivel de los gimnastas colombianos?<\/strong><\/p>\n<ul>\n<li><em>Es muy alto. Es impresionante. Tiene en la base muchos semilleros que contienen proyecciones. Ojal\u00e1 no dejen acabar el nivel tan alto que tiene la gimnasia colombiana. <\/em><\/li>\n<\/ul>\n<p><strong>\u00bfQu\u00e9 opina de Jossimar Calvo?<\/strong><\/p>\n<ul>\n<li><em>Es excelente deportista, al igual que una espl\u00e9ndida persona. Tiene un coraz\u00f3n muy grande. Est\u00e1 enfocado en sus metas. Es un ser humano al que no le ha tocado f\u00e1cil en la vida para estar donde est\u00e1. Su nobleza y su gran coraz\u00f3n lo han ayudado a llegar al punto donde se encuentra y m\u00e1s que un amigo o compa\u00f1ero lo considero un hermano. <\/em><\/li>\n<\/ul>\n<p><strong>\u00bfQu\u00e9 opini\u00f3n tiene de los gimnastas actuales nortesantandeanos?<\/strong><\/p>\n<ul>\n<li><em>Van por excelente camino. Tienen metas claras que el profe Jairo Ruiz les ha inculcado. Son excelente equipo.<\/em><\/li>\n<\/ul>\n<p><strong>\u00bfQu\u00e9 tan importante es la gimnasia cucute\u00f1a en la historia nacional?<\/strong><\/p>\n<ul>\n<li><em>Es muy importante en nuestro pa\u00eds, porque ha conseguido m\u00e1s logros que cualquier otro departamento en Colombia. La importancia tambi\u00e9n es porque la mayor\u00eda de la Selecci\u00f3n Colombia es de C\u00facuta y la base que tenemos es la pr\u00f3xima generaci\u00f3n del combinado nacional. Creo que sin la gimnasia cucute\u00f1a Colombia no tuviera los resultados que ha obtenido en este tiempo. <\/em><\/li>\n<\/ul>\n<p><strong>\u00bfQu\u00e9 recuerda de su primer llamado a Selecci\u00f3n Colombia?<\/strong><\/p>\n<ul>\n<li><em>Fue en un campeonato en Bogot\u00e1 (2013). Clasifiqu\u00e9 como capit\u00e1n de la selecci\u00f3n. El profesor Jairo Ruiz me dijo antes de competir: \u201cAlberto, si usted compite bien y hace todos sus esquemas, usted pasa a la selecci\u00f3n Colombia\u201d. En mi primera convocatoria se me salieron las l\u00e1grimas y me quit\u00e9 la medalla y se la di a mi entrenador, a Jairo Ruiz Casas, porque m\u00e1s que yo se la merec\u00eda por todo el trabajo que hab\u00eda hecho conmigo.<\/em><\/li>\n<\/ul>\n<p><strong>\u00bfUsted estuvo en una concentraci\u00f3n en Jap\u00f3n que tal la experiencia?<\/strong><\/p>\n<ul>\n<li><em>Fue una experiencia \u00fanica, le ense\u00f1a a uno otra cultura, otra manera de entrenar y lo m\u00e1s duro que recuerdo en esa concentraci\u00f3n fue el cambio de horario.<\/em><\/li>\n<\/ul>\n<p><strong>\u00bfEn qu\u00e9 momento tuvo la lesi\u00f3n?<\/strong><\/p>\n<ul>\n<li><em>En el 2013. Me preparaba para un campeonato en Toronto (Canad\u00e1). En una mala ca\u00edda en barras paralelas me romp\u00ed el menisco interior de la pierna izquierda.<\/em><\/li>\n<\/ul>\n<p><strong>\u00bfC\u00f3mo fue la recuperaci\u00f3n?<\/strong><\/p>\n<ul>\n<li><em>S\u00faper r\u00e1pida. El m\u00e9dico, despu\u00e9s de la operaci\u00f3n, me dijo que ten\u00eda seis meses para recuperarme, deb\u00eda hacerme terapias todos los d\u00edas, acatar lo que me dec\u00eda el fisioterapeuta y antes del tiempo que me hab\u00edan dado estaba entrenando, gracias a Dios.<\/em><\/li>\n<\/ul>\n<p><strong>\u00bfPorque se muda a los Estados Unidos?<\/strong><\/p>\n<ul>\n<li><em>Me mude con el prop\u00f3sito de mejorar mi nivel, tener experiencia competitiva, preparar los pr\u00f3ximos nacionales y volver a tener mi puesto en la selecci\u00f3n Colombia. Me mude a territorio estadoudense porque mi entrenador John Anderson Ram\u00edrez, actual entrenador, me ofreci\u00f3 la oportunidad de entrenar ac\u00e1 y de competir por el gimnasio. <\/em><\/li>\n<\/ul>\n<p><strong>\u00bfQu\u00e9 tan importante es Estados Unidos en su crecer como deportista?<\/strong><\/p>\n<ul>\n<li><em>Muy importante por la calidad en los entrenamientos, el alto nivel de competencia que poseen, la cantidad de torneos o competencias que podemos hacer durante el a\u00f1o. Eso nos brinda seguridad y mucha experiencia competitiva para representar mejor al pa\u00eds con alto desempe\u00f1o deportivo.<\/em><\/li>\n<\/ul>\n<p><strong>\u00bfC\u00f3mo son los entrenamientos en territorio estadounidense?<\/strong><\/p>\n<ul>\n<li><em>Son fuertes. Entreno en el gimnasio desde las 9:00 de la ma\u00f1ana hasta la 1:00 de la tarde y desde las 4:00 de la tarde hasta las 7:00 de la noche. Hay muchos campeonatos y campamentos.<\/em><\/li>\n<\/ul>\n<p><strong>\u00bfHay instrumentos o aparatos diferentes con respecto a los que hay en Colombia?<\/strong><\/p>\n<ul>\n<li><em>Son casi los mismos aparatos e instrumentos. Lo \u00fanico diferente es la base. Hay muchos aparatos de car\u00e1cter educativo, elementos para los primeros pasos en la gimnasia, no hay necesidad de una vez utilizar el aparato por necesidad, se puede hacer un entrenamiento en los de base, son peque\u00f1os. En Colombia faltan esos aparatos. <\/em><\/li>\n<\/ul>\n<p><strong>\u00bfUsted estuvo hace poco en C\u00facuta hablando con los gimnastas m\u00e1s peque\u00f1os, c\u00f3mo fue la experiencia y qu\u00e9 tanto les dijo?<\/strong><\/p>\n<ul>\n<li><em>Tuve la oportunidad de hablar con los muchachos, de comentarles c\u00f3mo ha sido mi historia en la gimnasia con Norte de Santander, c\u00f3mo son los entrenamientos en Estados Unidos, narrarles las experiencias de mis competencias, cu\u00e1ntas tengo en el a\u00f1o, a cuantas he asistido. Tambi\u00e9n, se dio la oportunidad de hacer un chequeo y de ser juez de los ni\u00f1os.<\/em><\/li>\n<\/ul>\n<p><strong>\u00bfEl momento m\u00e1s feliz de su carrera?<\/strong><\/p>\n<ul>\n<li><em>La primera vez que me convocaron a la selecci\u00f3n Colombia. No lo esperaba, estaba entrenando para eso, sab\u00eda que iba a llegar y m\u00e1s con lo que el profesor Jairo me hab\u00eda dicho, pero no esperaba clasificar en ese campeonato. Es el mejor d\u00eda que tengo en la historia de la gimnasia. <\/em><\/li>\n<\/ul>\n<p><strong>\u00bfEl momento m\u00e1s triste?<\/strong><\/p>\n<ul>\n<li><em>Cuando me romp\u00ed el radio y el c\u00fabito. Era el segundo campeonato que me perd\u00eda por una lesi\u00f3n. Ese d\u00eda me sent\u00ed destruido, derrotado, triste conmigo mismo y hasta pensaba en retirarme de la gimnasia, pero no lo hice, gracias a Dios. <\/em><\/li>\n<\/ul>\n<p><strong>\u00bfQu\u00e9 tan importante es C\u00facuta para usted?<\/strong><\/p>\n<ul>\n<li><em>Muy importante a pesar de no nacer aqu\u00ed. Me siento como si fuera mi tierra, siento que all\u00e1 tengo toda mi carrera, todos mis compa\u00f1eros y amigos, tengo parte de mi vida en C\u00facuta, tanto en lo personal como en lo profesional. Siento que tengo una segunda familia, que son mi entrenador Jairo Ruiz Casas y mis compa\u00f1eros de gimnasia.<\/em><\/li>\n<\/ul>\n<p><strong>\u00bfSi su vida fuera un libro como se llamar\u00eda?<\/strong><\/p>\n<ul>\n<li><em>\u2018Un libro de un guerrero\u2019, porque siento que he luchado por lo que he obtenido, por donde estoy, por el esfuerzo que hecho y la perseverancia que he tenido. <\/em><\/li>\n<\/ul>\n<p><strong>\u00bfC\u00f3mo describir a Alberto Iriarte?<\/strong><\/p>\n<ul>\n<li><em>Como una persona divertida, risue\u00f1a, espont\u00e1nea, noble y de gran coraz\u00f3n. Me gusta ayudar a los dem\u00e1s, darles la mano cuando lo necesitan. No siento envidia, soy amigable, de confiar. As\u00ed podemos describir a Alberto Iriarte.<\/em><\/li>\n<\/ul>\n<p><strong>JORDY ORLANDO CRUZ<\/strong><\/p>\n","protected":false},"excerpt":{"rendered":"<p>C\u00daCUTA.- Alberto Iriarte naci\u00f3 en Cartagena, pero deportivamente le debe mucho a C\u00facuta. A pesar de las dificultades tiene un bast\u00f3n en la vida, el entrenador cucute\u00f1o Jairo Ruiz Casas. Para este gimnasta, la capital de Norte de Santander es la segunda familia. Habl\u00f3 sobre la carrera, los inconvenientes y c\u00f3mo se prepara en Estados &hellip;<\/p>\n","protected":false},"author":1,"featured_media":35375,"comment_status":"open","ping_status":"open","sticky":false,"template":"","format":"standard","meta":{"footnotes":""},"categories":[4,28],"tags":[4832,1605,2399],"class_list":["post-35374","post","type-post","status-publish","format-standard","has-post-thumbnail","hentry","category-barra","category-vistazo-deportivo","tag-alberto-iriarte","tag-gimnasia-de-norte-de-santander","tag-jairo-ruiz"],"_links":{"self":[{"href":"https:\/\/contraluzcucuta.co\/index.php?rest_route=\/wp\/v2\/posts\/35374","targetHints":{"allow":["GET"]}}],"collection":[{"href":"https:\/\/contraluzcucuta.co\/index.php?rest_route=\/wp\/v2\/posts"}],"about":[{"href":"https:\/\/contraluzcucuta.co\/index.php?rest_route=\/wp\/v2\/types\/post"}],"author":[{"embeddable":true,"href":"https:\/\/contraluzcucuta.co\/index.php?rest_route=\/wp\/v2\/users\/1"}],"replies":[{"embeddable":true,"href":"https:\/\/contraluzcucuta.co\/index.php?rest_route=%2Fwp%2Fv2%2Fcomments&post=35374"}],"version-history":[{"count":1,"href":"https:\/\/contraluzcucuta.co\/index.php?rest_route=\/wp\/v2\/posts\/35374\/revisions"}],"predecessor-version":[{"id":35376,"href":"https:\/\/contraluzcucuta.co\/index.php?rest_route=\/wp\/v2\/posts\/35374\/revisions\/35376"}],"wp:featuredmedia":[{"embeddable":true,"href":"https:\/\/contraluzcucuta.co\/index.php?rest_route=\/wp\/v2\/media\/35375"}],"wp:attachment":[{"href":"https:\/\/contraluzcucuta.co\/index.php?rest_route=%2Fwp%2Fv2%2Fmedia&parent=35374"}],"wp:term":[{"taxonomy":"category","embeddable":true,"href":"https:\/\/contraluzcucuta.co\/index.php?rest_route=%2Fwp%2Fv2%2Fcategories&post=35374"},{"taxonomy":"post_tag","embeddable":true,"href":"https:\/\/contraluzcucuta.co\/index.php?rest_route=%2Fwp%2Fv2%2Ftags&post=35374"}],"curies":[{"name":"wp","href":"https:\/\/api.w.org\/{rel}","templated":true}]}}