{"id":35358,"date":"2020-03-14T19:31:55","date_gmt":"2020-03-15T00:31:55","guid":{"rendered":"http:\/\/contraluzcucuta.co\/?p=35358"},"modified":"2020-03-14T19:36:04","modified_gmt":"2020-03-15T00:36:04","slug":"tema-del-dia-13-de-marzo-dia-internacional-del-sueno-que-trasnocha-a-los-cucutenos","status":"publish","type":"post","link":"https:\/\/contraluzcucuta.co\/?p=35358","title":{"rendered":"TEMA DEL D\u00cdA. 13 de marzo: D\u00eda Internacional del Sue\u00f1o. \u00bfQu\u00e9 trasnocha a los cucute\u00f1os?"},"content":{"rendered":"<p style=\"padding-left: 40px; text-align: right;\"><span style=\"color: #ff9900;\"><strong>C\u00daCUTA.-<\/strong> Antes, el calendario anunciaba cada d\u00eda el santo de la fecha y muchos deben sus nombres a ese ser que espiritualmente est\u00e1 por encima de los mortales. Bastaba con echarle una mirada al almanaque para saber c\u00f3mo se llamar\u00eda la criatura. Eso en tiempos remotos.<\/span><\/p>\n<p>Ahora, cada d\u00eda est\u00e1 dedicado a una actividad, profesi\u00f3n, oficio, remembranza, conmemoraci\u00f3n, hecho o recuerdo. Incluso, un d\u00eda aplica para dos o m\u00e1s ocasiones especiales.<\/p>\n<p>El \u00faltimo viernes (13), estaba dedicado al sue\u00f1o. Por esa ocasi\u00f3n, la revista <a href=\"http:\/\/www.contraluzcucuta.co\">www.contraluzcucuta.co<\/a> pregunt\u00f3 a los lectores <strong>\u00bfQu\u00e9 trasnocha a los cucute\u00f1os?<\/strong> Y estos son algunos de los comentarios enviados a la p\u00e1gina del Facebook.<\/p>\n<p><strong>1.- Nuby Lobo<\/strong><\/p>\n<p>&#8211; Y ahora que cerraron la frontera \u00bfDe qu\u00e9 vamos a vivir?<\/p>\n<p><strong>2.- Omar Romero G\u00fciza <\/strong><\/p>\n<p>&#8211; El coronavirus<\/p>\n<p><strong>3.- Consuelo Pab\u00f3n <\/strong><\/p>\n<p>&#8211; La inseguridad<\/p>\n<p><strong>4.- Maryely Andrea Trigos Vera <\/strong><\/p>\n<p>&#8211; El desempleo&#8230;<\/p>\n<p><strong>5.- Luisa Fernanda Blanco Romero <\/strong><\/p>\n<p>&#8211; El desempleo<\/p>\n<p><strong>6.- Joan Sebastian Ascanio Paba <\/strong><\/p>\n<p>&#8211; La dificultad de tener ingresos constantes<\/p>\n<p><strong>7.- Rafael Ar\u00e1mbula <\/strong><\/p>\n<p>&#8211; La suspensi\u00f3n de la actividad deportiva mundial<\/p>\n<p><strong>8.- Lucy Vega <\/strong><\/p>\n<p>&#8211; Las bolas criollas. Tres partidos por semana<\/p>\n<p><strong>9.- Jorge Pab\u00f3n <\/strong><\/p>\n<p>&#8211; La posible llegada del coronavirus y la migraci\u00f3n de venezolanos a pesar del cierre de la frontera, porque las trochas siguen abiertas<\/p>\n<p><strong>10.- Pitoniso Colombo<\/strong><\/p>\n<p>&#8211; La pobreza de alcalde que tenemos. Ser\u00e1n cuatro a\u00f1os de patria boba. Viejas clases pol\u00edticas ya desaparecidas \u00e9l las reencauch\u00f3 y les dio las mejores posiciones. M\u00e1s de lo mismo, pero con otros actores. Se van a volver a robar a C\u00facuta.<\/p>\n<p><strong>11.- Jorge Iv\u00e1n Guti\u00e9rrez <\/strong><\/p>\n<p>&#8211; Jos\u00e9 Augusto Cadena.<\/p>\n<p>Adem\u00e1s, a cuatro lectores les gust\u00f3 la pregunta, mientras que a dos los entristece.<\/p>\n","protected":false},"excerpt":{"rendered":"<p>C\u00daCUTA.- Antes, el calendario anunciaba cada d\u00eda el santo de la fecha y muchos deben sus nombres a ese ser que espiritualmente est\u00e1 por encima de los mortales. Bastaba con echarle una mirada al almanaque para saber c\u00f3mo se llamar\u00eda la criatura. Eso en tiempos remotos. Ahora, cada d\u00eda est\u00e1 dedicado a una actividad, profesi\u00f3n, &hellip;<\/p>\n","protected":false},"author":1,"featured_media":35361,"comment_status":"open","ping_status":"open","sticky":false,"template":"","format":"standard","meta":{"footnotes":""},"categories":[4,4529],"tags":[4829,4519],"class_list":["post-35358","post","type-post","status-publish","format-standard","has-post-thumbnail","hentry","category-barra","category-tema-del-dia","tag-dia-del-sueno","tag-tema-del-dia"],"_links":{"self":[{"href":"https:\/\/contraluzcucuta.co\/index.php?rest_route=\/wp\/v2\/posts\/35358","targetHints":{"allow":["GET"]}}],"collection":[{"href":"https:\/\/contraluzcucuta.co\/index.php?rest_route=\/wp\/v2\/posts"}],"about":[{"href":"https:\/\/contraluzcucuta.co\/index.php?rest_route=\/wp\/v2\/types\/post"}],"author":[{"embeddable":true,"href":"https:\/\/contraluzcucuta.co\/index.php?rest_route=\/wp\/v2\/users\/1"}],"replies":[{"embeddable":true,"href":"https:\/\/contraluzcucuta.co\/index.php?rest_route=%2Fwp%2Fv2%2Fcomments&post=35358"}],"version-history":[{"count":1,"href":"https:\/\/contraluzcucuta.co\/index.php?rest_route=\/wp\/v2\/posts\/35358\/revisions"}],"predecessor-version":[{"id":35359,"href":"https:\/\/contraluzcucuta.co\/index.php?rest_route=\/wp\/v2\/posts\/35358\/revisions\/35359"}],"wp:featuredmedia":[{"embeddable":true,"href":"https:\/\/contraluzcucuta.co\/index.php?rest_route=\/wp\/v2\/media\/35361"}],"wp:attachment":[{"href":"https:\/\/contraluzcucuta.co\/index.php?rest_route=%2Fwp%2Fv2%2Fmedia&parent=35358"}],"wp:term":[{"taxonomy":"category","embeddable":true,"href":"https:\/\/contraluzcucuta.co\/index.php?rest_route=%2Fwp%2Fv2%2Fcategories&post=35358"},{"taxonomy":"post_tag","embeddable":true,"href":"https:\/\/contraluzcucuta.co\/index.php?rest_route=%2Fwp%2Fv2%2Ftags&post=35358"}],"curies":[{"name":"wp","href":"https:\/\/api.w.org\/{rel}","templated":true}]}}