{"id":35354,"date":"2020-03-14T15:34:33","date_gmt":"2020-03-14T20:34:33","guid":{"rendered":"http:\/\/contraluzcucuta.co\/?p=35354"},"modified":"2020-03-14T15:46:12","modified_gmt":"2020-03-14T20:46:12","slug":"crisis-en-la-frontera-coronavirus-obliga-al-cierre-de-puentes-internacionales","status":"publish","type":"post","link":"https:\/\/contraluzcucuta.co\/?p=35354","title":{"rendered":"CRISIS EN LA FRONTERA. Coronavirus obliga al cierre de puentes internacionales"},"content":{"rendered":"<p style=\"padding-left: 40px; text-align: right;\"><span style=\"color: #ff9900;\"><strong>C\u00daCUTA.-<\/strong> El paso peatonal por los puentes internacionales Sim\u00f3n Bol\u00edvar (Villa del Rosario \u2013 San Antonio), Francisco de Paula Santander (C\u00facuta \u2013 Ure\u00f1a) y Uni\u00f3n (Puerto Santander \u2013 Boca de Grita) fue cerrado este 14 de marzo, por orden presidencial. Desde las 5:00 de la ma\u00f1ana, colombianos y venezolanos que pretend\u00edan atravesar la frontera fueron sorprendidos por la medida.<\/span><\/p>\n<p>A lado y lado de los pasos fronterizos quedaron centenares de hombres y mujeres que buscaban llegar a cualquiera de los dos pa\u00edses. En el 2015, el gobierno de Nicol\u00e1s Maduro orden\u00f3 el cierre de la circulaci\u00f3n vehicular y peatonal por los puentes. Luego, se permiti\u00f3 el tr\u00e1nsito a pie. Ahora, no se podr\u00e1 salir ni ingresar.<\/p>\n<p>El anuncio hace parte de las medidas del gobierno de Iv\u00e1n Duque para proteger la salud de los colombianos ante la pandemia del coronavirus COVID-19.<\/p>\n<p>El presidente Duque subray\u00f3 que esta decisi\u00f3n se tom\u00f3 \u201ccomo medida de protecci\u00f3n ante la situaci\u00f3n que se presenta, tambi\u00e9n, en el vecino pa\u00eds\u201d. Para el cumplimiento de la medida se cuenta con \u201capoyo y coordinaci\u00f3n de las autoridades migratorias sanitarias y de la Fuerza P\u00fablica de Colombia\u201d.<\/p>\n<p>A ra\u00edz de la decisi\u00f3n tomada en Bogot\u00e1, la aglomeraci\u00f3n en los puentes crece con el trascurrir de las horas. Venezolanos y colombianos se declararon sorprendidos y piden que les permitan volver a casa. Unos, como rechazo a la medida, buscan regresar a su pa\u00eds por las trochas.<\/p>\n<p>Las C\u00e1maras de Comercio de C\u00facuta, Pamplona y Oca\u00f1a respaldaron la decisi\u00f3n del Gobierno Nacional en cuanto al cierre de frontera, conscientes de la importancia de la salud p\u00fablica de los nortesantandereanos.<\/p>\n<p>Aprovecharon el momento para hacerle un llamado urgente al Gobierno para que considere unas medidas econ\u00f3micas a corto plazo, teniendo en cuenta el impacto que sufrir\u00e1n los empresarios y comerciantes tras el anuncio.<\/p>\n<p>El gerente de la Frontera con Venezuela, Felipe Mu\u00f1oz, dijo que \u201clos siete puntos terrestres que tenemos formales migratorios con Venezuela quedan cerrados, y tomaremos todas las medidas, con apoyo de la Fuerza P\u00fablica, las autoridades sanitarias y de transporte, para garantizar que la medida se cumpla\u201d.<\/p>\n<p>El director de Migraci\u00f3n Colombia, Juan Francisco Espinosa, explic\u00f3 que, de manera complementaria a estas medidas y trat\u00e1ndose de Venezuela, \u201ciniciaremos actividades de verificaci\u00f3n permanente, a efectos de que se d\u00e9 estricto cumplimiento a estas disposiciones\u201d.<\/p>\n<p>El jefe de Estado destac\u00f3 que las medidas adicionales a la contenci\u00f3n del coronavirus son claras. Este s\u00e1bado, en la Casa de Nari\u00f1o, se reunir\u00e1 con los gobernadores del pa\u00eds y con los alcaldes de las ciudades capitales. En la cita se pretende \u201cfortalecer la coordinaci\u00f3n interinstitucional y la coordinaci\u00f3n permanente que debe existir entre el Gobierno y las autoridades locales\u201d.<\/p>\n","protected":false},"excerpt":{"rendered":"<p>C\u00daCUTA.- El paso peatonal por los puentes internacionales Sim\u00f3n Bol\u00edvar (Villa del Rosario \u2013 San Antonio), Francisco de Paula Santander (C\u00facuta \u2013 Ure\u00f1a) y Uni\u00f3n (Puerto Santander \u2013 Boca de Grita) fue cerrado este 14 de marzo, por orden presidencial. Desde las 5:00 de la ma\u00f1ana, colombianos y venezolanos que pretend\u00edan atravesar la frontera fueron &hellip;<\/p>\n","protected":false},"author":1,"featured_media":35355,"comment_status":"open","ping_status":"open","sticky":false,"template":"","format":"standard","meta":{"footnotes":""},"categories":[1326,4,36],"tags":[4815,2483,893],"class_list":["post-35354","post","type-post","status-publish","format-standard","has-post-thumbnail","hentry","category-crisis-en-venezuela-2","category-barra","category-la-voz-del-pueblo","tag-coronavirus","tag-crisis-en-la-frontera","tag-puentes-internacionales"],"_links":{"self":[{"href":"https:\/\/contraluzcucuta.co\/index.php?rest_route=\/wp\/v2\/posts\/35354","targetHints":{"allow":["GET"]}}],"collection":[{"href":"https:\/\/contraluzcucuta.co\/index.php?rest_route=\/wp\/v2\/posts"}],"about":[{"href":"https:\/\/contraluzcucuta.co\/index.php?rest_route=\/wp\/v2\/types\/post"}],"author":[{"embeddable":true,"href":"https:\/\/contraluzcucuta.co\/index.php?rest_route=\/wp\/v2\/users\/1"}],"replies":[{"embeddable":true,"href":"https:\/\/contraluzcucuta.co\/index.php?rest_route=%2Fwp%2Fv2%2Fcomments&post=35354"}],"version-history":[{"count":2,"href":"https:\/\/contraluzcucuta.co\/index.php?rest_route=\/wp\/v2\/posts\/35354\/revisions"}],"predecessor-version":[{"id":35357,"href":"https:\/\/contraluzcucuta.co\/index.php?rest_route=\/wp\/v2\/posts\/35354\/revisions\/35357"}],"wp:featuredmedia":[{"embeddable":true,"href":"https:\/\/contraluzcucuta.co\/index.php?rest_route=\/wp\/v2\/media\/35355"}],"wp:attachment":[{"href":"https:\/\/contraluzcucuta.co\/index.php?rest_route=%2Fwp%2Fv2%2Fmedia&parent=35354"}],"wp:term":[{"taxonomy":"category","embeddable":true,"href":"https:\/\/contraluzcucuta.co\/index.php?rest_route=%2Fwp%2Fv2%2Fcategories&post=35354"},{"taxonomy":"post_tag","embeddable":true,"href":"https:\/\/contraluzcucuta.co\/index.php?rest_route=%2Fwp%2Fv2%2Ftags&post=35354"}],"curies":[{"name":"wp","href":"https:\/\/api.w.org\/{rel}","templated":true}]}}