{"id":35324,"date":"2020-03-10T19:41:39","date_gmt":"2020-03-11T00:41:39","guid":{"rendered":"http:\/\/contraluzcucuta.co\/?p=35324"},"modified":"2020-03-10T19:41:39","modified_gmt":"2020-03-11T00:41:39","slug":"crisis-en-venezuela-la-sip-condena-acusaciones-contra-periodistas","status":"publish","type":"post","link":"https:\/\/contraluzcucuta.co\/?p=35324","title":{"rendered":"CRISIS EN VENEZUELA. La SIP condena acusaciones contra periodistas"},"content":{"rendered":"<p style=\"padding-left: 40px; text-align: right;\"><span style=\"color: #ff9900;\"><strong>MIAMI \u2013 Estados UNidos.-<\/strong> La Sociedad Interamericana de Prensa (SIP) conden\u00f3 las acusaciones constantes contra los periodistas en Venezuela por parte del diputado Diosdado Cabello, una de las m\u00e1ximas autoridades del r\u00e9gimen de Nicol\u00e1s Maduro.<\/span><\/p>\n<p>Cabello, quien tambi\u00e9n es vicepresidente del oficialista Partido Socialista Unido, viene acusando repetidamente a periodistas y comunicadores en su programa semanal &#8220;Con el Mazo Dando&#8221;. En los \u00faltimos d\u00edas amenaz\u00f3 con que se podr\u00edan tomar medidas directas contra los periodistas que desestabilizan el pa\u00eds por, seg\u00fan \u00e9l, difundir informaci\u00f3n falsa sobre actos de violencia contra Juan Guaid\u00f3, presidente encargado de Venezuela reconocido por m\u00e1s de 60 pa\u00edses.<\/p>\n<p>Guaid\u00f3 denunci\u00f3 que el 29 de febrero fue v\u00edctima de un intento de asesinato.<\/p>\n<p>El presidente de la SIP, Christopher Barnes, y el presidente de la Comisi\u00f3n de Libertad de Prensa e Informaci\u00f3n, Roberto Rock, condenaron la hostilidad y las expresiones estigmatizadoras por parte de un funcionario, que tienen el potencial de incitar a la violencia contra los periodistas.<\/p>\n<p>En una denuncia enviada a la SIP por Edward Rodr\u00edguez Jim\u00e9nez, director de Comunicaciones y Relaciones Institucionales de la Asamblea Nacional, quien tambi\u00e9n es jefe de despacho de Guaid\u00f3, consider\u00f3 que con la acusaci\u00f3n de &#8220;desestabilizaci\u00f3n&#8221; del pa\u00eds a trav\u00e9s de la difusi\u00f3n de noticias falsas, Cabello busca justificar la prisi\u00f3n de opositores y periodistas.<\/p>\n<p>Barnes, director general del diario jamaiquino The Gleaner, y Rock, director del portal mexicano de noticias La Silla Rota, coincidieron en que en Venezuela las acusaciones, adem\u00e1s de las agresiones verbales y f\u00edsicas contra los periodistas, se han convertido en instrumento de presi\u00f3n para acallar a la prensa.<\/p>\n<p>La SIP es una entidad sin fines de lucro dedicada a la defensa y promoci\u00f3n de la libertad de prensa y de expresi\u00f3n en las Am\u00e9ricas. Est\u00e1 compuesta por m\u00e1s de 1.300 publicaciones del hemisferio occidental; y tiene sede en Miami, Florida, Estados Unidos.<\/p>\n","protected":false},"excerpt":{"rendered":"<p>MIAMI \u2013 Estados UNidos.- La Sociedad Interamericana de Prensa (SIP) conden\u00f3 las acusaciones constantes contra los periodistas en Venezuela por parte del diputado Diosdado Cabello, una de las m\u00e1ximas autoridades del r\u00e9gimen de Nicol\u00e1s Maduro. Cabello, quien tambi\u00e9n es vicepresidente del oficialista Partido Socialista Unido, viene acusando repetidamente a periodistas y comunicadores en su programa &hellip;<\/p>\n","protected":false},"author":1,"featured_media":35325,"comment_status":"open","ping_status":"open","sticky":false,"template":"","format":"standard","meta":{"footnotes":""},"categories":[1326,45,4,39],"tags":[4821,4820,646],"class_list":["post-35324","post","type-post","status-publish","format-standard","has-post-thumbnail","hentry","category-crisis-en-venezuela-2","category-destacado","category-barra","category-miradas-ajenas","tag-con-el-mazo-dando","tag-diosdado-cabello","tag-sip"],"_links":{"self":[{"href":"https:\/\/contraluzcucuta.co\/index.php?rest_route=\/wp\/v2\/posts\/35324","targetHints":{"allow":["GET"]}}],"collection":[{"href":"https:\/\/contraluzcucuta.co\/index.php?rest_route=\/wp\/v2\/posts"}],"about":[{"href":"https:\/\/contraluzcucuta.co\/index.php?rest_route=\/wp\/v2\/types\/post"}],"author":[{"embeddable":true,"href":"https:\/\/contraluzcucuta.co\/index.php?rest_route=\/wp\/v2\/users\/1"}],"replies":[{"embeddable":true,"href":"https:\/\/contraluzcucuta.co\/index.php?rest_route=%2Fwp%2Fv2%2Fcomments&post=35324"}],"version-history":[{"count":1,"href":"https:\/\/contraluzcucuta.co\/index.php?rest_route=\/wp\/v2\/posts\/35324\/revisions"}],"predecessor-version":[{"id":35326,"href":"https:\/\/contraluzcucuta.co\/index.php?rest_route=\/wp\/v2\/posts\/35324\/revisions\/35326"}],"wp:featuredmedia":[{"embeddable":true,"href":"https:\/\/contraluzcucuta.co\/index.php?rest_route=\/wp\/v2\/media\/35325"}],"wp:attachment":[{"href":"https:\/\/contraluzcucuta.co\/index.php?rest_route=%2Fwp%2Fv2%2Fmedia&parent=35324"}],"wp:term":[{"taxonomy":"category","embeddable":true,"href":"https:\/\/contraluzcucuta.co\/index.php?rest_route=%2Fwp%2Fv2%2Fcategories&post=35324"},{"taxonomy":"post_tag","embeddable":true,"href":"https:\/\/contraluzcucuta.co\/index.php?rest_route=%2Fwp%2Fv2%2Ftags&post=35324"}],"curies":[{"name":"wp","href":"https:\/\/api.w.org\/{rel}","templated":true}]}}