{"id":35321,"date":"2020-03-10T19:16:12","date_gmt":"2020-03-11T00:16:12","guid":{"rendered":"http:\/\/contraluzcucuta.co\/?p=35321"},"modified":"2020-03-10T19:16:12","modified_gmt":"2020-03-11T00:16:12","slug":"catatumbo-sostenible-alcaldes-pdet-y-entidades-aliadas-construyeron-el-plan-de-trabajo-2020-2021","status":"publish","type":"post","link":"https:\/\/contraluzcucuta.co\/?p=35321","title":{"rendered":"CATATUMBO SOSTENIBLE. Alcaldes PDET y entidades aliadas construyeron el Plan de Trabajo 2020-2021"},"content":{"rendered":"<p style=\"padding-left: 40px; text-align: right;\"><span style=\"color: #ff9900;\"><strong>OCA\u00d1A \u2013 Norte de Santander.-<\/strong> Ocho alcaldes de la regi\u00f3n de El Catatumbo firmaron el pacto de compromiso para el cumplimiento de los PDET. En la segunda sesi\u00f3n de Catatumbo Sostenible se desinaron $ 3300 millones para el mejoramiento de las v\u00edas terciarias de San Calixto, Hacar\u00ed y Sardinata.<\/span><\/p>\n<p>La reuni\u00f3n se llev\u00f3 a cabo en Oca\u00f1a, liderada por el Consejero Presidencial para la Estabilizaci\u00f3n y la Consolidaci\u00f3n, Emilio Archila. Las entidades aliadas y los alcaldes firmaron el pacto de compromiso para el cumplimiento de los PDET.<\/p>\n<p>La sesi\u00f3n se desarroll\u00f3 con el objetivo de crear estrategias por parte de las entidades locales y nacionales para el cumplimiento de las iniciativas de los Programas de Desarrollo con Enfoque Territorial (PDET) en la regi\u00f3n. Se concluy\u00f3 en el compromiso de 117 acuerdos, que har\u00e1n parte del plan de trabajo 2020-2021 direccionados en las l\u00edneas estrat\u00e9gicas de cada plan de desarrollo municipal.<\/p>\n<p>El consejero Archila dijo que llevaron proyectos integradores, proyectos PDET y destac\u00f3 la inversi\u00f3n en las comunidades. Resalt\u00f3 el proyecto productivo y la v\u00eda que permite la comercializaci\u00f3n. \u201cLa Agencia de Renovaci\u00f3n del Territorio sigue mostrando el ejemplo, sigue haciendo la diferencia\u201d.<\/p>\n<p>Inv\u00edas entreg\u00f3 tres convenios para iniciar la ejecuci\u00f3n inmediata de $ 3300 millones para el mejoramiento de v\u00edas terciarias en:<\/p>\n<p>1.- San Calixto. Tramo San Calixto \u2013 vereda Vista Hermosa<\/p>\n<p>2.- Hacar\u00ed. Tramo Hacar\u00ed\u2014Las Juntas<\/p>\n<p>3.- Sardinata. Tramo Sardinata \u2013 San Mart\u00edn de Loba.<\/p>\n<p>Los proyectos fueron elaborados en la articulaci\u00f3n con la Agencia de Renovaci\u00f3n del Territorio (ART) y la Consejer\u00eda para la Consolidaci\u00f3n y la Estabilizaci\u00f3n.<\/p>\n<p>Las comunidades de San Calixto, Convenci\u00f3n, Hacar\u00ed y El Carmen firmaron el documento de ejecuci\u00f3n de los Grantt PNUD, con el fin de identificar las condiciones actuales, puntos cr\u00edticos y posibles obras para mejorar el tr\u00e1nsito en el tramo de v\u00eda terciaria priorizada por la comunidad.<\/p>\n<p>Los proyectos de mejoramiento de v\u00edas terciarias por medio de las Grantt son los siguientes:<\/p>\n<p>1.- Convenci\u00f3n. Convenci\u00f3n &#8211; La Vega &#8211; El Guamal &#8211; Piedecuesta \u2013 Pelagorro.<\/p>\n<p>2.- San Calixto. San Calixto &#8211; La Marina &#8211; Potrero Grande.<\/p>\n<p>3.- Hacar\u00ed. Hacar\u00ed \u2013 Laureles \u2013 Mart\u00ednez &#8211; La Pelota.<\/p>\n<p>4.- El Carmen. Chamiz\u00f3n &#8211; Santa Rita &#8211; El Torno.<\/p>\n<p>En el encuentro se desarroll\u00f3 una metodolog\u00eda diferente a la de las anteriores sesiones de Catatumbo Sostenible. La finalidad es tener la oportunidad de generar alternativas para la ejecuci\u00f3n de las iniciativas PDET, por medio de la participaci\u00f3n de los ocho alcaldes en las mesas de cada pilar en las cuales pod\u00edan encontrar la institucionalidad de acuerdo con los temas del PDET.<\/p>\n<p>En El Catatumbo contin\u00faa trabaj\u00e1ndose en la ejecuci\u00f3n de los PDET y lograr el desarrollo de la regi\u00f3n.<\/p>\n","protected":false},"excerpt":{"rendered":"<p>OCA\u00d1A \u2013 Norte de Santander.- Ocho alcaldes de la regi\u00f3n de El Catatumbo firmaron el pacto de compromiso para el cumplimiento de los PDET. En la segunda sesi\u00f3n de Catatumbo Sostenible se desinaron $ 3300 millones para el mejoramiento de las v\u00edas terciarias de San Calixto, Hacar\u00ed y Sardinata. La reuni\u00f3n se llev\u00f3 a cabo &hellip;<\/p>\n","protected":false},"author":1,"featured_media":35322,"comment_status":"open","ping_status":"open","sticky":false,"template":"","format":"standard","meta":{"footnotes":""},"categories":[4,32],"tags":[4780,393,4819],"class_list":["post-35321","post","type-post","status-publish","format-standard","has-post-thumbnail","hentry","category-barra","category-recorrido-por-la-region","tag-emilio-archila","tag-invias","tag-municipios-pdet"],"_links":{"self":[{"href":"https:\/\/contraluzcucuta.co\/index.php?rest_route=\/wp\/v2\/posts\/35321","targetHints":{"allow":["GET"]}}],"collection":[{"href":"https:\/\/contraluzcucuta.co\/index.php?rest_route=\/wp\/v2\/posts"}],"about":[{"href":"https:\/\/contraluzcucuta.co\/index.php?rest_route=\/wp\/v2\/types\/post"}],"author":[{"embeddable":true,"href":"https:\/\/contraluzcucuta.co\/index.php?rest_route=\/wp\/v2\/users\/1"}],"replies":[{"embeddable":true,"href":"https:\/\/contraluzcucuta.co\/index.php?rest_route=%2Fwp%2Fv2%2Fcomments&post=35321"}],"version-history":[{"count":1,"href":"https:\/\/contraluzcucuta.co\/index.php?rest_route=\/wp\/v2\/posts\/35321\/revisions"}],"predecessor-version":[{"id":35323,"href":"https:\/\/contraluzcucuta.co\/index.php?rest_route=\/wp\/v2\/posts\/35321\/revisions\/35323"}],"wp:featuredmedia":[{"embeddable":true,"href":"https:\/\/contraluzcucuta.co\/index.php?rest_route=\/wp\/v2\/media\/35322"}],"wp:attachment":[{"href":"https:\/\/contraluzcucuta.co\/index.php?rest_route=%2Fwp%2Fv2%2Fmedia&parent=35321"}],"wp:term":[{"taxonomy":"category","embeddable":true,"href":"https:\/\/contraluzcucuta.co\/index.php?rest_route=%2Fwp%2Fv2%2Fcategories&post=35321"},{"taxonomy":"post_tag","embeddable":true,"href":"https:\/\/contraluzcucuta.co\/index.php?rest_route=%2Fwp%2Fv2%2Ftags&post=35321"}],"curies":[{"name":"wp","href":"https:\/\/api.w.org\/{rel}","templated":true}]}}