{"id":35314,"date":"2020-03-07T16:50:05","date_gmt":"2020-03-07T21:50:05","guid":{"rendered":"http:\/\/contraluzcucuta.co\/?p=35314"},"modified":"2020-03-07T16:50:05","modified_gmt":"2020-03-07T21:50:05","slug":"futbol-de-primera-cucuta-deportivo-afronta-la-peor-campana-de-los-ultimos-tiempos","status":"publish","type":"post","link":"https:\/\/contraluzcucuta.co\/?p=35314","title":{"rendered":"F\u00daTBOL DE PRIMERA. C\u00facuta Deportivo afronta la peor campa\u00f1a de los \u00faltimos tiempos"},"content":{"rendered":"<p style=\"padding-left: 40px; text-align: right;\"><span style=\"color: #ff9900;\"><strong>C\u00daCUTA.-<\/strong> Peor no puede serla campa\u00f1a del C\u00facuta Deportivo en este primer campeonato del a\u00f1o. En siete partidos jugados ha conseguido tres puntos. \u00a1Qu\u00e9 tristeza! Tiene d\u00e9ficit de ocho goles y aparece en la \u00faltima posici\u00f3n de la tabla. No ha ganado el primer encuentro en la Liga y as\u00ed los directivos piensan que pueden llamar la atenci\u00f3n de los aficionados.<\/span><\/p>\n<p>Hoy, este equipo puede clasificarse como el m\u00e1s malo de los \u00faltimos tiempos. Aqu\u00ed se han visto n\u00f3minas flojas, pero es que esta es el fruto de la perversidad del accionista mayor, as\u00ed algunos periodistas insistan en salutaciones para Jos\u00e9 Augusto Cadena.<\/p>\n<p>Es tal pobreza del once motil\u00f3n que en el listado de anotadores y asistidores que entrega la Dimayor no aparece ning\u00fan miembro del club. Por m\u00e1s que se baje la vista en busca del representante rojinegro, no hay uno que saque la cabeza por el tristemente glorioso.<\/p>\n<p>En el apartado de la posesi\u00f3n del bal\u00f3n, los cucute\u00f1os promedian 44,5 %. \u00bfC\u00f3mo van a ganar un partido si no tienen la pelota para llegar al arco contrario? La respuesta es elemental. Para complemento, la efectividad de los pases, en cualquier espacio de la cancha llega al 76 %. Solo superan la inefectividad de los jugadores de Jaguares (74 %), Equidad y Pereira (75 %).<\/p>\n<p>Esto significa que de 337,3 pases solo han llegado bien a los compa\u00f1eros 257,4. Para recuperar ese bal\u00f3n perdido, los motilones han cometido 96 faltas y han recibido 93. En el af\u00e1n por llegar a la porter\u00eda contraria han ca\u00eddo 10 veces en fuera de lugar. Los cucute\u00f1os han visto en 19 ocasiones la tarjeta amarilla por ese juego brusco y tienen en el acumulado un expulsado.<\/p>\n<p>El cl\u00e1sico contra Atl\u00e9tico Bucaramanga dej\u00f3 los siguientes n\u00fameros para el C\u00facuta Deportivo.<\/p>\n<p>1.- Remates al arco: 1 (7)<\/p>\n<ol start=\"2\">\n<li>Total de remates: 12 (14)<\/li>\n<\/ol>\n<p>3.- Duelos a\u00e9reos ganados: 16 (15)<\/p>\n<p>4.- Saques de esquina: 1 (3)<\/p>\n<p>5.- Faltas cometidas: 9 (17)<\/p>\n<p>6.- Tarjetas amarillas: 4 (3)<\/p>\n<p>7.- Tarjetas rojas: 0 (0).<\/p>\n<p>8.- M\u00e1s pases efectivos: J. Pineda con 46<\/p>\n<p>9.- M\u00e1s recuperaciones: J. Pineda con 8<\/p>\n<p>10.- M\u00e1s duelos ganados: J. Pineda con 10.<\/p>\n<p>El siguiente encuentro ser\u00e1 contra Jaguares, en calidad de visitante.\u00a0 El rival de turno tiene siete puntos, merced a dos triunfos y un empate. Es 16 en la tabla y tiene menos dos goles. Los jueces del partido ser\u00e1n:<\/p>\n<ul>\n<li>Central: Andr\u00e9s Rojas \u2013 Bogot\u00e1<\/li>\n<li>Asistente 1: Herminzul Calder\u00f3n \u2013 Asocafa<\/li>\n<li>Asistente 2: Camilo S\u00e1nchez \u2013 Asocafa<\/li>\n<li>Emergente: Never Manjarres \u2013 C\u00f3rdoba<\/li>\n<\/ul>\n","protected":false},"excerpt":{"rendered":"<p>C\u00daCUTA.- Peor no puede serla campa\u00f1a del C\u00facuta Deportivo en este primer campeonato del a\u00f1o. En siete partidos jugados ha conseguido tres puntos. \u00a1Qu\u00e9 tristeza! Tiene d\u00e9ficit de ocho goles y aparece en la \u00faltima posici\u00f3n de la tabla. No ha ganado el primer encuentro en la Liga y as\u00ed los directivos piensan que pueden &hellip;<\/p>\n","protected":false},"author":1,"featured_media":35315,"comment_status":"open","ping_status":"open","sticky":false,"template":"","format":"standard","meta":{"footnotes":""},"categories":[4,28],"tags":[4753,1166,2509],"class_list":["post-35314","post","type-post","status-publish","format-standard","has-post-thumbnail","hentry","category-barra","category-vistazo-deportivo","tag-cucuta-deportivo-2020","tag-estadio-general-santander","tag-jose-augusto-cadena"],"_links":{"self":[{"href":"https:\/\/contraluzcucuta.co\/index.php?rest_route=\/wp\/v2\/posts\/35314","targetHints":{"allow":["GET"]}}],"collection":[{"href":"https:\/\/contraluzcucuta.co\/index.php?rest_route=\/wp\/v2\/posts"}],"about":[{"href":"https:\/\/contraluzcucuta.co\/index.php?rest_route=\/wp\/v2\/types\/post"}],"author":[{"embeddable":true,"href":"https:\/\/contraluzcucuta.co\/index.php?rest_route=\/wp\/v2\/users\/1"}],"replies":[{"embeddable":true,"href":"https:\/\/contraluzcucuta.co\/index.php?rest_route=%2Fwp%2Fv2%2Fcomments&post=35314"}],"version-history":[{"count":1,"href":"https:\/\/contraluzcucuta.co\/index.php?rest_route=\/wp\/v2\/posts\/35314\/revisions"}],"predecessor-version":[{"id":35316,"href":"https:\/\/contraluzcucuta.co\/index.php?rest_route=\/wp\/v2\/posts\/35314\/revisions\/35316"}],"wp:featuredmedia":[{"embeddable":true,"href":"https:\/\/contraluzcucuta.co\/index.php?rest_route=\/wp\/v2\/media\/35315"}],"wp:attachment":[{"href":"https:\/\/contraluzcucuta.co\/index.php?rest_route=%2Fwp%2Fv2%2Fmedia&parent=35314"}],"wp:term":[{"taxonomy":"category","embeddable":true,"href":"https:\/\/contraluzcucuta.co\/index.php?rest_route=%2Fwp%2Fv2%2Fcategories&post=35314"},{"taxonomy":"post_tag","embeddable":true,"href":"https:\/\/contraluzcucuta.co\/index.php?rest_route=%2Fwp%2Fv2%2Ftags&post=35314"}],"curies":[{"name":"wp","href":"https:\/\/api.w.org\/{rel}","templated":true}]}}