{"id":35311,"date":"2020-03-07T16:06:20","date_gmt":"2020-03-07T21:06:20","guid":{"rendered":"http:\/\/contraluzcucuta.co\/?p=35311"},"modified":"2020-03-07T16:06:20","modified_gmt":"2020-03-07T21:06:20","slug":"notas-al-margen-la-importancia-del-centro-del-pensamiento-y-desarrollo-fronterizo","status":"publish","type":"post","link":"https:\/\/contraluzcucuta.co\/?p=35311","title":{"rendered":"NOTAS AL MARGEN. La importancia del Centro del Pensamiento y Desarrollo Fronterizo"},"content":{"rendered":"<p>1.- Mientras en C\u00facuta, la regi\u00f3n y la frontera no se capte, comprenda y aplique la noci\u00f3n y la pr\u00e1ctica de la uni\u00f3n y la labor en equipo, como tantas veces se ha se\u00f1alado y reiterado en diferentes encuentros y momentos de reflexi\u00f3n, la situaci\u00f3n socioecon\u00f3mica, pol\u00edtica y cultural continuar\u00e1 en el mismo calvario y bajo el influjo de permanentes y muy precarias determinaciones, porque, adem\u00e1s, no se ha comprendido que la importante ubicaci\u00f3n geoestrat\u00e9gica de Colombia y Venezuela est\u00e1 llamada para convocar a directivos y voceros de las dos naciones, en unos prospectos de interrelaci\u00f3n e integraci\u00f3n generadores de empleo y motores de trasformaci\u00f3n y cambio si nos proponemos al logro y desarrollo de empresas industriales y de servicios, que canalicen y aprovechen las condiciones y caracter\u00edsticas de productos que pueden ser base y fundamento para nuevos y mayores empe\u00f1os.<\/p>\n<p>Los problemas se mantienen, porque ha faltado un aut\u00e9ntico y verdadero inter\u00e9s entre los agentes y los voceros de los dos gobiernos, como de las asociaciones privadas en lo gremial y asociativo, para que estuviera en operaci\u00f3n el Centro del Pensamiento y Desarrollo, para otorgarle presencia y fuerza estimuladora a la innovaci\u00f3n y a las nuevas tecnolog\u00edas, para as\u00ed ingresar a la modernidad y darle un giro de cambio y progreso a lo establecido y vigente en esta parte del mundo.<\/p>\n<p>2.- El Centro que se insin\u00faa y plantea, obviamente, debe sustentar y ser gu\u00eda y vocero de lo indispensable y urgente, tanto en lo acad\u00e9mico y docente, como en lo universitario y palpitante de la educaci\u00f3n colectiva.<\/p>\n<p>S\u00ed, es la b\u00fasqueda y hallazgo de una fuente de estudio y an\u00e1lisis para ayudar a cimentar y dar vigor a la suma de esfuerzos compartidos y para beneficio de todos.<\/p>\n<p>3.-\u200b\u200b Seguir creyendo y sustentando que eso solo pueden hacer las grandes potencias y representaciones del poder mundial, es no creer en el valor del trabajo compartido y la gesti\u00f3n forjadora del cambio operacional, que se genera en la suma de voluntades y deseos de superaci\u00f3n.<\/p>\n<p>El Centro del Pensamiento bien puede constituirse en la cita y el centro de estudios que tanto requerimos y nos hace falta. Los gobiernos de Colombia y Venezuela, que bien conocen tanto del parto, como de los dolores que experimentan sus pueblos y sus pobladores, debieran asumir una<\/p>\n<p>conducta de ejemplo, como ser\u00eda convocar a los n\u00facleos de direcci\u00f3n y protecci\u00f3n social a una labor conjunta y ejemplarizante, para aportar lo que se estime indispensable para construir y dotar esta universidad de frontera, dando vida y est\u00edmulo a los millones de colombo-venezolanos que no saben qu\u00e9 hacer y a los otros millones que pueden cumplir una misi\u00f3n si reciben el beneficio de mejorar su vida y abrir puertas a nuevas esperanzas y a la integraci\u00f3n.<\/p>\n<p><strong>JOS\u00c9 NEIRA REY<\/strong><\/p>\n<p><a href=\"mailto:jneirarey@hotmail.com\">jneirarey@hotmail.com<\/a><\/p>\n","protected":false},"excerpt":{"rendered":"<p>1.- Mientras en C\u00facuta, la regi\u00f3n y la frontera no se capte, comprenda y aplique la noci\u00f3n y la pr\u00e1ctica de la uni\u00f3n y la labor en equipo, como tantas veces se ha se\u00f1alado y reiterado en diferentes encuentros y momentos de reflexi\u00f3n, la situaci\u00f3n socioecon\u00f3mica, pol\u00edtica y cultural continuar\u00e1 en el mismo calvario y &hellip;<\/p>\n","protected":false},"author":1,"featured_media":35312,"comment_status":"open","ping_status":"open","sticky":false,"template":"","format":"standard","meta":{"footnotes":""},"categories":[14,4],"tags":[4818,578,382,956],"class_list":["post-35311","post","type-post","status-publish","format-standard","has-post-thumbnail","hentry","category-articulistas","category-barra","tag-centro-del-pensamiento-y-desarrollo","tag-frontera-colombo-venezolana","tag-jose-neira","tag-notas-al-margen"],"_links":{"self":[{"href":"https:\/\/contraluzcucuta.co\/index.php?rest_route=\/wp\/v2\/posts\/35311","targetHints":{"allow":["GET"]}}],"collection":[{"href":"https:\/\/contraluzcucuta.co\/index.php?rest_route=\/wp\/v2\/posts"}],"about":[{"href":"https:\/\/contraluzcucuta.co\/index.php?rest_route=\/wp\/v2\/types\/post"}],"author":[{"embeddable":true,"href":"https:\/\/contraluzcucuta.co\/index.php?rest_route=\/wp\/v2\/users\/1"}],"replies":[{"embeddable":true,"href":"https:\/\/contraluzcucuta.co\/index.php?rest_route=%2Fwp%2Fv2%2Fcomments&post=35311"}],"version-history":[{"count":1,"href":"https:\/\/contraluzcucuta.co\/index.php?rest_route=\/wp\/v2\/posts\/35311\/revisions"}],"predecessor-version":[{"id":35313,"href":"https:\/\/contraluzcucuta.co\/index.php?rest_route=\/wp\/v2\/posts\/35311\/revisions\/35313"}],"wp:featuredmedia":[{"embeddable":true,"href":"https:\/\/contraluzcucuta.co\/index.php?rest_route=\/wp\/v2\/media\/35312"}],"wp:attachment":[{"href":"https:\/\/contraluzcucuta.co\/index.php?rest_route=%2Fwp%2Fv2%2Fmedia&parent=35311"}],"wp:term":[{"taxonomy":"category","embeddable":true,"href":"https:\/\/contraluzcucuta.co\/index.php?rest_route=%2Fwp%2Fv2%2Fcategories&post=35311"},{"taxonomy":"post_tag","embeddable":true,"href":"https:\/\/contraluzcucuta.co\/index.php?rest_route=%2Fwp%2Fv2%2Ftags&post=35311"}],"curies":[{"name":"wp","href":"https:\/\/api.w.org\/{rel}","templated":true}]}}