{"id":35305,"date":"2020-03-07T11:54:03","date_gmt":"2020-03-07T16:54:03","guid":{"rendered":"http:\/\/contraluzcucuta.co\/?p=35305"},"modified":"2020-03-07T11:54:03","modified_gmt":"2020-03-07T16:54:03","slug":"la-nina-maria-un-ano-de-amor-y-caridad-para-los-ninos","status":"publish","type":"post","link":"https:\/\/contraluzcucuta.co\/?p=35305","title":{"rendered":"\u2018LA NI\u00d1A MAR\u00cdA\u2019. Un a\u00f1o de amor y caridad para los ni\u00f1os"},"content":{"rendered":"<p style=\"padding-left: 40px; text-align: right;\"><span style=\"color: #ff9900;\"><strong>C\u00daCUTA.-<\/strong> Cuarenta ni\u00f1os participaron en la apertura del Centro de Caridad de Ayuda Infantil \u2018La Ni\u00f1a Mar\u00eda\u2019. El objetivo es brindar atenci\u00f3n especial a los hijos de colombianos retornados, migrantes venezolanos y poblaci\u00f3n vulnerable.<\/span><\/p>\n<p>El compromiso de monse\u00f1or V\u00edctor Manuel Ochoa, obispo de la Di\u00f3cesis de C\u00facuta, ha permitido que en medio de la crisis fronteriza se emprendiera la obra de caridad. Mediante proceso de caracterizaci\u00f3n se identificaron los ni\u00f1os, hijos de padres que viven en la informalidad. Entre los cuidados que reciben destacan alimentaci\u00f3n, asistencia sicosocial y acompa\u00f1amiento l\u00fadico-pastoral.<\/p>\n<p>Al cumplirse un a\u00f1o, a diario, se atiende a 220 ni\u00f1os, como resultado de la Campa\u00f1a de Comunicaci\u00f3n Cristiana de Bienes 2019. A esta jornada de la Iglesia se suma la contribuci\u00f3n de personas de buena voluntad y de empresas privadas de la ciudad.<\/p>\n<p>El sacerdote Elver Rojas, director del Asilo Andresen, presidi\u00f3 la eucarist\u00eda por el aniversario y del Centro de Caridad de Ayuda Infantil \u2018La Ni\u00f1a Mar\u00eda\u2019. Destac\u00f3 que el Asilo, desde sus inicios (1904), ha velado por los ni\u00f1os vulnerables. \u201cLos ni\u00f1os van a agradecer, en un futuro, porque los apartamos de una sociedad violenta y crecieron contentos por el amor que Dios les ha dado\u201d.<\/p>\n<p>Despu\u00e9s de la Santa Misa, los asistentes disfrutaron de actos culturales durante la ma\u00f1ana, cantaron el cumplea\u00f1os y se deleitaron con el ponqu\u00e9. Ni\u00f1os y pap\u00e1s agradecieron la celebraci\u00f3n.<\/p>\n<p>La Di\u00f3cesis de C\u00facuta reiter\u00f3 que la Campa\u00f1a de Comunicaci\u00f3n Cristiana de Bienes 2020 ser\u00e1 destinada para apoyar a \u2018La Ni\u00f1a Mar\u00eda\u2019 y abrir 100 cupos m\u00e1s para los ni\u00f1os en situaci\u00f3n de vulnerabilidad. Quienes quieran vincularse pueden hacer el aporte en las alcanc\u00edas distribuidas en instituciones educativas y empresas de la ciudad de C\u00facuta.<\/p>\n<p>Para la celebraci\u00f3n del primer aniversario, se invit\u00f3 a los estudiantes que hacen pr\u00e1ctica profesional en sicolog\u00eda, trabajo social y pedagog\u00eda infantil, de las instituciones Programas T\u00e9cnicos Laborales de Colombia, Servicio Nacional de Aprendizaje, Corporaci\u00f3n Educativa Sin Fronteras, Instituto Bolivariano Esdise\u00f1os, Centro Tecnol\u00f3gico de C\u00facuta, Corporaci\u00f3n Universitaria Minuto de Dios y universidades de Pamplona, Sim\u00f3n Bol\u00edvar y Francisco de Paula Santander.<\/p>\n<p>Tambi\u00e9n, se unieron los estudiantes de bachillerato que adelantan labor social en \u2018La Ni\u00f1a Mar\u00eda\u2019 de los colegios Seminario Menor, Santa Teresa, Sagrado Coraz\u00f3n y Luis Carlos Gal\u00e1n, hicieron presencia, para apoyar la jornada.<\/p>\n","protected":false},"excerpt":{"rendered":"<p>C\u00daCUTA.- Cuarenta ni\u00f1os participaron en la apertura del Centro de Caridad de Ayuda Infantil \u2018La Ni\u00f1a Mar\u00eda\u2019. El objetivo es brindar atenci\u00f3n especial a los hijos de colombianos retornados, migrantes venezolanos y poblaci\u00f3n vulnerable. El compromiso de monse\u00f1or V\u00edctor Manuel Ochoa, obispo de la Di\u00f3cesis de C\u00facuta, ha permitido que en medio de la crisis &hellip;<\/p>\n","protected":false},"author":1,"featured_media":35306,"comment_status":"open","ping_status":"open","sticky":false,"template":"","format":"standard","meta":{"footnotes":""},"categories":[4,36],"tags":[2483,8,4817,4013,2490],"class_list":["post-35305","post","type-post","status-publish","format-standard","has-post-thumbnail","hentry","category-barra","category-la-voz-del-pueblo","tag-crisis-en-la-frontera","tag-diocesis-de-cucuta","tag-la-nina-maria","tag-migrantes-venezolanos","tag-monsenor-victor-manuel-ochoa"],"_links":{"self":[{"href":"https:\/\/contraluzcucuta.co\/index.php?rest_route=\/wp\/v2\/posts\/35305","targetHints":{"allow":["GET"]}}],"collection":[{"href":"https:\/\/contraluzcucuta.co\/index.php?rest_route=\/wp\/v2\/posts"}],"about":[{"href":"https:\/\/contraluzcucuta.co\/index.php?rest_route=\/wp\/v2\/types\/post"}],"author":[{"embeddable":true,"href":"https:\/\/contraluzcucuta.co\/index.php?rest_route=\/wp\/v2\/users\/1"}],"replies":[{"embeddable":true,"href":"https:\/\/contraluzcucuta.co\/index.php?rest_route=%2Fwp%2Fv2%2Fcomments&post=35305"}],"version-history":[{"count":1,"href":"https:\/\/contraluzcucuta.co\/index.php?rest_route=\/wp\/v2\/posts\/35305\/revisions"}],"predecessor-version":[{"id":35307,"href":"https:\/\/contraluzcucuta.co\/index.php?rest_route=\/wp\/v2\/posts\/35305\/revisions\/35307"}],"wp:featuredmedia":[{"embeddable":true,"href":"https:\/\/contraluzcucuta.co\/index.php?rest_route=\/wp\/v2\/media\/35306"}],"wp:attachment":[{"href":"https:\/\/contraluzcucuta.co\/index.php?rest_route=%2Fwp%2Fv2%2Fmedia&parent=35305"}],"wp:term":[{"taxonomy":"category","embeddable":true,"href":"https:\/\/contraluzcucuta.co\/index.php?rest_route=%2Fwp%2Fv2%2Fcategories&post=35305"},{"taxonomy":"post_tag","embeddable":true,"href":"https:\/\/contraluzcucuta.co\/index.php?rest_route=%2Fwp%2Fv2%2Ftags&post=35305"}],"curies":[{"name":"wp","href":"https:\/\/api.w.org\/{rel}","templated":true}]}}