{"id":35294,"date":"2020-03-04T22:28:50","date_gmt":"2020-03-05T03:28:50","guid":{"rendered":"http:\/\/contraluzcucuta.co\/?p=35294"},"modified":"2020-03-04T22:28:50","modified_gmt":"2020-03-05T03:28:50","slug":"crisis-en-venezuela-debemos-trabajar-unidos-para-poner-fin-a-la-dictadura-duque","status":"publish","type":"post","link":"https:\/\/contraluzcucuta.co\/?p=35294","title":{"rendered":"CRISIS EN VENEZUELA. Debemos trabajar unidos para poner fin a la dictadura: Duque"},"content":{"rendered":"<p style=\"padding-left: 40px; text-align: right;\"><span style=\"color: #ff9900;\">En la Conferencia de Pol\u00edticas del Comit\u00e9 de Asuntos P\u00fablicos Estados Unidos-Israel (Aipac, por sus siglasen ingl\u00e9s), que tuvo lugar en la capital estadounidense, el Presidente Iv\u00e1n Duque M\u00e1rquez afirm\u00f3 que es necesario trabajar unidos para poner fin a la dictadura de Venezuela, con el fin de que el progreso regrese a esta naci\u00f3n hermana y esto se traduzca en beneficio de los dem\u00e1s pa\u00edses de Am\u00e9rica Latina.<\/span><\/p>\n<p>\u201cMi visita aqu\u00ed, a Aipac, es un llamado para que ustedes miren a Am\u00e9rica Latina y vean que los valores de la democracia y el imperio de la ley y de la Equidad se tienen que proteger, y solo se pueden proteger si nosotros trabajamos unidos para que la dictadura en Venezuela llegue a su fin, y podamos ver un progreso continuo en ese pa\u00eds, para el bien de las dem\u00e1s naciones de Am\u00e9rica Latina\u201d, destac\u00f3 el Jefe de Estado durante su intervenci\u00f3n en el Centro de Convenciones Walter E. Washington.<\/p>\n<p>El Mandatario, adem\u00e1s, se\u00f1al\u00f3 que la dictadura en Venezuela \u201ctiene unas trazas de antisemitismo y le han abierto las puertas a Hezbol\u00e1, para que desde Venezuela apoyen los delitos y cr\u00edmenes que se cometen constantemente contra su poblaci\u00f3n\u201d.<\/p>\n<p>As\u00ed mismo, el Jefe de Estado resalt\u00f3 c\u00f3mo los colombianos les han abierto las puertas a los migrantes venezolanos, en medio de la crisis en el vecino pa\u00eds.<\/p>\n<p>Subray\u00f3 que Colombia no ha seguido la senda contra la inmigraci\u00f3n y que, al contrario, \u201chemos apoyado a nuestros hermanos y hermanas venezolanos que han venido a Colombia huyendo de los impactos de una dictadura espantosa\u201d.<\/p>\n<p><strong>Unidos contra el terrorismo<\/strong><\/p>\n<p>En su conferencia, el Presidente Duque destac\u00f3 c\u00f3mo con Estados Unidos y con Israel se han construido unas relaciones fluidas y duraderas, incluso en materia de seguridad.<\/p>\n<p>\u201cNosotros hemos recibido de Estados Unidos e Israel mucho apoyo para combatir el terrorismo. Nosotros sabemos que el terrorismo es una expresi\u00f3n de la corrupci\u00f3n, y hemos dejado muy claro que trabajaremos con nuestros aliados para combatir a todas las organizaciones terroristas del mundo\u201d, dijo el Mandatario, quien agreg\u00f3 que Colombia, con estos dos pa\u00edses, comparte que la seguridad es un valor democr\u00e1tico y es un activo social.<\/p>\n<p>En ese sentido, enfatiz\u00f3 que organizaciones criminales como Hezbol\u00e1, Ham\u00e1s, el Eln y las disidencias de las Farc deben ser derrotadas, \u201cporque nosotros no podemos tolerar que el terrorismo sea una expresi\u00f3n\u201d.<\/p>\n<p>El Presidente record\u00f3 que en enero de 2020 el Consejo de Seguridad Nacional adopt\u00f3 los listados de Estados Unidos y la Uni\u00f3n Europea de personas y organizaciones terroristas, con el fin de fortalecer la cooperaci\u00f3n internacional y la persecuci\u00f3n judicial en el pa\u00eds.<\/p>\n<p>\u201cDados los desaf\u00edos que enfrentamos, nosotros debemos hoy m\u00e1s que nunca seguir estando aliados y alineados con los principios de la democracia, porque cuando nosotros vemos una diplomacia sin principios, eso es hipocres\u00eda\u201d, concluy\u00f3 el Jefe de Estado.<\/p>\n<p>Cabe indicar que Aipac (American Israel Public Affairs Committee) es una organizaci\u00f3n bipartidista establecida en 1963, que gestiona en el Congreso de Estados Unidos y en la Casa Blanca la integraci\u00f3n entre esas dos naciones. A la Conferencia de Pol\u00edticas de Aipac asisten m\u00e1s de 18.000 estadounidenses amigos de Israel, miembros del Congreso, estudiantes universitarios y l\u00edderes jud\u00edos.<\/p>\n","protected":false},"excerpt":{"rendered":"<p>En la Conferencia de Pol\u00edticas del Comit\u00e9 de Asuntos P\u00fablicos Estados Unidos-Israel (Aipac, por sus siglasen ingl\u00e9s), que tuvo lugar en la capital estadounidense, el Presidente Iv\u00e1n Duque M\u00e1rquez afirm\u00f3 que es necesario trabajar unidos para poner fin a la dictadura de Venezuela, con el fin de que el progreso regrese a esta naci\u00f3n hermana &hellip;<\/p>\n","protected":false},"author":1,"featured_media":35295,"comment_status":"open","ping_status":"open","sticky":false,"template":"","format":"standard","meta":{"footnotes":""},"categories":[45,4],"tags":[1164,682,4339],"class_list":["post-35294","post","type-post","status-publish","format-standard","has-post-thumbnail","hentry","category-destacado","category-barra","tag-crisis-en-venezuela","tag-nicolas-maduro","tag-presidente-ivan-duque"],"_links":{"self":[{"href":"https:\/\/contraluzcucuta.co\/index.php?rest_route=\/wp\/v2\/posts\/35294","targetHints":{"allow":["GET"]}}],"collection":[{"href":"https:\/\/contraluzcucuta.co\/index.php?rest_route=\/wp\/v2\/posts"}],"about":[{"href":"https:\/\/contraluzcucuta.co\/index.php?rest_route=\/wp\/v2\/types\/post"}],"author":[{"embeddable":true,"href":"https:\/\/contraluzcucuta.co\/index.php?rest_route=\/wp\/v2\/users\/1"}],"replies":[{"embeddable":true,"href":"https:\/\/contraluzcucuta.co\/index.php?rest_route=%2Fwp%2Fv2%2Fcomments&post=35294"}],"version-history":[{"count":1,"href":"https:\/\/contraluzcucuta.co\/index.php?rest_route=\/wp\/v2\/posts\/35294\/revisions"}],"predecessor-version":[{"id":35296,"href":"https:\/\/contraluzcucuta.co\/index.php?rest_route=\/wp\/v2\/posts\/35294\/revisions\/35296"}],"wp:featuredmedia":[{"embeddable":true,"href":"https:\/\/contraluzcucuta.co\/index.php?rest_route=\/wp\/v2\/media\/35295"}],"wp:attachment":[{"href":"https:\/\/contraluzcucuta.co\/index.php?rest_route=%2Fwp%2Fv2%2Fmedia&parent=35294"}],"wp:term":[{"taxonomy":"category","embeddable":true,"href":"https:\/\/contraluzcucuta.co\/index.php?rest_route=%2Fwp%2Fv2%2Fcategories&post=35294"},{"taxonomy":"post_tag","embeddable":true,"href":"https:\/\/contraluzcucuta.co\/index.php?rest_route=%2Fwp%2Fv2%2Ftags&post=35294"}],"curies":[{"name":"wp","href":"https:\/\/api.w.org\/{rel}","templated":true}]}}