{"id":35287,"date":"2020-03-04T21:06:35","date_gmt":"2020-03-05T02:06:35","guid":{"rendered":"http:\/\/contraluzcucuta.co\/?p=35287"},"modified":"2020-03-04T21:06:35","modified_gmt":"2020-03-05T02:06:35","slug":"crecimiento-economico-norte-de-santander-y-santander-trabajan-para-lograr-cambios-en-la-region","status":"publish","type":"post","link":"https:\/\/contraluzcucuta.co\/?p=35287","title":{"rendered":"CRECIMIENTO ECON\u00d3MICO. Norte de Santander y Santander trabajan para lograr cambios en la regi\u00f3n"},"content":{"rendered":"<p style=\"padding-left: 40px; text-align: right;\"><span style=\"color: #ff9900;\"><strong>C\u00daCUTA.-<\/strong> Organismos p\u00fablicos de Norte de Santander y Santander fijaron pautas para trabajar unidos por el objetivo com\u00fan de atraer inversi\u00f3n nacional y extranjera para generar demanda de empleo y contribuir al mejoramiento de las condiciones de vida de los ciudadanos.<\/span><\/p>\n<p>El objetivo de la reuni\u00f3n es construir la regi\u00f3n so\u00f1ada y reafirmar el compromiso por la productividad, la tecnolog\u00eda, el emprendimiento y el mejoramiento del producto Interno Bruto (PIB) de C\u00facuta. En esta direcci\u00f3n, la administraci\u00f3n municipal contin\u00faa fortaleciendo lazos de hermandad con Bucaramanga.<\/p>\n<p>El alcalde Jairo Y\u00e1\u00f1ez encabez\u00f3 la reuni\u00f3n con empresarios de Bucaramanga para intercambiar ideas, informaci\u00f3n, planes, estrategias y experiencias que lleven a fortalecer la colaboraci\u00f3n. En el gesto de amistad y buena voluntad pactaron:<\/p>\n<p>1.- Explorar oportunidades en desarrollo econ\u00f3mico ambientalmente sostenible y competitividad regional.<\/p>\n<p>2.- Adelantar acciones necesarias para promover y proteger los recursos naturales<\/p>\n<p>3.- Defender el P\u00e1ramo de Santurb\u00e1n<\/p>\n<p>4.- Consolidar centros de investigaci\u00f3n que aporten valor agregado a la educaci\u00f3n, la industria y la manufactura, entre otros sectores de vital importancia para los dos departamentos.<\/p>\n<p>La estrategia de implementaci\u00f3n del R\u00e9gimen Tributario Zonas Econ\u00f3micas Sociales Especiales (Zese) beneficia de manera importante a los empresarios que se unan al proyecto, entre sociedades comerciales, nuevas o existentes, que desarrollen actividades econ\u00f3micas, industriales, comerciales, agropecuarias, de turismo y salud, en Norte de Santander.<\/p>\n<p>El beneficio es a partir de la implementaci\u00f3n de una tarifa especial de renta del 0 % durante los primeros cinco a\u00f1os de vigencia del beneficio, del 50 % de descuento del quinto, al d\u00e9cimo a\u00f1o de la vigencia.<\/p>\n<p>Otros beneficios:<\/p>\n<ul>\n<li>Zona Franca (Ley 1955 de 2019)<\/li>\n<li>Zonas m\u00e1s Afectadas por el Conflicto Armado (Zomac), (Decreto 1650 de 2017)<\/li>\n<li>Incentivo tributario para empresas de econom\u00eda naranja (Decreto 1669 de 2019)<\/li>\n<li>Para el desarrollo del campo colombiano (Ley 1955 de 2019)<\/li>\n<li>Beneficios tributarios por inversi\u00f3n en ciencia, tecnolog\u00eda e inversi\u00f3n (Estatuto Tributario art\u00edculo 158-1 y 256)<\/li>\n<li>Inversiones en medio ambiente (Estatuto Tributario art\u00edculo 255 y Decreto 2255 de 2017)<\/li>\n<li>Descuentos tributarios por generaci\u00f3n de empleo e impuestos territoriales (ICA).<\/li>\n<\/ul>\n<p>\u201cSomos m\u00e1s de 320 empresas registradas ante la DIAN con la intenci\u00f3n de promover las Zonas Econ\u00f3micas Especiales (ZESE). Es un llamado al compromiso por la productividad, la tecnolog\u00eda, el emprendimiento y el mejoramiento del producto Interno Bruto (PIB), que permitir\u00e1 hacer una mejor distribuci\u00f3n del ingreso per c\u00e1pita de la regi\u00f3n\u201d, dijo Jairo Y\u00e1\u00f1ez, alcalde de C\u00facuta.<\/p>\n<p>Las conclusiones que dej\u00f3 el encuentro, enmarcado dentro de la pol\u00edtica de crecimiento y reactivaci\u00f3n econ\u00f3mica que ha querido promover el Gobierno Nacional y que ha denominado ZESE, son las de establecer el compromiso de todos los involucrados y trabajar de la mano para hacer visibles y reales las estrategias que ejecutadas de la mejor manera pueden lograr grandes cambios para ambas regiones.<\/p>\n","protected":false},"excerpt":{"rendered":"<p>C\u00daCUTA.- Organismos p\u00fablicos de Norte de Santander y Santander fijaron pautas para trabajar unidos por el objetivo com\u00fan de atraer inversi\u00f3n nacional y extranjera para generar demanda de empleo y contribuir al mejoramiento de las condiciones de vida de los ciudadanos. El objetivo de la reuni\u00f3n es construir la regi\u00f3n so\u00f1ada y reafirmar el compromiso &hellip;<\/p>\n","protected":false},"author":1,"featured_media":35288,"comment_status":"open","ping_status":"open","sticky":false,"template":"","format":"standard","meta":{"footnotes":""},"categories":[4,6],"tags":[226,4730,4095],"class_list":["post-35287","post","type-post","status-publish","format-standard","has-post-thumbnail","hentry","category-barra","category-ojo-avizor","tag-alcaldia-de-cucuta","tag-zese","tag-zomac"],"_links":{"self":[{"href":"https:\/\/contraluzcucuta.co\/index.php?rest_route=\/wp\/v2\/posts\/35287","targetHints":{"allow":["GET"]}}],"collection":[{"href":"https:\/\/contraluzcucuta.co\/index.php?rest_route=\/wp\/v2\/posts"}],"about":[{"href":"https:\/\/contraluzcucuta.co\/index.php?rest_route=\/wp\/v2\/types\/post"}],"author":[{"embeddable":true,"href":"https:\/\/contraluzcucuta.co\/index.php?rest_route=\/wp\/v2\/users\/1"}],"replies":[{"embeddable":true,"href":"https:\/\/contraluzcucuta.co\/index.php?rest_route=%2Fwp%2Fv2%2Fcomments&post=35287"}],"version-history":[{"count":1,"href":"https:\/\/contraluzcucuta.co\/index.php?rest_route=\/wp\/v2\/posts\/35287\/revisions"}],"predecessor-version":[{"id":35289,"href":"https:\/\/contraluzcucuta.co\/index.php?rest_route=\/wp\/v2\/posts\/35287\/revisions\/35289"}],"wp:featuredmedia":[{"embeddable":true,"href":"https:\/\/contraluzcucuta.co\/index.php?rest_route=\/wp\/v2\/media\/35288"}],"wp:attachment":[{"href":"https:\/\/contraluzcucuta.co\/index.php?rest_route=%2Fwp%2Fv2%2Fmedia&parent=35287"}],"wp:term":[{"taxonomy":"category","embeddable":true,"href":"https:\/\/contraluzcucuta.co\/index.php?rest_route=%2Fwp%2Fv2%2Fcategories&post=35287"},{"taxonomy":"post_tag","embeddable":true,"href":"https:\/\/contraluzcucuta.co\/index.php?rest_route=%2Fwp%2Fv2%2Ftags&post=35287"}],"curies":[{"name":"wp","href":"https:\/\/api.w.org\/{rel}","templated":true}]}}