{"id":35278,"date":"2020-03-02T17:40:38","date_gmt":"2020-03-02T22:40:38","guid":{"rendered":"http:\/\/contraluzcucuta.co\/?p=35278"},"modified":"2020-03-02T17:40:38","modified_gmt":"2020-03-02T22:40:38","slug":"el-catatumbo-entre-2015-y-2019-aumento-en-77-la-tasa-de-homicidios-en-la-region","status":"publish","type":"post","link":"https:\/\/contraluzcucuta.co\/?p=35278","title":{"rendered":"EL CATATUMBO. Entre 2015 y 2019, aument\u00f3 en 77 % la tasa de homicidios en la regi\u00f3n"},"content":{"rendered":"<p style=\"padding-left: 40px; text-align: right;\"><span style=\"color: #ff9900;\">La regi\u00f3n de El Catatumbo, hist\u00f3ricamente, ha sufrido las consecuencias del abandono hist\u00f3rico del Estado, situaci\u00f3n que se agrava ante la falta de la garant\u00eda de acceso a derechos, lo cual ha generado una serie de problemas de distinto orden que siguen sin soluci\u00f3n. Como ingrediente, est\u00e1 la falta de voluntad de los sucesivos gobiernos que han hecho caso omiso a sus obligaciones y dem\u00e1s responsabilidades con la comunidad campesina.<\/span><\/p>\n<p>Frente a ello, y a pesar de la existencia de grandes avances en la construcci\u00f3n de escenarios de interlocuci\u00f3n y la puesta en conocimiento de las demandas y las necesidades de las comunidades, y logrados al calor de la lucha social, se evidencia un claro incumplimiento a los acuerdos pactados.<\/p>\n<p>Esto se refleja en la cr\u00edtica situaci\u00f3n humanitaria, relacionada con el evidente incumplimiento del acuerdo de paz firmado con las Farc-EP en su integralidad y tambi\u00e9n por la terminaci\u00f3n de la mesa de di\u00e1logos con el Eln, acci\u00f3n que de plano est\u00e1 en manos del Gobierno en el deber de velar por la construcci\u00f3n de la paz.<\/p>\n<p>Como es de p\u00fablico conocimiento, la guerra entre Eln y Epl, desde el 2018, los paros armados declarados por ambas organizaciones en febrero y la progresiva militarizaci\u00f3n del territorio por parte de la Fuerza P\u00fablica, se han traducido en agresiones permanentes contra la poblaci\u00f3n civil con graves violaciones a los derechos humanos e infracciones al derecho internacional humanitario.<\/p>\n<p>Entre estos, desplazamientos forzados y confinamiento de comunidades campesinas, amenazas, secuestros, constre\u00f1imientos y asesinatos de l\u00edderes sociales, ex guerrilleros de las Farc \u2013 EP y amenazas generales a las organizaciones campesinas y de acci\u00f3n comunal que se han convertido en una situaci\u00f3n constante en la regi\u00f3n en los \u00faltimos dos a\u00f1os.<\/p>\n<p>Las restricciones a la movilidad han generado el empobrecimiento progresivo del campesinado, que sigue acumulando deudas y est\u00e1 en constante victimizaci\u00f3n.<\/p>\n<p>Desde el 5 de febrero, se han registrado varias situaciones que evidencian la grave crisis humanitaria. Seg\u00fan la Oficina de Coordinaci\u00f3n de Asuntos Humanitarios de las Naciones Unidas (OCHA), a 21 de febrero m\u00e1s de 20.000 personas se encontraron en El Catatumbo con restricciones de movilidad y acceso a la salud. Al menos 11.700 ni\u00f1os y adolescentes estaban sin acceso a educaci\u00f3n. Adem\u00e1s, 489 personas se reportaron desplazadas ante las alcald\u00edas.<\/p>\n<p>La Asopersoneros del Catatumbo report\u00f3 que 675 toneladas de productos agr\u00edcolas se perdieron. En 2018, los combates registrados por esta confrontaci\u00f3n provocaron el desplazamiento masivo de 14.902 personas, seg\u00fan datos de la Defensor\u00eda del Pueblo, ubic\u00e1ndose esta regi\u00f3n en el primer lugar del pa\u00eds en desplazamientos ese a\u00f1o. As\u00ed mismo, se registraron 33 comunidades en situaci\u00f3n de confinamiento.<\/p>\n<p>En 2019, estas tensiones se materializaron en el desplazamiento masivo de 2874 personas. Al menos 14 muertos y 69 heridos han resultado por incidentes con MAP y MUSE, desde 2018, seg\u00fan la Oficina de Derechos Humanos de Naciones Unidas.<\/p>\n<p>En el periodo de 2015 a 2019, se increment\u00f3 en 77 % la tasa de homicidios en la regi\u00f3n. Tib\u00fa present\u00f3 una tasa de homicidios de 244 por 100.000 habitantes, en 2019. Esto, a pesar del incremento progresivo del pie de fuerza en la regi\u00f3n. La gravedad de esta situaci\u00f3n est\u00e1 recogida en los siete informes de riesgo del Sistema de Alertas Tempranas de la Defensor\u00eda del Pueblo vigentes en la regi\u00f3n.<\/p>\n<p>Actualmente, los procesos sociales y de acci\u00f3n comunal que confluyen en la Comisi\u00f3n por la Vida, la Reconciliaci\u00f3n y la Paz del Catatumbo enfrentan amenazas directas de actores armados que impiden el normal desarrollo del trabajo organizativo en el territorio.<\/p>\n<p>La respuesta estatal a esta realidad se ha limitado al aumento de pie de fuerza, lo que en la pr\u00e1ctica solo ha significado el crecimiento de los niveles de riesgo para las comunidades campesinas y sus liderazgos. Como muestra, se tiene que en lo corrido del a\u00f1o han sido asesinados tres l\u00edderes sociales en la regi\u00f3n.<\/p>\n<p>Desde 2018, la Oficina de Derechos Humanos de Naciones Unidas ha documentado el homicidio de 14 defensores de El Catatumbo, la mayor\u00eda comunales y miembros de asociaciones campesinas. Muchos defensores han tenido que salir del territorio para preservar la vida y los que permanecen han reducido significativamente la labor de defensa de las comunidades, quedando estas en mayor vulnerabilidad.<\/p>\n<p>En este escenario que demuestra el peligro para la comunidad y para las organizaciones sociales, cabe hacer una serie de cuestionamientos que la comunidad quiere que sean resueltos. Existen fallas e incumplimientos reiterados desde los paros agrarios desarrollados en los \u00faltimos a\u00f1os. Por ello preguntamos:<\/p>\n<p>1.- \u00bfQu\u00e9 paso con los acuerdos sociales de la mesa de interlocuci\u00f3n y cuerdo MIA -Catatumbo?<\/p>\n<p>2.- \u00bfQu\u00e9 paso con los acuerdos de la mesa social y comunitaria?<\/p>\n<p>3.- \u00bfPor qu\u00e9 no se ha cumplido la sentencia\u00a0 T \u2013 052\/17?<\/p>\n<p>4.- \u00bfPor qu\u00e9 Jos\u00e9 Emilio Archila no permite la participaci\u00f3n de las organizaciones sociales en la construcci\u00f3n de la hoja de ruta del PDET?<\/p>\n<p>5.- \u00bfCu\u00e1les son las intenciones de incumplirles a las 3000 familias que firmaron el acuerdo de sustituci\u00f3n de cultivos de coca en \u00a0Tib\u00fa y Sardinata?<\/p>\n<p>6.- \u00bfD\u00f3nde est\u00e1 la Reforma Rural Integral?<\/p>\n<p>7.- \u00bfD\u00f3nde est\u00e1 la expansi\u00f3n de la democracia?<\/p>\n<p>8.- \u00bfD\u00f3nde quedaron los derechos de las v\u00edctimas del conflicto?<\/p>\n<p>9.- \u00bfD\u00f3nde est\u00e1 el Programa de Sustituci\u00f3n de Cultivos de Uso Il\u00edcito?<\/p>\n<p>10.- \u00bfAcaso no hay planes para volver a la erradicaci\u00f3n forzada y el uso del glifosato siendo este cancer\u00edgeno seg\u00fan concepto de Naciones Unidas?<\/p>\n<p>11.- \u00bfD\u00f3nde est\u00e1 el fin del conflicto armado?<\/p>\n<p>12.- \u00bfD\u00f3nde est\u00e1n las garant\u00edas de seguridad para los excombatientes y los l\u00edderes sociales?<\/p>\n<p>13.- \u00bfD\u00f3nde est\u00e1 la participaci\u00f3n pol\u00edtica de las v\u00edctimas?<\/p>\n<p><strong>Comisi\u00f3n por la Vida, la Reconciliaci\u00f3n y la Paz del Catatumbo<\/strong><\/p>\n","protected":false},"excerpt":{"rendered":"<p>La regi\u00f3n de El Catatumbo, hist\u00f3ricamente, ha sufrido las consecuencias del abandono hist\u00f3rico del Estado, situaci\u00f3n que se agrava ante la falta de la garant\u00eda de acceso a derechos, lo cual ha generado una serie de problemas de distinto orden que siguen sin soluci\u00f3n. Como ingrediente, est\u00e1 la falta de voluntad de los sucesivos gobiernos &hellip;<\/p>\n","protected":false},"author":1,"featured_media":35279,"comment_status":"open","ping_status":"open","sticky":false,"template":"","format":"standard","meta":{"footnotes":""},"categories":[11,4],"tags":[4808,246],"class_list":["post-35278","post","type-post","status-publish","format-standard","has-post-thumbnail","hentry","category-cronica-roja","category-barra","tag-asopersoneros-del-catatumbo","tag-el-catatumbo"],"_links":{"self":[{"href":"https:\/\/contraluzcucuta.co\/index.php?rest_route=\/wp\/v2\/posts\/35278","targetHints":{"allow":["GET"]}}],"collection":[{"href":"https:\/\/contraluzcucuta.co\/index.php?rest_route=\/wp\/v2\/posts"}],"about":[{"href":"https:\/\/contraluzcucuta.co\/index.php?rest_route=\/wp\/v2\/types\/post"}],"author":[{"embeddable":true,"href":"https:\/\/contraluzcucuta.co\/index.php?rest_route=\/wp\/v2\/users\/1"}],"replies":[{"embeddable":true,"href":"https:\/\/contraluzcucuta.co\/index.php?rest_route=%2Fwp%2Fv2%2Fcomments&post=35278"}],"version-history":[{"count":1,"href":"https:\/\/contraluzcucuta.co\/index.php?rest_route=\/wp\/v2\/posts\/35278\/revisions"}],"predecessor-version":[{"id":35280,"href":"https:\/\/contraluzcucuta.co\/index.php?rest_route=\/wp\/v2\/posts\/35278\/revisions\/35280"}],"wp:featuredmedia":[{"embeddable":true,"href":"https:\/\/contraluzcucuta.co\/index.php?rest_route=\/wp\/v2\/media\/35279"}],"wp:attachment":[{"href":"https:\/\/contraluzcucuta.co\/index.php?rest_route=%2Fwp%2Fv2%2Fmedia&parent=35278"}],"wp:term":[{"taxonomy":"category","embeddable":true,"href":"https:\/\/contraluzcucuta.co\/index.php?rest_route=%2Fwp%2Fv2%2Fcategories&post=35278"},{"taxonomy":"post_tag","embeddable":true,"href":"https:\/\/contraluzcucuta.co\/index.php?rest_route=%2Fwp%2Fv2%2Ftags&post=35278"}],"curies":[{"name":"wp","href":"https:\/\/api.w.org\/{rel}","templated":true}]}}