{"id":35255,"date":"2020-03-01T20:50:08","date_gmt":"2020-03-02T01:50:08","guid":{"rendered":"http:\/\/contraluzcucuta.co\/?p=35255"},"modified":"2020-03-01T20:55:07","modified_gmt":"2020-03-02T01:55:07","slug":"carta-al-nono-rafa-gracias-por-llevarme-a-jugar-al-maracana","status":"publish","type":"post","link":"https:\/\/contraluzcucuta.co\/?p=35255","title":{"rendered":"CARTA AL NONO RAFA. Gracias por llevarme a jugar al Maracan\u00e1"},"content":{"rendered":"<p style=\"padding-left: 40px; text-align: right;\"><span style=\"color: #ff9900;\"><strong>C\u00daCUTA.-<\/strong> Hola, Nono. Le escribo desde C\u00facuta, esta ciudad que pareciera no levantar cabeza. Vea, la administraci\u00f3n municipal se ha complicado en la ejecuci\u00f3n de las tareas, el coronavirus amag\u00f3 con llegar, los concejales hacen control pol\u00edtico a destajo y el once motil\u00f3n sumido en crisis. No s\u00e9 si le gustan estos asuntos o pasamos a algo m\u00e1s suave.<\/span><\/p>\n<p>En plena antesala al Cl\u00e1sico del Oriente, otrora uno de los partidos que convocaban m\u00e1s hinchada al estadio, tuve la oportunidad de debutar como jugador de f\u00fatbol en proceso. Recuerde que tengo 7 a\u00f1os y muchos sue\u00f1os por cumplir con la camiseta rojinegra. Este mal no puede quedarse hasta cuando tenga edad para entrar al profesionalismo.<\/p>\n<p>Nono, el d\u00eda que me convocaron fue grande para m\u00ed y ser\u00e1 inolvidable. Pas\u00e9 noches imaginando c\u00f3mo ser\u00eda ese momento y cuando me descartaban del equipo que afrontar\u00eda el siguiente compromiso me deprim\u00eda. Usted sabe que me he preparado mentalmente, gracias a la Fifa 2020 que me trajo el Ni\u00f1o Dios, y que tengo mecanizados algunos movimientos, en especial los del Comandante.<\/p>\n<p>El Profe, como es costumbre despu\u00e9s del entreno del viernes, dio la charla de remate de semana y entreg\u00f3 la lista de quienes deb\u00edamos defender estos colores que llevo con orgullo. \u00bfSer\u00e1 que a Cadena no le importa el brillo que destellan el rojo y el negro cucute\u00f1os? Tranquilo, Nono, no responda, no quiero comprometerlo.<\/p>\n<p>Ten\u00eda nervios y llegu\u00e9 a creer que ser\u00eda otro fin de semana sin jugar. No quise mirar al Profe para no intimidarlo y lo dej\u00e9 en libertad para que escogiera a los ni\u00f1os. As\u00ed deber\u00edan hacer los pol\u00edticos, dejar en libertad al alcalde Y\u00e1\u00f1ez y permitirle que act\u00fae en favor de la ciudad. Otra vez me met\u00ed con temas que desconozco.<\/p>\n<p>Cuando, casi al final de la lista, apareci\u00f3 mi nombre sent\u00ed enorme alegr\u00eda. Quer\u00eda gritar de emoci\u00f3n. Mir\u00e9 para afuera de la cancha y usted no estaba. Vi a mi pap\u00e1 y corr\u00ed a contarle. Ten\u00eda mucha alegr\u00eda, parecida a la que experiment\u00f3 el ingeniero Jairo cuando gan\u00f3 en octubre, pero la m\u00eda era inocente.<\/p>\n<p>Nono, esa noche dorm\u00ed tranquilo y descans\u00e9. No llor\u00e9, como los viernes anteriores cuando no me convocaron. Creo que en el sue\u00f1o sonre\u00eda e imaginaba la cancha grande, de grama artificial, con porter\u00edas anchas en las que meter\u00eda muchos goles, como los que nos meten los pol\u00edticos antes y despu\u00e9s de elecciones. Perd\u00f3n, no quer\u00eda decir eso.<\/p>\n<p>Y lleg\u00f3 el s\u00e1bado. Ese d\u00eda si estaba usted ah\u00ed, listo para llevarme a jugar. Yo vest\u00eda el uniforme caracter\u00edstico del tristemente glorioso, me sent\u00eda feliz. Ser\u00eda mi primer partido oficial con esa camiseta. El coraz\u00f3n estaba acelerado y en la mente solo aparec\u00edan im\u00e1genes de los jugadores que quiero imitar. \u00bfEs cierto que Y\u00e1\u00f1ez quiere ser otro Rodolfo?<\/p>\n<p>Imag\u00ednese, despu\u00e9s de abandonar el gusto por la porter\u00eda le tom\u00e9 el pulso a la delantera y espero ser goleador. Claro, en mi debut me pusieron como marcador por la izquierda y me dieron el 25. Algo es algo. Corr\u00ed la cancha a m\u00e1s no poder, seguro que le puse voluntad, marqu\u00e9 con fortaleza y cort\u00e9 jugadas como los mejores en este puesto. Aunque no me sent\u00ed a gusto. \u00bfCierto que as\u00ed est\u00e1n los cucute\u00f1os con el alcalde?<\/p>\n<p>Al final del partido, sudoroso, mir\u00e9 a la tribuna en busca de un halago y lo encontr\u00e9 en usted. Esta semana trabajar\u00e9 duro para ganarme la nueva convocatoria y estar otra vez en la titular de este C\u00facuta Deportivo que despierta m\u00e1s emociones que el de Cadena. Por lo menos nos van a ver jugar los padres de familia y no nos hacen huelga en la Plaza de Banderas.<\/p>\n<p>Nono, gracias por llevarme a jugar a la cancha Maracan\u00e1, en Villa del Rosario. Nada comparable con el verdadero estadio brasile\u00f1o, pero algo es algo para debutar vestido de rojo y negro.<\/p>\n<p>Atentamente, su nieto:<\/p>\n<p><strong>SAMUEL YAMIT PAB\u00d3N<\/strong><\/p>\n","protected":false},"excerpt":{"rendered":"<p>C\u00daCUTA.- Hola, Nono. Le escribo desde C\u00facuta, esta ciudad que pareciera no levantar cabeza. Vea, la administraci\u00f3n municipal se ha complicado en la ejecuci\u00f3n de las tareas, el coronavirus amag\u00f3 con llegar, los concejales hacen control pol\u00edtico a destajo y el once motil\u00f3n sumido en crisis. No s\u00e9 si le gustan estos asuntos o pasamos &hellip;<\/p>\n","protected":false},"author":1,"featured_media":35256,"comment_status":"open","ping_status":"open","sticky":false,"template":"","format":"standard","meta":{"footnotes":""},"categories":[4,28],"tags":[4229,192],"class_list":["post-35255","post","type-post","status-publish","format-standard","has-post-thumbnail","hentry","category-barra","category-vistazo-deportivo","tag-carta-al-nono","tag-cucuta-deportivo"],"_links":{"self":[{"href":"https:\/\/contraluzcucuta.co\/index.php?rest_route=\/wp\/v2\/posts\/35255","targetHints":{"allow":["GET"]}}],"collection":[{"href":"https:\/\/contraluzcucuta.co\/index.php?rest_route=\/wp\/v2\/posts"}],"about":[{"href":"https:\/\/contraluzcucuta.co\/index.php?rest_route=\/wp\/v2\/types\/post"}],"author":[{"embeddable":true,"href":"https:\/\/contraluzcucuta.co\/index.php?rest_route=\/wp\/v2\/users\/1"}],"replies":[{"embeddable":true,"href":"https:\/\/contraluzcucuta.co\/index.php?rest_route=%2Fwp%2Fv2%2Fcomments&post=35255"}],"version-history":[{"count":2,"href":"https:\/\/contraluzcucuta.co\/index.php?rest_route=\/wp\/v2\/posts\/35255\/revisions"}],"predecessor-version":[{"id":35259,"href":"https:\/\/contraluzcucuta.co\/index.php?rest_route=\/wp\/v2\/posts\/35255\/revisions\/35259"}],"wp:featuredmedia":[{"embeddable":true,"href":"https:\/\/contraluzcucuta.co\/index.php?rest_route=\/wp\/v2\/media\/35256"}],"wp:attachment":[{"href":"https:\/\/contraluzcucuta.co\/index.php?rest_route=%2Fwp%2Fv2%2Fmedia&parent=35255"}],"wp:term":[{"taxonomy":"category","embeddable":true,"href":"https:\/\/contraluzcucuta.co\/index.php?rest_route=%2Fwp%2Fv2%2Fcategories&post=35255"},{"taxonomy":"post_tag","embeddable":true,"href":"https:\/\/contraluzcucuta.co\/index.php?rest_route=%2Fwp%2Fv2%2Ftags&post=35255"}],"curies":[{"name":"wp","href":"https:\/\/api.w.org\/{rel}","templated":true}]}}