{"id":35252,"date":"2020-03-01T19:00:53","date_gmt":"2020-03-02T00:00:53","guid":{"rendered":"http:\/\/contraluzcucuta.co\/?p=35252"},"modified":"2020-03-01T19:00:53","modified_gmt":"2020-03-02T00:00:53","slug":"el-catatumbo-las-causas-de-la-crisis-social-humanitaria-no-se-reducen-a-la-confrontacion-eln-epl","status":"publish","type":"post","link":"https:\/\/contraluzcucuta.co\/?p=35252","title":{"rendered":"EL CATATUMBO. Las causas de la crisis social humanitaria no se reducen a la confrontaci\u00f3n Eln &#8211; Epl"},"content":{"rendered":"<p style=\"padding-left: 40px; text-align: right;\"><span style=\"color: #ff9900;\">La Comisi\u00f3n por la Vida, la Reconciliaci\u00f3n y la Paz del Catatumbo es un espacio de articulaci\u00f3n en el que confluyen los distintos procesos sociales y comunitarios de la regi\u00f3n de El Catatumbo, conformado en 2018 en la b\u00fasqueda de respuestas humanitarias a la grave crisis social, pol\u00edtica y econ\u00f3mica de la regi\u00f3n del Catatumbo a ra\u00edz de la agudizaci\u00f3n del conflicto armado. Este espacio es acompa\u00f1ado por Defensor\u00eda del Pueblo, la Oficina de Derechos Humanos de Naciones Unidas y la comisi\u00f3n diocesana de reconciliaci\u00f3n y paz de la iglesia cat\u00f3lica.<\/span><\/p>\n<p>Las causas de la crisis social humanitaria que vive El Catatumbo obedecen a una serie de factores estructurales de fondo con antecedentes hist\u00f3ricos que no se reducen a la actual confrontaci\u00f3n armada entre el Eln y el Epl, los cuales deben ser resueltos de acuerdo con las realidades sociales, econ\u00f3micas, pol\u00edticas y dem\u00e1s relacionadas.<\/p>\n<p>Ante esa situaci\u00f3n, la Comisi\u00f3n present\u00f3 las siguientes propuestas:<\/p>\n<p>1.- Que las organizaciones alzadas en armas que hacen presencia en El Catatumbo hagan manifiesto el compromiso de suspender hostilidades que afecten a la poblaci\u00f3n civil, se respete sin excepci\u00f3n a l\u00edderes sociales, defensores de derechos humanos y juntas de acci\u00f3n comunal, y se reconozca el acuerdo de paz con las Farc-EP, como mecanismo para avanzar en la b\u00fasqueda del cierre definitivo del conflicto armado mediante el di\u00e1logo.<\/p>\n<p>2.- Como medida de urgencia solicitamos al Gobierno y al Gobernador que permitan conformar una Comisi\u00f3n Humanitaria con la Comisi\u00f3n Diocesana de Reconciliaci\u00f3n y Paz de la Iglesia Cat\u00f3lica, y que la Comisi\u00f3n por la Vida, la Reconciliaci\u00f3n y la Paz del Catatumbo sea facultada para buscar m\u00ednimos o acuerdos humanitarios que sustraigan a la poblaci\u00f3n civil del conflicto armado. As\u00ed mismo, instamos a la comisi\u00f3n de paz del congreso a que acompa\u00f1e los escenarios de dialogo social en la regi\u00f3n y que permitan formular mecanismos alternativos que mitiguen los impactos del conflicto armado en Catatumbo.<\/p>\n<p>3.- Solicitamos al Gobierno, al Gobernador y a los alcaldes el inicio de di\u00e1logos regionales de paz, siguiendo el modelo de di\u00e1logos \u00fatiles aplicado en 2017 y 2018 desde el Consejo Departamental de Paz, que permitan despejar el camino del di\u00e1logo nacional por la paz con las organizaciones alzadas en armas y garantizar el respeto a los derechos humanos y al derecho internacional humanitario y a su vez la consecuci\u00f3n de la paz completa.<\/p>\n<p>4.- A la Gobernaci\u00f3n y las alcald\u00edas identificar a familias que por la crisis humanitaria no pudieron cumplir obligaciones de cr\u00e9dito a tiempo con instituciones financieras del sector p\u00fablico y condonar sus deudas. De igual manera subsidiar a aquellas familias que teniendo obligaciones con empresas privadas o particulares no pudieron cumplirlas por la crisis humanitaria. Esto est\u00e1 reconocido en la Ley 1448 de 2011, art\u00edculo 128. Se requiere un plan de inversi\u00f3n para recuperaci\u00f3n de las p\u00e9rdidas de los peque\u00f1os y medianos agricultores.<\/p>\n<p>5.- Se active la atenci\u00f3n a las v\u00edctimas de la crisis humanitaria mencionada en el marco de la Ley 1448 de 2011 para asegurar la atenci\u00f3n integral. Se solicita seguimiento de la Procuradur\u00eda en la aplicaci\u00f3n de esta norma.<\/p>\n<p>6.- Dar cumplimiento a las recomendaciones incluidas en los siete informes vigentes del Sistema de Alertas Tempranas de la Defensor\u00eda del Pueblo sobre la situaci\u00f3n en la regi\u00f3n.<\/p>\n<p>7.- Dar seguimiento y cumplimiento a las propuestas a las acciones articuladas desde la Comisi\u00f3n, por la Vida, la Reconciliaci\u00f3n y la Paz del Catatumbo, incluidas las propuestas de prevenci\u00f3n y protecci\u00f3n elaboradas en la Mesa por la Vida del 12 de junio de 2019, en Oca\u00f1a, con presencia del Procurador, Defensor y presidente Duque.<\/p>\n<p>8.- Ante la falta de garant\u00edas de seguridad se solicita brindar garant\u00edas y acompa\u00f1amiento para adelantar las asambleas que deben definir la renovaci\u00f3n de las Juntas de Acci\u00f3n Comunal hasta tanto se recobre un m\u00ednimo de normalidad en el territorio. Se priorice y concert\u00e9 con la acci\u00f3n comunal la implementaci\u00f3n del CONPES 3955.<\/p>\n<p>9.- Se solicita reprogramar los cronogramas de construcci\u00f3n de los planes de desarrollo municipales y departamental para que se garantice la participaci\u00f3n integral y activa de las comunidades campesinas, acci\u00f3n comunal e ind\u00edgenas y las organizaciones sociales.<\/p>\n<p>10.- Solicitamos a la comisi\u00f3n de paz del Congreso de la Rep\u00fablica y al Gobernador de Norte de Santander gestiones para la reactivaci\u00f3n de la Mesa de Interlocuci\u00f3n y Acuerdo del Catatumbo (MIA \u2013 Catatumbo), establecida en el Decreto 870\/14 proferido por el Ministerio del Interior.<\/p>\n<p>11.- Solicitamos al Gobernador de Norte de Santander la reactivaci\u00f3n de la Mesa Social y Comunitaria de 2017.<\/p>\n<p>12.- Solicitamos a la Comisi\u00f3n de Paz del Congreso de la Rep\u00fablica hacer el seguimiento y control pol\u00edtico al cumplimiento de la Sentencia T \u2013 052\/17, que dirime el conflicto territorial en cuanto a la ampliaci\u00f3n, delimitaci\u00f3n, saneamiento de los resguardos ind\u00edgenas del pueblo Bari y la constituci\u00f3n de la Zona de Reserva Campesina del Catatumbo. Esto como ejemplo de mecanismo para dirimir los conflictos territoriales y no utilizar la militarizaci\u00f3n para la resoluci\u00f3n de conflictos sociales en zona de Parques Naturales.<\/p>\n<p>13.- Que el Congreso de la Rep\u00fablica se comprometa a garantizar la aprobaci\u00f3n de las Circunscripciones Transitorias Especiales de Paz que reivindican los derechos de las v\u00edctimas en los territorios m\u00e1s afectados por el conflicto.<\/p>\n<p>14.- Que el Congreso de la Rep\u00fablica se comprometa a garantizar el tr\u00e1mite legislativo del tratamiento penal diferencial a los peque\u00f1os cultivadores de coca, marihuana y amapola. As\u00ed mismo, que se haga seguimiento y control pol\u00edtico al auto proferido por la Corte Constitucional 385\/19 en materia de procedimientos de reactivaci\u00f3n de las aspersiones a\u00e9reas con glifosato.<\/p>\n<p>15.- Solicitamos la mediaci\u00f3n y acompa\u00f1amiento de la Comisi\u00f3n de Paz del Congreso de la Rep\u00fablica para que la Consejer\u00eda Presidencial para la Consolidaci\u00f3n y la Estabilizaci\u00f3n acuerde un espacio de reuni\u00f3n con las organizaciones sociales de la Comisi\u00f3n por la vida, Reconciliaci\u00f3n y la Paz, para efectos de dar nuestros aportes y visi\u00f3n del territorio con relaci\u00f3n a la hoja de ruta del PDET Catatumbo.<\/p>\n<p>16.- Solicitamos que el Congreso de la Rep\u00fablica haga seguimiento y control pol\u00edtico a la pol\u00edtica de Catatumbo Sostenible, Zonas Futuro y PDET Catatumbo, en concordancia con el fallo proferido por la Corte Constitucional que condicion\u00f3 la Ley 1941\/18 y el Decreto Reglamentario 2278\/19, para que sea permitida la participaci\u00f3n de las comunidades, la prevalencia de lo establecido en el acuerdo de paz y la no composici\u00f3n de un enfoque con componente militar en los territorios planteados desde la Zonas Futuro o Zonas Estrat\u00e9gicas de Intervenci\u00f3n Integral.<\/p>\n<p>17.- Que el Gobierno se comprometa a no dilatar m\u00e1s la implementaci\u00f3n del acuerdo de paz con las Farc-EP en el territorio nacional.<\/p>\n<p>18.- Que el Gobierno se sirva adelantar las negociaciones de paz con las organizaciones alzadas en armas recordando al se\u00f1or Presidente de la Rep\u00fablica que la Corte Constitucional en fallo mediante Expediente 13338 le devuelve las funciones que le estaba entregando al Consejo de Seguridad Nacional. Esto en inmediato para efectos de retomar los di\u00e1logos de paz con el Eln y construir una paz completa.<\/p>\n<p>19.- Solicitamos al Gobierno que como muestra de compromiso en la construcci\u00f3n de la paz reactive las funciones de los gestores de paz del Eln y que jueguen papel determinante en la b\u00fasqueda de la resoluci\u00f3n del conflicto y la crisis humanitaria en El Catatumbo.<\/p>\n<p>Finalmente, nos permitimos expresar la voluntad del pueblo campesino de la regi\u00f3n del Catatumbo en persistir en el territorio, en seguir dando nuestros aportes en la construcci\u00f3n de la paz territorial y la paz completa como eje central de la convivencia en el territorio.<\/p>\n<p><strong>Comisi\u00f3n Por la Vida, la Reconciliaci\u00f3n y la Paz<\/strong><\/p>\n","protected":false},"excerpt":{"rendered":"<p>La Comisi\u00f3n por la Vida, la Reconciliaci\u00f3n y la Paz del Catatumbo es un espacio de articulaci\u00f3n en el que confluyen los distintos procesos sociales y comunitarios de la regi\u00f3n de El Catatumbo, conformado en 2018 en la b\u00fasqueda de respuestas humanitarias a la grave crisis social, pol\u00edtica y econ\u00f3mica de la regi\u00f3n del Catatumbo &hellip;<\/p>\n","protected":false},"author":1,"featured_media":35253,"comment_status":"open","ping_status":"open","sticky":false,"template":"","format":"standard","meta":{"footnotes":""},"categories":[11,4,5],"tags":[4805,710],"class_list":["post-35252","post","type-post","status-publish","format-standard","has-post-thumbnail","hentry","category-cronica-roja","category-barra","category-justicia-transicional","tag-comision-por-la-vida","tag-crisis-en-el-catatumbo"],"_links":{"self":[{"href":"https:\/\/contraluzcucuta.co\/index.php?rest_route=\/wp\/v2\/posts\/35252","targetHints":{"allow":["GET"]}}],"collection":[{"href":"https:\/\/contraluzcucuta.co\/index.php?rest_route=\/wp\/v2\/posts"}],"about":[{"href":"https:\/\/contraluzcucuta.co\/index.php?rest_route=\/wp\/v2\/types\/post"}],"author":[{"embeddable":true,"href":"https:\/\/contraluzcucuta.co\/index.php?rest_route=\/wp\/v2\/users\/1"}],"replies":[{"embeddable":true,"href":"https:\/\/contraluzcucuta.co\/index.php?rest_route=%2Fwp%2Fv2%2Fcomments&post=35252"}],"version-history":[{"count":1,"href":"https:\/\/contraluzcucuta.co\/index.php?rest_route=\/wp\/v2\/posts\/35252\/revisions"}],"predecessor-version":[{"id":35254,"href":"https:\/\/contraluzcucuta.co\/index.php?rest_route=\/wp\/v2\/posts\/35252\/revisions\/35254"}],"wp:featuredmedia":[{"embeddable":true,"href":"https:\/\/contraluzcucuta.co\/index.php?rest_route=\/wp\/v2\/media\/35253"}],"wp:attachment":[{"href":"https:\/\/contraluzcucuta.co\/index.php?rest_route=%2Fwp%2Fv2%2Fmedia&parent=35252"}],"wp:term":[{"taxonomy":"category","embeddable":true,"href":"https:\/\/contraluzcucuta.co\/index.php?rest_route=%2Fwp%2Fv2%2Fcategories&post=35252"},{"taxonomy":"post_tag","embeddable":true,"href":"https:\/\/contraluzcucuta.co\/index.php?rest_route=%2Fwp%2Fv2%2Ftags&post=35252"}],"curies":[{"name":"wp","href":"https:\/\/api.w.org\/{rel}","templated":true}]}}