{"id":35249,"date":"2020-02-29T12:20:16","date_gmt":"2020-02-29T17:20:16","guid":{"rendered":"http:\/\/contraluzcucuta.co\/?p=35249"},"modified":"2020-02-29T12:20:16","modified_gmt":"2020-02-29T17:20:16","slug":"nuevo-gramalote-fondo-adaptacion-contrato-obras-adicionales-para-el-casco-urbano","status":"publish","type":"post","link":"https:\/\/contraluzcucuta.co\/?p=35249","title":{"rendered":"NUEVO GRAMALOTE. Fondo Adaptaci\u00f3n contrat\u00f3 obras adicionales para el casco urbano"},"content":{"rendered":"<p style=\"padding-left: 40px; text-align: right;\"><span style=\"color: #ff9900;\"><strong>BOGOT\u00c1.-<\/strong> El Gobierno incluy\u00f3 en el plan de reasentamiento de Gramalote nuevas obras que, inicialmente, no estaban contempladas. El Fondo Adaptaci\u00f3n firm\u00f3 los contratos que dar\u00e1n inicio a la construcci\u00f3n de\u00a0 la Casa de la Cultura, el Escenario Deportivo, la Casa del Campesino y la Casa de Adulto Mayor. Contrat\u00f3 el programa de reactivaci\u00f3n econ\u00f3mica para dinamizar el desarrollo del municipio y un operador social.<\/span><\/p>\n<p>La inversi\u00f3n en estos proyectos adicionales es de $ 30.000 millones y los cuatro equipamientos ser\u00e1n entregados en 2021. De esta manera, se dar\u00e1 inicio a la etapa de preconstrucci\u00f3n, que consiste en revisar cada dise\u00f1o por parte del contratista y certificar que est\u00e1n listos para iniciar la etapa de construcci\u00f3n. Este proceso durar\u00e1 tres meses.<\/p>\n<p>Estas obras impulsar\u00e1n a Gramalote como el mejor equipado de Colombia, en cuanto a infraestructura esencial, afirm\u00f3 el gerente del Fondo Adaptaci\u00f3n Edgar Ortiz Pab\u00f3n. Por las caracter\u00edsticas y dise\u00f1os arquitect\u00f3nicos, ser\u00e1 uno de los pocos municipios Categor\u00eda 6 que contar\u00e1 con este tipo de equipamientos.<\/p>\n<p>En cuanto a la reactivaci\u00f3n econ\u00f3mica, se socializ\u00f3 con la Alcald\u00eda, los concejales y parte de la comunidad y se les explic\u00f3 acerca de las alternativas para impulsar el desarrollo de la regi\u00f3n. El operador social contratado cumplir\u00e1 estas acciones:<\/p>\n<p>1.- Facilitar\u00e1 los tr\u00e1mites de escrituraci\u00f3n<\/p>\n<p>2.- Brindar\u00e1 soporte jur\u00eddico<\/p>\n<p>3.- Coordinar\u00e1 actividades grupales<\/p>\n<p>4.- Impulsar\u00e1 el relacionamiento entre los barrios.<\/p>\n<p>En lo que va del gobierno del presidente Iv\u00e1n Duque, el Fondo Adaptaci\u00f3n ha entregado 271 viviendas para el casco urbano, el colegio Sagrado Coraz\u00f3n de Jes\u00fas, la Plaza de Mercado y la Estaci\u00f3n de Polic\u00eda, con una inversi\u00f3n de $ 76.200 millones. El hospital San Vicente de Paul est\u00e1 en etapa de ejecuci\u00f3n del 85 % y el Fondo contrat\u00f3 la dotaci\u00f3n para el centro asistencial.<\/p>\n<p>El gerente Ortiz Pab\u00f3n aclar\u00f3 que, \u201csi bien se han presentado retrasos generados por el contratista, la Entidad mantiene el objetivo de entregar el centro asistencial a la comunidad durante el primer semestre de 2020\u201d.<\/p>\n<p>Hoy, Gramalote cuenta, tambi\u00e9n, con un nuevo tramo de m\u00e1s de dos kil\u00f3metros de v\u00eda hacia Lourdes, que mejora la movilidad y garantiza el tr\u00e1nsito entre las dos localidades. La obra comprende la construcci\u00f3n de tres puentes y la estabilizaci\u00f3n de los taludes.<\/p>\n","protected":false},"excerpt":{"rendered":"<p>BOGOT\u00c1.- El Gobierno incluy\u00f3 en el plan de reasentamiento de Gramalote nuevas obras que, inicialmente, no estaban contempladas. El Fondo Adaptaci\u00f3n firm\u00f3 los contratos que dar\u00e1n inicio a la construcci\u00f3n de\u00a0 la Casa de la Cultura, el Escenario Deportivo, la Casa del Campesino y la Casa de Adulto Mayor. Contrat\u00f3 el programa de reactivaci\u00f3n econ\u00f3mica &hellip;<\/p>\n","protected":false},"author":1,"featured_media":35250,"comment_status":"open","ping_status":"open","sticky":false,"template":"","format":"standard","meta":{"footnotes":""},"categories":[4,32],"tags":[1248,153],"class_list":["post-35249","post","type-post","status-publish","format-standard","has-post-thumbnail","hentry","category-barra","category-recorrido-por-la-region","tag-fondo-adaptacion","tag-nuevo-gramalote"],"_links":{"self":[{"href":"https:\/\/contraluzcucuta.co\/index.php?rest_route=\/wp\/v2\/posts\/35249","targetHints":{"allow":["GET"]}}],"collection":[{"href":"https:\/\/contraluzcucuta.co\/index.php?rest_route=\/wp\/v2\/posts"}],"about":[{"href":"https:\/\/contraluzcucuta.co\/index.php?rest_route=\/wp\/v2\/types\/post"}],"author":[{"embeddable":true,"href":"https:\/\/contraluzcucuta.co\/index.php?rest_route=\/wp\/v2\/users\/1"}],"replies":[{"embeddable":true,"href":"https:\/\/contraluzcucuta.co\/index.php?rest_route=%2Fwp%2Fv2%2Fcomments&post=35249"}],"version-history":[{"count":1,"href":"https:\/\/contraluzcucuta.co\/index.php?rest_route=\/wp\/v2\/posts\/35249\/revisions"}],"predecessor-version":[{"id":35251,"href":"https:\/\/contraluzcucuta.co\/index.php?rest_route=\/wp\/v2\/posts\/35249\/revisions\/35251"}],"wp:featuredmedia":[{"embeddable":true,"href":"https:\/\/contraluzcucuta.co\/index.php?rest_route=\/wp\/v2\/media\/35250"}],"wp:attachment":[{"href":"https:\/\/contraluzcucuta.co\/index.php?rest_route=%2Fwp%2Fv2%2Fmedia&parent=35249"}],"wp:term":[{"taxonomy":"category","embeddable":true,"href":"https:\/\/contraluzcucuta.co\/index.php?rest_route=%2Fwp%2Fv2%2Fcategories&post=35249"},{"taxonomy":"post_tag","embeddable":true,"href":"https:\/\/contraluzcucuta.co\/index.php?rest_route=%2Fwp%2Fv2%2Ftags&post=35249"}],"curies":[{"name":"wp","href":"https:\/\/api.w.org\/{rel}","templated":true}]}}