{"id":35240,"date":"2020-02-25T21:40:32","date_gmt":"2020-02-26T02:40:32","guid":{"rendered":"http:\/\/contraluzcucuta.co\/?p=35240"},"modified":"2020-02-25T21:40:32","modified_gmt":"2020-02-26T02:40:32","slug":"sacrosanta-basilica-casa-del-rey-y-trono-de-la-reina-el-santuario-de-este-pueblo-de-reyes","status":"publish","type":"post","link":"https:\/\/contraluzcucuta.co\/?p=35240","title":{"rendered":"SACROSANTA BAS\u00cdLICA. Casa del Rey y trono de la Reina, el santuario de este pueblo de Reyes"},"content":{"rendered":"<p style=\"padding-left: 40px; text-align: right;\"><span style=\"color: #ff9900;\">C\u00facuta cuenta oficialmente con la primera Bas\u00edlica Menor del departamento, t\u00edtulo y dignidad otorgado por su santidad, el papa Francisco, a la parroquia San Luis Gonzaga. El 22 de febrero se celebr\u00f3 la solemne eucarist\u00eda de concesi\u00f3n del t\u00edtulo de Bas\u00edlica Menor de Nuestra Se\u00f1ora del Rosario de Chiquinquir\u00e1.<\/span><\/p>\n<p>La romer\u00eda que se congrega en la parroquia San Luis Gonzaga fue uno de los m\u00e9ritos por los que el Papa concedi\u00f3 el t\u00edtulo de Bas\u00edlica Menor. Este hecho se apreci\u00f3 en la ceremonia, cuando el Templo recibi\u00f3 aglomeraci\u00f3n de feligreses, por lo que fue necesaria la instalaci\u00f3n de dos pantallas gigantes para que los fieles no perdieran detalle de este momento santo e hist\u00f3rico.<\/p>\n<p>El obispo de C\u00facuta, monse\u00f1or V\u00edctor Manuel Ochoa, agradeci\u00f3 al Papa y dijo que \u201cva nuestro recuerdo agradecido, nuestra devoci\u00f3n filial, la intenci\u00f3n de escucharlo y amarlo, como &#8220;Centro de la Unidad de la Iglesia&#8221;, orando por su ministerio como sucesor de Pedro en su C\u00e1tedra de Roma\u201d. Record\u00f3 que por ser Bas\u00edlica, las intenciones de la Eucarist\u00eda ser\u00e1n a diario tambi\u00e9n por el Papa.<\/p>\n<p>Monse\u00f1or manifest\u00f3 que este t\u00edtulo del que ahora goza la regi\u00f3n, es la \u201cinfinita bondad de Dios\u201d, quien \u201cnos revela su amor con la prueba m\u00e1s grande: la Encarnaci\u00f3n del Verbo\u201d. Gracias a la Sant\u00edsima Virgen Mar\u00eda, en este pueblo de Dios que peregrina en la zona de frontera, \u201cmiramos con amor y devoci\u00f3n hoy m\u00e1s que nunca el rostro de Cristo, el Hijo bendito en los brazos de una Madre que tambi\u00e9n nos mira y acoge a nosotros\u201d.<\/p>\n<p>Desde la Bas\u00edlica, monse\u00f1or Ochoa afirm\u00f3 que \u201cseguiremos pidiendo por el don de la paz, para que se viva la reconciliaci\u00f3n y la justicia social, para que reine entre nosotros el di\u00e1logo\u201d.<\/p>\n<p>A los pies de la Reina del cielo, a\u00f1adi\u00f3 el Obispo: \u201cimploramos por tus hijos que vienen de Venezuela, pedimos por ellos, por sus necesidades, ac\u00f3gelos dentro de tu manto\u201d.<\/p>\n<p>Monse\u00f1or V\u00edctor Manuel Ochoa, en nombre de la Di\u00f3cesis de C\u00facuta, se comprometi\u00f3 con \u2018La Chinita\u2019, como le dicen a Nuestra Se\u00f1ora del Rosario de Chiquinquir\u00e1, agradeci\u00f3 la protecci\u00f3n diaria.<\/p>\n<p>La Santa Misa fue presidida por monse\u00f1or V\u00edctor Ochoa, acompa\u00f1ado por el secretario de la Nunciatura Apost\u00f3lica en Colombia, padre italiano Giovanni Bicchierri; monse\u00f1or H\u00e9ctor Epalza Quintero, obispo em\u00e9rito de Buenaventura; monse\u00f1or Omar Alberto S\u00e1nchez, Obispo de Tib\u00fa; el presbiterio diocesano; seminaristas; autoridades civiles; miembros de la Polic\u00eda Nacional y fieles laicos.<\/p>\n","protected":false},"excerpt":{"rendered":"<p>C\u00facuta cuenta oficialmente con la primera Bas\u00edlica Menor del departamento, t\u00edtulo y dignidad otorgado por su santidad, el papa Francisco, a la parroquia San Luis Gonzaga. El 22 de febrero se celebr\u00f3 la solemne eucarist\u00eda de concesi\u00f3n del t\u00edtulo de Bas\u00edlica Menor de Nuestra Se\u00f1ora del Rosario de Chiquinquir\u00e1. La romer\u00eda que se congrega en &hellip;<\/p>\n","protected":false},"author":1,"featured_media":35241,"comment_status":"open","ping_status":"open","sticky":false,"template":"","format":"standard","meta":{"footnotes":""},"categories":[4,36],"tags":[3598,4804],"class_list":["post-35240","post","type-post","status-publish","format-standard","has-post-thumbnail","hentry","category-barra","category-la-voz-del-pueblo","tag-basilica-menor","tag-san-luis-gonzaga"],"_links":{"self":[{"href":"https:\/\/contraluzcucuta.co\/index.php?rest_route=\/wp\/v2\/posts\/35240","targetHints":{"allow":["GET"]}}],"collection":[{"href":"https:\/\/contraluzcucuta.co\/index.php?rest_route=\/wp\/v2\/posts"}],"about":[{"href":"https:\/\/contraluzcucuta.co\/index.php?rest_route=\/wp\/v2\/types\/post"}],"author":[{"embeddable":true,"href":"https:\/\/contraluzcucuta.co\/index.php?rest_route=\/wp\/v2\/users\/1"}],"replies":[{"embeddable":true,"href":"https:\/\/contraluzcucuta.co\/index.php?rest_route=%2Fwp%2Fv2%2Fcomments&post=35240"}],"version-history":[{"count":1,"href":"https:\/\/contraluzcucuta.co\/index.php?rest_route=\/wp\/v2\/posts\/35240\/revisions"}],"predecessor-version":[{"id":35242,"href":"https:\/\/contraluzcucuta.co\/index.php?rest_route=\/wp\/v2\/posts\/35240\/revisions\/35242"}],"wp:featuredmedia":[{"embeddable":true,"href":"https:\/\/contraluzcucuta.co\/index.php?rest_route=\/wp\/v2\/media\/35241"}],"wp:attachment":[{"href":"https:\/\/contraluzcucuta.co\/index.php?rest_route=%2Fwp%2Fv2%2Fmedia&parent=35240"}],"wp:term":[{"taxonomy":"category","embeddable":true,"href":"https:\/\/contraluzcucuta.co\/index.php?rest_route=%2Fwp%2Fv2%2Fcategories&post=35240"},{"taxonomy":"post_tag","embeddable":true,"href":"https:\/\/contraluzcucuta.co\/index.php?rest_route=%2Fwp%2Fv2%2Ftags&post=35240"}],"curies":[{"name":"wp","href":"https:\/\/api.w.org\/{rel}","templated":true}]}}