{"id":35203,"date":"2020-02-16T17:39:52","date_gmt":"2020-02-16T22:39:52","guid":{"rendered":"http:\/\/contraluzcucuta.co\/?p=35203"},"modified":"2020-02-16T17:39:52","modified_gmt":"2020-02-16T22:39:52","slug":"carta-de-intencion-se-busca-sistematizacion-y-recuperacion-del-archivo-municipal","status":"publish","type":"post","link":"https:\/\/contraluzcucuta.co\/?p=35203","title":{"rendered":"CARTA DE INTENCI\u00d3N. Se busca sistematizaci\u00f3n y recuperaci\u00f3n del archivo municipal"},"content":{"rendered":"<p style=\"padding-left: 40px; text-align: right;\"><span style=\"color: #ff9900;\"><strong>C\u00daCUTA.-<\/strong> El alcalde Jairo Y\u00e1\u00f1ez y el director del Archivo General de la Naci\u00f3n (AGN), Jorge Palacios, firmaron la carta de intenci\u00f3n para el apoyo y colaboraci\u00f3n del AGN al municipio.<\/span><\/p>\n<p>La firma busca la sistematizaci\u00f3n y recuperaci\u00f3n del archivo, con el fin de garantizar la conservaci\u00f3n del patrimonio documental del municipio.<\/p>\n<p>Los documentos son importantes, porque brindan fidelidad, autenticidad y facilitan los procesos de investigaci\u00f3n y consulta, y garantizan la protecci\u00f3n de los derechos judiciales y fiscales de la administraci\u00f3n.<\/p>\n","protected":false},"excerpt":{"rendered":"<p>C\u00daCUTA.- El alcalde Jairo Y\u00e1\u00f1ez y el director del Archivo General de la Naci\u00f3n (AGN), Jorge Palacios, firmaron la carta de intenci\u00f3n para el apoyo y colaboraci\u00f3n del AGN al municipio. La firma busca la sistematizaci\u00f3n y recuperaci\u00f3n del archivo, con el fin de garantizar la conservaci\u00f3n del patrimonio documental del municipio. Los documentos son &hellip;<\/p>\n","protected":false},"author":1,"featured_media":35204,"comment_status":"open","ping_status":"open","sticky":false,"template":"","format":"standard","meta":{"footnotes":""},"categories":[2625],"tags":[226,4795,4794],"class_list":["post-35203","post","type-post","status-publish","format-standard","has-post-thumbnail","hentry","category-alcaldia-de-cucuta","tag-alcaldia-de-cucuta","tag-archivo-general-de-la-nacion","tag-archivo-municipal"],"_links":{"self":[{"href":"https:\/\/contraluzcucuta.co\/index.php?rest_route=\/wp\/v2\/posts\/35203","targetHints":{"allow":["GET"]}}],"collection":[{"href":"https:\/\/contraluzcucuta.co\/index.php?rest_route=\/wp\/v2\/posts"}],"about":[{"href":"https:\/\/contraluzcucuta.co\/index.php?rest_route=\/wp\/v2\/types\/post"}],"author":[{"embeddable":true,"href":"https:\/\/contraluzcucuta.co\/index.php?rest_route=\/wp\/v2\/users\/1"}],"replies":[{"embeddable":true,"href":"https:\/\/contraluzcucuta.co\/index.php?rest_route=%2Fwp%2Fv2%2Fcomments&post=35203"}],"version-history":[{"count":1,"href":"https:\/\/contraluzcucuta.co\/index.php?rest_route=\/wp\/v2\/posts\/35203\/revisions"}],"predecessor-version":[{"id":35205,"href":"https:\/\/contraluzcucuta.co\/index.php?rest_route=\/wp\/v2\/posts\/35203\/revisions\/35205"}],"wp:featuredmedia":[{"embeddable":true,"href":"https:\/\/contraluzcucuta.co\/index.php?rest_route=\/wp\/v2\/media\/35204"}],"wp:attachment":[{"href":"https:\/\/contraluzcucuta.co\/index.php?rest_route=%2Fwp%2Fv2%2Fmedia&parent=35203"}],"wp:term":[{"taxonomy":"category","embeddable":true,"href":"https:\/\/contraluzcucuta.co\/index.php?rest_route=%2Fwp%2Fv2%2Fcategories&post=35203"},{"taxonomy":"post_tag","embeddable":true,"href":"https:\/\/contraluzcucuta.co\/index.php?rest_route=%2Fwp%2Fv2%2Ftags&post=35203"}],"curies":[{"name":"wp","href":"https:\/\/api.w.org\/{rel}","templated":true}]}}