{"id":35200,"date":"2020-02-16T17:21:51","date_gmt":"2020-02-16T22:21:51","guid":{"rendered":"http:\/\/contraluzcucuta.co\/?p=35200"},"modified":"2020-02-16T17:21:51","modified_gmt":"2020-02-16T22:21:51","slug":"22-de-febrero-concesion-del-titulo-de-basilica-menor-nuestra-senora-del-rosario-de-chiquinquira","status":"publish","type":"post","link":"https:\/\/contraluzcucuta.co\/?p=35200","title":{"rendered":"22 DE FEBRERO. Concesi\u00f3n del t\u00edtulo de Bas\u00edlica Menor Nuestra Se\u00f1ora del Rosario de Chiquinquir\u00e1."},"content":{"rendered":"<p style=\"padding-left: 40px; text-align: right;\"><span style=\"color: #ff9900;\"><strong>C\u00daCUTA.-<\/strong> El papa Francisco aprob\u00f3, en el 2019, la elevaci\u00f3n del Templo de San Luis a Bas\u00edlica Menor. El anuncio lo hizo, el 30 de octubre, el Obispo de la Di\u00f3cesis de C\u00facuta, Monse\u00f1or V\u00edctor Manuel Ochoa. El 22 de febrero, se har\u00e1 la concesi\u00f3n oficial del t\u00edtulo, con obispos invitados, entre quienes destaca el Nuncio Apost\u00f3lico del Papa Francisco en Colombia.<\/span><\/p>\n<p>En el mundo hay pocas Bas\u00edlicas Menores, m\u00e1s de 1500, y en Colombia no m\u00e1s de 40.\u00a0 Por ahora, s\u00f3lo una en Norte de Santander el Santuario Nuestra Se\u00f1ora del Rosario de Chiquinquir\u00e1, Kacika de C\u00facuta, en la parroquia San Luis Gonzaga.<\/p>\n<p>Este es un regalo que Dios y el papa Francisco, con bondad, le otorga a esta porci\u00f3n del pueblo de Dios, que ha mantenido la piedad cristiana y el amor y la devoci\u00f3n por la Madre del cielo. En la advocaci\u00f3n de Nuestra Se\u00f1ora del Rosario encamin\u00f3 la evangelizaci\u00f3n de los ind\u00edgenas, que le edificaron una choza a su Reina o \u2018Kacika\u2019, sobre la ribera derecha del Pamplonita y a su sombra fue form\u00e1ndose y creciendo el caser\u00edo de C\u00facuta.<\/p>\n<p>Despu\u00e9s de permanecer intacta ante los desastres naturales (inundaci\u00f3n y terremoto) y de estar en dos capillas (destruidas) y un templo estilo colonial (dinamitado por reordenamiento territorial), el lienzo de Nuestra Se\u00f1ora del Rosario de Chiquinquir\u00e1, con m\u00e1s de 350 a\u00f1os de historia, merec\u00eda permanecer en un templo digno y con la capacidad de acoger a la gran cantidad de fieles que a ella acud\u00edan.<\/p>\n<p>Es as\u00ed como se proyect\u00f3 la construcci\u00f3n en la plaza principal de San Luis (fundado como San Luis Gonzaga de C\u00facuta en 1897 por el sacerdote Demetrio Mendoza, hijo ilustre de Norte de Santander), en 1945, con el padre Rub\u00e9n Rubio.<\/p>\n<p>Se emprendi\u00f3 esta obra como una torre que se levanta al cielo en oraci\u00f3n y ha orientado a los peregrinos en la fe, siendo faro que ha iluminado con el Evangelio a la ciudad, acompa\u00f1\u00e1ndola en las diversas etapas de crecimiento e historia.<\/p>\n<p>Ante este don otorgado desde la Santa Sede, los cucute\u00f1os han de alegrarse y enorgullecerse por el honor del que ahora goza la \u2018Perla del Norte\u2019: Tener una Bas\u00edlica Menor.<\/p>\n<p>Programaci\u00f3n:<\/p>\n<p><strong>20 de febrero<\/strong><\/p>\n<ul>\n<li>7:00 a.m. \u2013 5:00 p.m. Turnos de adoraci\u00f3n al Sant\u00edsimo<\/li>\n<li>7:00 p.m. Conversatorio \u201cMar\u00eda en la historia de la Salvaci\u00f3n\u201d, por Monse\u00f1or Leonardo G\u00f3mez Serna y el presb\u00edtero Antonio Caballero \u2013 Templo San Luis<\/li>\n<\/ul>\n<p><strong>21 de febrero<\/strong><\/p>\n<ul>\n<li>6:00 p.m. Sagrada Eucarist\u00eda \u2013 Templo San Luis<\/li>\n<li>7:00 p.m. Procesi\u00f3n con el Lienzo milagroso de Nuestra Se\u00f1ora del Rosario de Chiquinquir\u00e1. Noche de faroles.<\/li>\n<li>8:00 p.m. Lucernario y serenata a la Virgen<\/li>\n<li>9:00 p.m. Fuegos pirot\u00e9cnicos<\/li>\n<\/ul>\n<p><strong>22 de febrero<\/strong><\/p>\n<ul>\n<li>5:00 a.m. Alborada, repique de campanas<\/li>\n<li>6:00 a.m. Rosario de Aurora<\/li>\n<li>10:00 a.m. Solemne Eucarist\u00eda de concesi\u00f3n del t\u00edtulo de Bas\u00edlica \u2013 Bas\u00edlica Menor Nuestra Se\u00f1ora del Rosario de Chiquinquir\u00e1.<\/li>\n<\/ul>\n<p>&nbsp;<\/p>\n","protected":false},"excerpt":{"rendered":"<p>C\u00daCUTA.- El papa Francisco aprob\u00f3, en el 2019, la elevaci\u00f3n del Templo de San Luis a Bas\u00edlica Menor. El anuncio lo hizo, el 30 de octubre, el Obispo de la Di\u00f3cesis de C\u00facuta, Monse\u00f1or V\u00edctor Manuel Ochoa. El 22 de febrero, se har\u00e1 la concesi\u00f3n oficial del t\u00edtulo, con obispos invitados, entre quienes destaca el &hellip;<\/p>\n","protected":false},"author":1,"featured_media":35201,"comment_status":"open","ping_status":"open","sticky":false,"template":"","format":"standard","meta":{"footnotes":""},"categories":[4,36],"tags":[3598,8,594],"class_list":["post-35200","post","type-post","status-publish","format-standard","has-post-thumbnail","hentry","category-barra","category-la-voz-del-pueblo","tag-basilica-menor","tag-diocesis-de-cucuta","tag-papa-francisco"],"_links":{"self":[{"href":"https:\/\/contraluzcucuta.co\/index.php?rest_route=\/wp\/v2\/posts\/35200","targetHints":{"allow":["GET"]}}],"collection":[{"href":"https:\/\/contraluzcucuta.co\/index.php?rest_route=\/wp\/v2\/posts"}],"about":[{"href":"https:\/\/contraluzcucuta.co\/index.php?rest_route=\/wp\/v2\/types\/post"}],"author":[{"embeddable":true,"href":"https:\/\/contraluzcucuta.co\/index.php?rest_route=\/wp\/v2\/users\/1"}],"replies":[{"embeddable":true,"href":"https:\/\/contraluzcucuta.co\/index.php?rest_route=%2Fwp%2Fv2%2Fcomments&post=35200"}],"version-history":[{"count":1,"href":"https:\/\/contraluzcucuta.co\/index.php?rest_route=\/wp\/v2\/posts\/35200\/revisions"}],"predecessor-version":[{"id":35202,"href":"https:\/\/contraluzcucuta.co\/index.php?rest_route=\/wp\/v2\/posts\/35200\/revisions\/35202"}],"wp:featuredmedia":[{"embeddable":true,"href":"https:\/\/contraluzcucuta.co\/index.php?rest_route=\/wp\/v2\/media\/35201"}],"wp:attachment":[{"href":"https:\/\/contraluzcucuta.co\/index.php?rest_route=%2Fwp%2Fv2%2Fmedia&parent=35200"}],"wp:term":[{"taxonomy":"category","embeddable":true,"href":"https:\/\/contraluzcucuta.co\/index.php?rest_route=%2Fwp%2Fv2%2Fcategories&post=35200"},{"taxonomy":"post_tag","embeddable":true,"href":"https:\/\/contraluzcucuta.co\/index.php?rest_route=%2Fwp%2Fv2%2Ftags&post=35200"}],"curies":[{"name":"wp","href":"https:\/\/api.w.org\/{rel}","templated":true}]}}