{"id":35197,"date":"2020-02-15T19:05:14","date_gmt":"2020-02-16T00:05:14","guid":{"rendered":"http:\/\/contraluzcucuta.co\/?p=35197"},"modified":"2020-02-15T19:05:14","modified_gmt":"2020-02-16T00:05:14","slug":"analisis-el-catatumbo-urge-una-salida-humanitaria","status":"publish","type":"post","link":"https:\/\/contraluzcucuta.co\/?p=35197","title":{"rendered":"AN\u00c1LISIS. El Catatumbo urge una salida humanitaria"},"content":{"rendered":"<p style=\"padding-left: 40px; text-align: right;\"><span style=\"color: #ff9900;\">La guerra sin fin no puede ser nuestro destino, de ah\u00ed que la sensatez debe iluminar a los actores armados, al gobierno y a la sociedad civil para encontrar una soluci\u00f3n civilizada, que detenga el ba\u00f1o de sangre que afecta a la regi\u00f3n de El Catatumbo.<\/span><\/p>\n<p>Vale resaltar que es alta la responsabilidad del gobierno del presidente Iv\u00e1n Duque al incumplir el mandato constitucional del derecho de la sociedad a la paz, incumplir el Acuerdo final suscrito con las Farc-EP y el cierre de la mesa de conversaciones con el Eln.<\/p>\n<p>Obviamente, existe una gran responsabilidad del Eln y del Epl que recapitulan la confrontaci\u00f3n armada, causan enormes da\u00f1os, muchos irreparables, que afectan a la poblaci\u00f3n civil y a ellos mismos. La experiencia de Arauca es pat\u00e9tica, dram\u00e1tica y desafortunada. Quien gan\u00f3 con esa guerra del Eln y las Farc-EP fue el establecimiento, por lo dem\u00e1s, todos perdimos mucho. Ahora, la v\u00edctima es la comunidad de El Catatumbo en una confrontaci\u00f3n un tanto similar.<\/p>\n<p>Con todo respeto, llamo a la dirigencia del Eln y del Epl al di\u00e1logo y a revisar el tratamiento a la poblaci\u00f3n civil en medio de la confrontaci\u00f3n armada y a permitir un tratamiento humanitario. Recuerden que la poblaci\u00f3n civil es reconocida como sujetos de derechos en el Derecho Internacional Humanitario (DIH), en el Derecho Internacional de los Derechos Humanos (DIDH) y hasta en los c\u00f3digos \u00e9ticos de la insurgencia.<\/p>\n<p>Tengan en cuenta que la sistematicidad en las violaciones a los DD HH se califica entre los delitos m\u00e1s graves, con implicaciones jur\u00eddicas dif\u00edciles de tratar en negociaciones de paz, que en Colombia van a suceder inevitablemente con las guerrillas que siguen alzadas en armas.<\/p>\n<p>Tampoco, olvidar la vigencia hist\u00f3rica de las normas \u00e9ticas de la Coordinadora Guerrillera Sim\u00f3n Bol\u00edvar, que sintetizaron muchos elementos del Derecho Internacional Humanitario con aplicabilidad a la realidad del conflicto armado interno y que en ese entonces llamamos normas \u00e9ticas de comportamiento con las masas.<\/p>\n<p>Permitir m\u00ednimos humanitarios es importante, un paro armado en El Catatumbo solo afecta a la poblaci\u00f3n campesina e ind\u00edgena en tanto beneficia los intereses estrat\u00e9gicos de este gobierno que volvi\u00f3 trizas la Mesa de di\u00e1logo con el Eln, hace trizas el acuerdo de paz con las Farc-EP, fomenta la guerra interna y permite la racha de cr\u00edmenes de l\u00edderes sociales.<\/p>\n<p>Creo que para desescalar el conflicto armado en El Catatumbo es clave que el gobierno nacional permita el regreso a su misi\u00f3n de los gestores de paz del Eln y de esta manera contar con interlocutores facultados para buscar aproximaciones y encontrar acuerdos humanitarios. Esto lo permite la Ley 1941 de 2018, que prorroga, modifica y adiciona la Ley 418 de 1997.<\/p>\n<p>Buscar di\u00e1logos con el Epl tambi\u00e9n es posible. Si bien el gobierno de Duque considera a esta guerrilla como banda criminal, c\u00f3mo no va a poder pactar acuerdos humanitarios. \u00bfA caso no hicieron un acuerdo de paz con las estructuras paramilitares que sirvieron a los intereses de la extrema derecha?<\/p>\n<p>Igual que es necesario reconocer el important\u00edsimo rol de la llamada sociedad civil en la b\u00fasqueda de soluciones al conflicto armado interno. En ese sentido, propongo construir un escenario de di\u00e1logo regional que permita en el territorio una gran convergencia por la vida y la paz, que comprometa la participaci\u00f3n decidida de Silvano Serrano, gobernador de Norte de Santander, y dem\u00e1s autoridades civiles del departamento.<\/p>\n<p>Finalmente, decir que mis modestos esfuerzos est\u00e1n a disposici\u00f3n para ayudar en cuanto sea posible a construir soluciones a esta crisis humanitaria. La primac\u00eda del respeto y el di\u00e1logo son claves para el entendimiento.\u00a0 Una paz completa, estable y duradera debe estar en el centro de nuestros esfuerzos.<\/p>\n<p><strong>RUB\u00c9N ZAMORA<\/strong><\/p>\n","protected":false},"excerpt":{"rendered":"<p>La guerra sin fin no puede ser nuestro destino, de ah\u00ed que la sensatez debe iluminar a los actores armados, al gobierno y a la sociedad civil para encontrar una soluci\u00f3n civilizada, que detenga el ba\u00f1o de sangre que afecta a la regi\u00f3n de El Catatumbo. Vale resaltar que es alta la responsabilidad del gobierno &hellip;<\/p>\n","protected":false},"author":1,"featured_media":35198,"comment_status":"open","ping_status":"open","sticky":false,"template":"","format":"standard","meta":{"footnotes":""},"categories":[14,4],"tags":[246,3870],"class_list":["post-35197","post","type-post","status-publish","format-standard","has-post-thumbnail","hentry","category-articulistas","category-barra","tag-el-catatumbo","tag-ruben-zamora"],"_links":{"self":[{"href":"https:\/\/contraluzcucuta.co\/index.php?rest_route=\/wp\/v2\/posts\/35197","targetHints":{"allow":["GET"]}}],"collection":[{"href":"https:\/\/contraluzcucuta.co\/index.php?rest_route=\/wp\/v2\/posts"}],"about":[{"href":"https:\/\/contraluzcucuta.co\/index.php?rest_route=\/wp\/v2\/types\/post"}],"author":[{"embeddable":true,"href":"https:\/\/contraluzcucuta.co\/index.php?rest_route=\/wp\/v2\/users\/1"}],"replies":[{"embeddable":true,"href":"https:\/\/contraluzcucuta.co\/index.php?rest_route=%2Fwp%2Fv2%2Fcomments&post=35197"}],"version-history":[{"count":1,"href":"https:\/\/contraluzcucuta.co\/index.php?rest_route=\/wp\/v2\/posts\/35197\/revisions"}],"predecessor-version":[{"id":35199,"href":"https:\/\/contraluzcucuta.co\/index.php?rest_route=\/wp\/v2\/posts\/35197\/revisions\/35199"}],"wp:featuredmedia":[{"embeddable":true,"href":"https:\/\/contraluzcucuta.co\/index.php?rest_route=\/wp\/v2\/media\/35198"}],"wp:attachment":[{"href":"https:\/\/contraluzcucuta.co\/index.php?rest_route=%2Fwp%2Fv2%2Fmedia&parent=35197"}],"wp:term":[{"taxonomy":"category","embeddable":true,"href":"https:\/\/contraluzcucuta.co\/index.php?rest_route=%2Fwp%2Fv2%2Fcategories&post=35197"},{"taxonomy":"post_tag","embeddable":true,"href":"https:\/\/contraluzcucuta.co\/index.php?rest_route=%2Fwp%2Fv2%2Ftags&post=35197"}],"curies":[{"name":"wp","href":"https:\/\/api.w.org\/{rel}","templated":true}]}}