{"id":35162,"date":"2020-02-01T18:01:25","date_gmt":"2020-02-01T23:01:25","guid":{"rendered":"http:\/\/contraluzcucuta.co\/?p=35162"},"modified":"2020-02-01T18:01:25","modified_gmt":"2020-02-01T23:01:25","slug":"caridad-en-la-frontera-obispos-analizaron-desafios-pastorales-planteados-por-la-migracion","status":"publish","type":"post","link":"https:\/\/contraluzcucuta.co\/?p=35162","title":{"rendered":"CARIDAD EN LA FRONTERA. Obispos analizaron desaf\u00edos pastorales planteados por la migraci\u00f3n"},"content":{"rendered":"<p style=\"padding-left: 40px; text-align: right;\"><span style=\"color: #ff9900;\"><strong>C\u00daCUTA.-<\/strong> Los obispos de las Di\u00f3cesis fronterizas entre Colombia y Venezuela se reunieron, el 30 y 31 de enero, en C\u00facuta, para analizar los desaf\u00edos pastorales planteados por los enormes flujos de movilidad humana entre los dos pa\u00edses, particularmente visibles en las zonas fronterizas.<\/span><\/p>\n<p>Los prelados compartieron los resultados de las respuestas caritativas que se han activado en sus di\u00f3cesis, que es una manifestaci\u00f3n concreta del amor maternal de la Iglesia por sus hijos. Identificaron las posibles colaboraciones interdiocesanas trasnacionales que podr\u00edan fomentar la mayor efectividad de los esfuerzos ejecutados hasta el momento.<\/p>\n<p>El encuentro \u2018Caridad en la frontera\u2019 fue promovido y organizado por el Dicasterio para el Servicio del Desarrollo Humano Integral y por la Secci\u00f3n de Migrantes y Refugiados, en colaboraci\u00f3n con la Di\u00f3cesis de C\u00facuta. Entre los objetivos destacan:<\/p>\n<p>1.- Expresar la preocupaci\u00f3n del Santo Padre por las situaciones migratorias fronterizas<\/p>\n<p>2.- Poner en sinergia las actividades caritativas a favor de los m\u00e1s d\u00e9biles y vulnerables en esta regi\u00f3n.<\/p>\n<p>La reuni\u00f3n termin\u00f3 con el compromiso renovado para ayudar espiritual y materialmente a los migrantes y las comunidades locales que experimentan vulnerabilidades.<\/p>\n<p>Asistieron los nuncios apost\u00f3licos de Colombia y Venezuela, los representantes de las Conferencias Episcopales de Colombia y Venezuela, el Consejo Episcopal Latinoamericano (Celam), los obispos de las Di\u00f3cesis fronterizas entre Venezuela y Colombia, los representantes de C\u00e1ritas Colombia, C\u00e1ritas Venezuela, Caritas Internationalis y la Comisi\u00f3n Cat\u00f3lica Internacional de Migraciones.<\/p>\n<p><strong>RECONOCIMIENTO<\/strong><\/p>\n<p>El Nuncio Apost\u00f3lico, monse\u00f1or Luis Mariano Montemayor, reconoci\u00f3 la solidaridad del pueblo y del gobierno de Colombia frente a la grave situaci\u00f3n humanitaria que afrontan los migrantes venezolanos. Destac\u00f3 el trabajo del presidente Iv\u00e1n Duque por buscar soluciones a la crisis del pa\u00eds hermano.<\/p>\n<p>\u201cPuedo asegurarle a usted que la comunidad internacional no dejar\u00e1 de considerar las formas m\u00e1s eficaces de apoyar la espont\u00e1nea y generosa solidaridad del pueblo colombiano y de su Gobierno a estos hermanos latinoamericanos que experimentan una grave situaci\u00f3n humanitaria\u201d, expres\u00f3 el representante de la Santa Sede en el pa\u00eds.<\/p>\n<p>La declaraci\u00f3n la hizo durante el saludo que el presidente Duque present\u00f3 al Cuerpo Diplom\u00e1tico acreditado en Colombia. \u201cEs el momento de agradecer, una vez m\u00e1s, la perseverante y eficaz contribuci\u00f3n del Gobierno y de la diplomacia colombiana en la discusi\u00f3n, a escala mundial, en la b\u00fasqueda de soluciones al grave problema representado en la regi\u00f3n por el fen\u00f3meno de los migrantes venezolanos\u201d.<\/p>\n","protected":false},"excerpt":{"rendered":"<p>C\u00daCUTA.- Los obispos de las Di\u00f3cesis fronterizas entre Colombia y Venezuela se reunieron, el 30 y 31 de enero, en C\u00facuta, para analizar los desaf\u00edos pastorales planteados por los enormes flujos de movilidad humana entre los dos pa\u00edses, particularmente visibles en las zonas fronterizas. Los prelados compartieron los resultados de las respuestas caritativas que se &hellip;<\/p>\n","protected":false},"author":1,"featured_media":35163,"comment_status":"open","ping_status":"open","sticky":false,"template":"","format":"standard","meta":{"footnotes":""},"categories":[4,6],"tags":[8,1584,4789],"class_list":["post-35162","post","type-post","status-publish","format-standard","has-post-thumbnail","hentry","category-barra","category-ojo-avizor","tag-diocesis-de-cucuta","tag-diocesis-de-san-cristobal","tag-migracion-caridad-en-la-frontera"],"_links":{"self":[{"href":"https:\/\/contraluzcucuta.co\/index.php?rest_route=\/wp\/v2\/posts\/35162","targetHints":{"allow":["GET"]}}],"collection":[{"href":"https:\/\/contraluzcucuta.co\/index.php?rest_route=\/wp\/v2\/posts"}],"about":[{"href":"https:\/\/contraluzcucuta.co\/index.php?rest_route=\/wp\/v2\/types\/post"}],"author":[{"embeddable":true,"href":"https:\/\/contraluzcucuta.co\/index.php?rest_route=\/wp\/v2\/users\/1"}],"replies":[{"embeddable":true,"href":"https:\/\/contraluzcucuta.co\/index.php?rest_route=%2Fwp%2Fv2%2Fcomments&post=35162"}],"version-history":[{"count":1,"href":"https:\/\/contraluzcucuta.co\/index.php?rest_route=\/wp\/v2\/posts\/35162\/revisions"}],"predecessor-version":[{"id":35164,"href":"https:\/\/contraluzcucuta.co\/index.php?rest_route=\/wp\/v2\/posts\/35162\/revisions\/35164"}],"wp:featuredmedia":[{"embeddable":true,"href":"https:\/\/contraluzcucuta.co\/index.php?rest_route=\/wp\/v2\/media\/35163"}],"wp:attachment":[{"href":"https:\/\/contraluzcucuta.co\/index.php?rest_route=%2Fwp%2Fv2%2Fmedia&parent=35162"}],"wp:term":[{"taxonomy":"category","embeddable":true,"href":"https:\/\/contraluzcucuta.co\/index.php?rest_route=%2Fwp%2Fv2%2Fcategories&post=35162"},{"taxonomy":"post_tag","embeddable":true,"href":"https:\/\/contraluzcucuta.co\/index.php?rest_route=%2Fwp%2Fv2%2Ftags&post=35162"}],"curies":[{"name":"wp","href":"https:\/\/api.w.org\/{rel}","templated":true}]}}