{"id":35158,"date":"2020-02-01T14:49:52","date_gmt":"2020-02-01T19:49:52","guid":{"rendered":"http:\/\/contraluzcucuta.co\/?p=35158"},"modified":"2020-02-01T14:49:52","modified_gmt":"2020-02-01T19:49:52","slug":"futbol-de-primera-cucuta-deportivo-promedia-368-de-posesion-de-balon","status":"publish","type":"post","link":"https:\/\/contraluzcucuta.co\/?p=35158","title":{"rendered":"F\u00daTBOL DE PRIMERA. C\u00facuta Deportivo promedia 36,8 % de posesi\u00f3n de bal\u00f3n"},"content":{"rendered":"<p style=\"padding-left: 40px; text-align: right;\"><span style=\"color: #ff9900;\"><strong>C\u00daCUTA.-<\/strong> En medio de la desconfianza de los aficionados, C\u00facuta Deportivo avanza en el desarrollo de la Liga 2020 del f\u00fatbol profesional colombiano. En dos salidas ha alcanzado dos empates, tiene dos goles a favor y dos en contra, acumula dos puntos y es 11 en la clasificaci\u00f3n. Con esos n\u00fameros se prepara para encarar la tercera fecha, este domingo, contra Deportivo Pereira, en calidad de visitante.<\/span><\/p>\n<p>Los hinchas, a\u00fan con el recuerdo de la n\u00f3mina del 2019 que lleg\u00f3 hasta los cuadrangulares finales y alej\u00f3 al equipo del descenso, buscan en la titular a qui\u00e9n podr\u00edan convertirse el \u00eddolo de la temporada. Todav\u00eda no lo han encontrado. En esa posici\u00f3n se conserva Juan Camilo Chaverra, el viejo conocido portero motil\u00f3n.<\/p>\n<p>En estos dos partidos, uno en Tunja (1-1) y otro en el General Santander (1-1), los jugadores contin\u00faan en la ardua tarea de acomodarse al esquema que impone el t\u00e9cnico Jairo Pati\u00f1o. La falta de engranaje en la cancha tiene al once motil\u00f3n como el pen\u00faltimo del campeonato en el promedio de posesi\u00f3n de bal\u00f3n con 36,8 %.<\/p>\n<p>De los 638 pases que han combinado, han sido positivo 492, para el 77 % de efectividad. En la capital boyacense y en el General se ha notado la falta del conductor, del armador, del que lleve la pelota al arco contrario. En el ambiente perdura el fantasma de Mat\u00edas P\u00e9rez y los asistentes suspiran al recordar al argentino.<\/p>\n<p>El C\u00facuta ha cometido 23 faltas, ha recibido 22 y ha recibido 4 tarjetas amarillas. Los jugadores han ca\u00eddo en 3 fueras de juego.<\/p>\n<p>En relaci\u00f3n con el partido de este domingo, se tiene en el recuerdo que Deportivo Pereira venci\u00f3 (2-1) a C\u00facuta la \u00faltima vez que lo recibi\u00f3 en Primera A, en el Finalizaci\u00f3n del 2011. Antes de ese duelo, los motilones acumulaban un invicto de cinco partidos fuera de casa ante el Mateca\u00f1a.<\/p>\n<p>Otros datos son los siguientes:<\/p>\n<p>1.- Deportivo Pereira disput\u00f3 sus \u00faltimos dos partidos como local en Primera A en noviembre de 2011. Gan\u00f3 ambos y mantuvo la valla invicta.<\/p>\n<p>2.- C\u00facuta anot\u00f3 solo cinco goles en los \u00faltimos ocho partidos que disput\u00f3 como visitante en Primera A. En esta racha, gan\u00f3 un duelo, empat\u00f3 dos y perdi\u00f3 cinco (12 goles recibidos).<\/p>\n<p>3.- Wilfrido de La Rosa, de Deportivo Pereira, es el jugador que recibi\u00f3 m\u00e1s faltas en lo que va del Apertura (11).<\/p>\n<p>4.- Christian Mina, de C\u00facuta, eludi\u00f3 seis rivales en lo que va del Apertura. Solo Andr\u00e9s Andrade, de Atl\u00e9tico Nacional, registra m\u00e1s (7).<\/p>\n<p>5.- Los \u00e1rbitros del encuentro de este domingo ser\u00e1n:<\/p>\n<p>&#8211; Central: Jorge Duarte- Santander<\/p>\n<p>&#8211; Asistente 1: Luis Navarro- Valle<\/p>\n<p>&#8211; Asistente 2: Jorge Narv\u00e1ez- Cesar<\/p>\n<p>&#8211; Emergente: Sim\u00f3n Ibarra- Risaralda<\/p>\n<p>El pr\u00f3ximo partido del C\u00facuta Deportivo ser\u00e1 el 10 de febrero, en el estadio General Santander, contra Alianza Petrolera.<\/p>\n","protected":false},"excerpt":{"rendered":"<p>C\u00daCUTA.- En medio de la desconfianza de los aficionados, C\u00facuta Deportivo avanza en el desarrollo de la Liga 2020 del f\u00fatbol profesional colombiano. En dos salidas ha alcanzado dos empates, tiene dos goles a favor y dos en contra, acumula dos puntos y es 11 en la clasificaci\u00f3n. Con esos n\u00fameros se prepara para encarar &hellip;<\/p>\n","protected":false},"author":1,"featured_media":35159,"comment_status":"open","ping_status":"open","sticky":false,"template":"","format":"standard","meta":{"footnotes":""},"categories":[4,28],"tags":[4787,4753,4506,4788],"class_list":["post-35158","post","type-post","status-publish","format-standard","has-post-thumbnail","hentry","category-barra","category-vistazo-deportivo","tag-agustin-vuletich","tag-cucuta-deportivo-2020","tag-fpc","tag-futbol-de-primera"],"_links":{"self":[{"href":"https:\/\/contraluzcucuta.co\/index.php?rest_route=\/wp\/v2\/posts\/35158","targetHints":{"allow":["GET"]}}],"collection":[{"href":"https:\/\/contraluzcucuta.co\/index.php?rest_route=\/wp\/v2\/posts"}],"about":[{"href":"https:\/\/contraluzcucuta.co\/index.php?rest_route=\/wp\/v2\/types\/post"}],"author":[{"embeddable":true,"href":"https:\/\/contraluzcucuta.co\/index.php?rest_route=\/wp\/v2\/users\/1"}],"replies":[{"embeddable":true,"href":"https:\/\/contraluzcucuta.co\/index.php?rest_route=%2Fwp%2Fv2%2Fcomments&post=35158"}],"version-history":[{"count":1,"href":"https:\/\/contraluzcucuta.co\/index.php?rest_route=\/wp\/v2\/posts\/35158\/revisions"}],"predecessor-version":[{"id":35161,"href":"https:\/\/contraluzcucuta.co\/index.php?rest_route=\/wp\/v2\/posts\/35158\/revisions\/35161"}],"wp:featuredmedia":[{"embeddable":true,"href":"https:\/\/contraluzcucuta.co\/index.php?rest_route=\/wp\/v2\/media\/35159"}],"wp:attachment":[{"href":"https:\/\/contraluzcucuta.co\/index.php?rest_route=%2Fwp%2Fv2%2Fmedia&parent=35158"}],"wp:term":[{"taxonomy":"category","embeddable":true,"href":"https:\/\/contraluzcucuta.co\/index.php?rest_route=%2Fwp%2Fv2%2Fcategories&post=35158"},{"taxonomy":"post_tag","embeddable":true,"href":"https:\/\/contraluzcucuta.co\/index.php?rest_route=%2Fwp%2Fv2%2Ftags&post=35158"}],"curies":[{"name":"wp","href":"https:\/\/api.w.org\/{rel}","templated":true}]}}