{"id":35154,"date":"2020-01-29T22:08:39","date_gmt":"2020-01-30T03:08:39","guid":{"rendered":"http:\/\/contraluzcucuta.co\/?p=35154"},"modified":"2020-01-29T22:08:39","modified_gmt":"2020-01-30T03:08:39","slug":"futbol-de-primera-el-general-santander-esta-listo-para-la-temporada-2020","status":"publish","type":"post","link":"https:\/\/contraluzcucuta.co\/?p=35154","title":{"rendered":"F\u00daTBOL DE PRIMERA. El General Santander est\u00e1 listo para la temporada 2020"},"content":{"rendered":"<p style=\"padding-left: 40px; text-align: right;\"><span style=\"color: #ff9900;\"><strong>C\u00daCUTA.-<\/strong> La Junta Directiva encargada de la Construcci\u00f3n del Estadio Santander se conform\u00f3 el 17 de septiembre de 1938 y el escenario deportivo fue inaugurado en 1948, como homenaje al general Francisco de Paula Santander.<\/span><\/p>\n<p>Han trascurrido 72 a\u00f1os y desde entonces es la casa natural del C\u00facuta Deportivo. Por este lugar han pasado los equipos colombianos de primera y segunda divisi\u00f3n, y algunos de talla internacional.<\/p>\n<p>El mejor momento vivido en los grader\u00edos del General ocurri\u00f3 en 2007 y 2008, con ocasi\u00f3n de los partidos de la Copa Libertadores de Am\u00e9rica. Hoy, luce remodelado y adecuado seg\u00fan las normas Fifa para albergar encuentros de car\u00e1cter mundial.<\/p>\n<p>En los \u00faltimos meses el General Santander ha sido objeto de adecuaciones especiales en la infraestructura para no envidiarle a ning\u00fan escenario nacional. Camerinos, puestos para jugadores suplentes y cuerpo t\u00e9cnico, laboratorio para muestras antidoping y sala de prensa lucen nuevos.<\/p>\n<p>Para la comodidad de los cerca de 35.000 aficionados que pueden colmar las tribunas, se piensa en la instalaci\u00f3n de sillas, al estilo de los mejores estadios del pa\u00eds y del exterior.<\/p>\n<p>El campo de juego luce verde y bien cuidado. El c\u00e9sped podado y la cancha demarcada aguardan por la llegada de los equipos, esta noche, para comenzar el camino de la Liga 2020. El primer partido enfrenta al local C\u00facuta Deportivo contra el capitalino Millonarios.<\/p>\n","protected":false},"excerpt":{"rendered":"<p>C\u00daCUTA.- La Junta Directiva encargada de la Construcci\u00f3n del Estadio Santander se conform\u00f3 el 17 de septiembre de 1938 y el escenario deportivo fue inaugurado en 1948, como homenaje al general Francisco de Paula Santander. Han trascurrido 72 a\u00f1os y desde entonces es la casa natural del C\u00facuta Deportivo. Por este lugar han pasado los &hellip;<\/p>\n","protected":false},"author":1,"featured_media":35155,"comment_status":"open","ping_status":"open","sticky":false,"template":"","format":"standard","meta":{"footnotes":""},"categories":[4,28],"tags":[4753,1166],"class_list":["post-35154","post","type-post","status-publish","format-standard","has-post-thumbnail","hentry","category-barra","category-vistazo-deportivo","tag-cucuta-deportivo-2020","tag-estadio-general-santander"],"_links":{"self":[{"href":"https:\/\/contraluzcucuta.co\/index.php?rest_route=\/wp\/v2\/posts\/35154","targetHints":{"allow":["GET"]}}],"collection":[{"href":"https:\/\/contraluzcucuta.co\/index.php?rest_route=\/wp\/v2\/posts"}],"about":[{"href":"https:\/\/contraluzcucuta.co\/index.php?rest_route=\/wp\/v2\/types\/post"}],"author":[{"embeddable":true,"href":"https:\/\/contraluzcucuta.co\/index.php?rest_route=\/wp\/v2\/users\/1"}],"replies":[{"embeddable":true,"href":"https:\/\/contraluzcucuta.co\/index.php?rest_route=%2Fwp%2Fv2%2Fcomments&post=35154"}],"version-history":[{"count":1,"href":"https:\/\/contraluzcucuta.co\/index.php?rest_route=\/wp\/v2\/posts\/35154\/revisions"}],"predecessor-version":[{"id":35156,"href":"https:\/\/contraluzcucuta.co\/index.php?rest_route=\/wp\/v2\/posts\/35154\/revisions\/35156"}],"wp:featuredmedia":[{"embeddable":true,"href":"https:\/\/contraluzcucuta.co\/index.php?rest_route=\/wp\/v2\/media\/35155"}],"wp:attachment":[{"href":"https:\/\/contraluzcucuta.co\/index.php?rest_route=%2Fwp%2Fv2%2Fmedia&parent=35154"}],"wp:term":[{"taxonomy":"category","embeddable":true,"href":"https:\/\/contraluzcucuta.co\/index.php?rest_route=%2Fwp%2Fv2%2Fcategories&post=35154"},{"taxonomy":"post_tag","embeddable":true,"href":"https:\/\/contraluzcucuta.co\/index.php?rest_route=%2Fwp%2Fv2%2Ftags&post=35154"}],"curies":[{"name":"wp","href":"https:\/\/api.w.org\/{rel}","templated":true}]}}