{"id":35147,"date":"2020-01-29T21:02:17","date_gmt":"2020-01-30T02:02:17","guid":{"rendered":"http:\/\/contraluzcucuta.co\/?p=35147"},"modified":"2020-01-29T21:02:17","modified_gmt":"2020-01-30T02:02:17","slug":"visita-presidencial-vias-terciarias-seran-fundamentales-en-la-trasformacion-de-el-catatumbo","status":"publish","type":"post","link":"https:\/\/contraluzcucuta.co\/?p=35147","title":{"rendered":"VISITA PRESIDENCIAL. V\u00edas terciarias ser\u00e1n fundamentales en la trasformaci\u00f3n de El Catatumbo. \u00a0"},"content":{"rendered":"<p style=\"padding-left: 40px; text-align: right;\"><span style=\"color: #ff9900;\"><strong>TIB\u00da &#8211; Norte de Santander.-<\/strong> Cuarentais\u00e9is millones de d\u00f3lares, que ser\u00e1n invertidos en la intervenci\u00f3n y la construcci\u00f3n de v\u00edas terciarias en la subregi\u00f3n de El Catatumbo, ser\u00e1n donados por la Fundaci\u00f3n Howard G. Buffet, presidida por el magnate y fil\u00e1ntropo Howard Buffet.<\/span><\/p>\n<p>Esta es \u201cuna demostraci\u00f3n de amor por Colombia y del trabajo mancomunado con la sociedad\u201d y el Gobierno, dijo el presidente Iv\u00e1n Duque. Agreg\u00f3 que Buffet ha cre\u00eddo en esta iniciativa de Catatumbo Sostenible, en la trasformaci\u00f3n de la regi\u00f3n a partir de la intervenci\u00f3n y construcci\u00f3n de v\u00edas terciarias. Expres\u00f3 gratitud por el compromiso del empresario estadounidense con el pa\u00eds.<\/p>\n<p>El aporte de la Fundaci\u00f3n es \u201cuna muestra de filantrop\u00eda, de la mano con el Gobierno y los gobiernos locales\u201d. Las v\u00edas terciarias que se desarrollar\u00e1n y los proyectos productivos que encadenar\u00e1n con la demanda internacional ser\u00e1n fundamentales en la trasformaci\u00f3n de El Catatumbo.<\/p>\n<p>El anuncio de inversi\u00f3n en v\u00edas terciarias se une \u201cal esfuerzo de nuestros ingenieros militares, de los batallones de acci\u00f3n integral que trabajan con las comunidades y que nos permiten decir que la Paz con Legalidad se construye con seguridad y justicia, pero tambi\u00e9n con la intervenci\u00f3n articulada del brazo y las agencias sociales del Estado\u201d.<\/p>\n<p><strong>Aceleraci\u00f3n de los PDET<\/strong><\/p>\n<p>El presidente Duque destac\u00f3 que la iniciativa se une al compromiso del Gobierno de acelerar la implementaci\u00f3n de los Programas de Desarrollo con Enfoque Territorial (PDET), que se desarrolla en El Catatumbo y otras 15 subregiones del pa\u00eds. Una de las herramientas de anticipaci\u00f3n y aceleraci\u00f3n de recursos para inversi\u00f3n en estos territorios ser\u00e1 el \u00d3rgano Colegiado de Administraci\u00f3n y de Decisi\u00f3n (Ocad) Paz, como qued\u00f3 aprobado en la Ley de Crecimiento Econ\u00f3mico.<\/p>\n<p>Duque reiter\u00f3 la importancia de los avances de los PDET durante su Gobierno y el hecho de haber entregado la Obra 600 de los PDET, a una comunidad ind\u00edgena de Tib\u00fa.<\/p>\n<p>\u201cVenimos con todo el afecto para expresar nuestra voluntad de que la Paz con Legalidad sea exitosa en esta regi\u00f3n. \u00bfC\u00f3mo se hace exitosa la Paz con Legalidad? Viendo los avances que hemos tenido en los Programas de Desarrollo con Enfoque Territorial: empezamos un gobierno con dos PDET construidos. Hoy tenemos 16, que adem\u00e1s han sido elaborados en un proceso de participaci\u00f3n activa con las comunidades\u201d, recalc\u00f3.<\/p>\n<p>Hizo un reconocimiento al gobernador Silvano Serrano y a la alcaldesa de Tib\u00fa, Corina Dur\u00e1n, por adoptar los PDET en los planes de desarrollo.<\/p>\n","protected":false},"excerpt":{"rendered":"<p>TIB\u00da &#8211; Norte de Santander.- Cuarentais\u00e9is millones de d\u00f3lares, que ser\u00e1n invertidos en la intervenci\u00f3n y la construcci\u00f3n de v\u00edas terciarias en la subregi\u00f3n de El Catatumbo, ser\u00e1n donados por la Fundaci\u00f3n Howard G. Buffet, presidida por el magnate y fil\u00e1ntropo Howard Buffet. Esta es \u201cuna demostraci\u00f3n de amor por Colombia y del trabajo mancomunado &hellip;<\/p>\n","protected":false},"author":1,"featured_media":35148,"comment_status":"open","ping_status":"open","sticky":false,"template":"","format":"standard","meta":{"footnotes":""},"categories":[45,4],"tags":[246,4785],"class_list":["post-35147","post","type-post","status-publish","format-standard","has-post-thumbnail","hentry","category-destacado","category-barra","tag-el-catatumbo","tag-fundacion-howard"],"_links":{"self":[{"href":"https:\/\/contraluzcucuta.co\/index.php?rest_route=\/wp\/v2\/posts\/35147","targetHints":{"allow":["GET"]}}],"collection":[{"href":"https:\/\/contraluzcucuta.co\/index.php?rest_route=\/wp\/v2\/posts"}],"about":[{"href":"https:\/\/contraluzcucuta.co\/index.php?rest_route=\/wp\/v2\/types\/post"}],"author":[{"embeddable":true,"href":"https:\/\/contraluzcucuta.co\/index.php?rest_route=\/wp\/v2\/users\/1"}],"replies":[{"embeddable":true,"href":"https:\/\/contraluzcucuta.co\/index.php?rest_route=%2Fwp%2Fv2%2Fcomments&post=35147"}],"version-history":[{"count":1,"href":"https:\/\/contraluzcucuta.co\/index.php?rest_route=\/wp\/v2\/posts\/35147\/revisions"}],"predecessor-version":[{"id":35149,"href":"https:\/\/contraluzcucuta.co\/index.php?rest_route=\/wp\/v2\/posts\/35147\/revisions\/35149"}],"wp:featuredmedia":[{"embeddable":true,"href":"https:\/\/contraluzcucuta.co\/index.php?rest_route=\/wp\/v2\/media\/35148"}],"wp:attachment":[{"href":"https:\/\/contraluzcucuta.co\/index.php?rest_route=%2Fwp%2Fv2%2Fmedia&parent=35147"}],"wp:term":[{"taxonomy":"category","embeddable":true,"href":"https:\/\/contraluzcucuta.co\/index.php?rest_route=%2Fwp%2Fv2%2Fcategories&post=35147"},{"taxonomy":"post_tag","embeddable":true,"href":"https:\/\/contraluzcucuta.co\/index.php?rest_route=%2Fwp%2Fv2%2Ftags&post=35147"}],"curies":[{"name":"wp","href":"https:\/\/api.w.org\/{rel}","templated":true}]}}