{"id":35140,"date":"2020-01-28T21:52:30","date_gmt":"2020-01-29T02:52:30","guid":{"rendered":"http:\/\/contraluzcucuta.co\/?p=35140"},"modified":"2020-01-28T21:53:25","modified_gmt":"2020-01-29T02:53:25","slug":"tema-del-dia-cucuta-y-bucaramanga-seran-ciudades-hermanas-alcalde-yanez-sera-posible","status":"publish","type":"post","link":"https:\/\/contraluzcucuta.co\/?p=35140","title":{"rendered":"TEMA DEL D\u00cdA. C\u00facuta y Bucaramanga ser\u00e1n ciudades hermanas: Alcalde Y\u00e1\u00f1ez. \u00bfSer\u00e1 posible?"},"content":{"rendered":"<p style=\"padding-left: 40px; text-align: right;\"><span style=\"color: #ff6600;\"><strong>C\u00daCUTA.-<\/strong> El alcalde Jairo Y\u00e1\u00f1ez propuso, esta semana, la hermandad entre las capitales de Norte de Santander y Santander. La idea es trabajar de la mano para propender por el desarrollo conjunto. A\u00f1os anteriores se promulg\u00f3 la creaci\u00f3n del Gran Santander para buscar proyectos conjuntos para los dos departamentos.<\/span><\/p>\n<p>La revista <a href=\"http:\/\/www.contraluzcucuta.co\">www.contraluzcucuta.co<\/a> plante\u00f3 a los lectores, como tema del d\u00eda, la sugerencia que C\u00facuta y Bucaramanga sean ciudades hermanas, seg\u00fan el planteamiento del alcalde Y\u00e1\u00f1ez. Y les pregunt\u00f3 \u00bfSer\u00e1 posible? Estas son algunas de las respuestas:<\/p>\n<p><strong>1.- Luis Arturo Melo<\/strong><\/p>\n<p>&#8211; \u00bfQu\u00e9 pasar\u00eda con &#8220;la gran alianza&#8221;? \u00bfEl secretario ejecutivo es el representante Jairo Cristo? \u00bfEn qu\u00e9 ira \u2018la vaina\u2019?<\/p>\n<p><strong>2.- Jes\u00fas Alfonso Ram\u00edrez Ayala <\/strong><\/p>\n<p>&#8211; C\u00facuta fue Ciudad hermana de Tampa (Estados Unidos) y envi\u00f3 unas ambulancias. Bucaramanga nos enviar\u00e1 la basura, qu\u00e9 hermandad.<\/p>\n<p><strong>3.- Pedro Pazchely Arenas Latorre <\/strong><\/p>\n<p>Claro&#8230; manejadas con alcaldes tipo sangre azul\u2026<\/p>\n<p><strong>4.- Luis Alberto G\u00f3mez Forero <\/strong><\/p>\n<p>&#8211; Estoy completamente seguro de que el ingeniero Jairo Y\u00e1\u00f1ez, 100 % no se prestar\u00e1 para hacerle da\u00f1o o robar a C\u00facuta.<\/p>\n<p><strong>5.- Gabriel P\u00e9rez Fonseca <\/strong><\/p>\n<p>&#8211; Estamos lejos de Bucaramanga, no en distancia, sino en desarrollo, modelo econ\u00f3mico, forma de vida y, lo m\u00e1s importante, din\u00e1mica pol\u00edtica.<\/p>\n<p><strong>6.- Rada Padi <\/strong><\/p>\n<p>&#8211; Pregunten en Bogot\u00e1, en el ministerio de Hacienda y en Planeaci\u00f3n Nacional. Todo lo mandan para Bucaramanga, as\u00ed figure para Norte de Santander. \u00bfRecuerdan el Hospital Ram\u00f3n Gonz\u00e1lez Valencia que construyeron en Bucaramanga? Esa plata era para construir el Hospital en C\u00facuta. El ministerio lo mand\u00f3 para Bucaramanga, porque en Bogot\u00e1 no existimos los nortesantandereanos. Ahora, \u00bftambi\u00e9n tenemos que recibirles las basuras? Por Dios, hermanos, \u00bfpara que nos manden la mugre?<\/p>\n<p><strong>7.- German Ayala <\/strong><\/p>\n<p>&#8211; Si hay voluntad pol\u00edtica pueden ser ciudades hermanas y trabajar en equipo. Ciudades hermanas no significa iguales. Feliz d\u00eda, Dios los contin\u00fae bendiciendo.<\/p>\n<p><strong>8.- Jes\u00fas David Rangel Bueno <\/strong><\/p>\n<p>&#8211; \u00bf\u00bf\u00bf\u00bf&#8230;&#8230;&#8230;&#8230;..????<\/p>\n","protected":false},"excerpt":{"rendered":"<p>C\u00daCUTA.- El alcalde Jairo Y\u00e1\u00f1ez propuso, esta semana, la hermandad entre las capitales de Norte de Santander y Santander. La idea es trabajar de la mano para propender por el desarrollo conjunto. A\u00f1os anteriores se promulg\u00f3 la creaci\u00f3n del Gran Santander para buscar proyectos conjuntos para los dos departamentos. La revista www.contraluzcucuta.co plante\u00f3 a los &hellip;<\/p>\n","protected":false},"author":1,"featured_media":35141,"comment_status":"open","ping_status":"open","sticky":false,"template":"","format":"standard","meta":{"footnotes":""},"categories":[2625,4,4529],"tags":[4776,4519],"class_list":["post-35140","post","type-post","status-publish","format-standard","has-post-thumbnail","hentry","category-alcaldia-de-cucuta","category-barra","category-tema-del-dia","tag-alcalde-jairo-yanez","tag-tema-del-dia"],"_links":{"self":[{"href":"https:\/\/contraluzcucuta.co\/index.php?rest_route=\/wp\/v2\/posts\/35140","targetHints":{"allow":["GET"]}}],"collection":[{"href":"https:\/\/contraluzcucuta.co\/index.php?rest_route=\/wp\/v2\/posts"}],"about":[{"href":"https:\/\/contraluzcucuta.co\/index.php?rest_route=\/wp\/v2\/types\/post"}],"author":[{"embeddable":true,"href":"https:\/\/contraluzcucuta.co\/index.php?rest_route=\/wp\/v2\/users\/1"}],"replies":[{"embeddable":true,"href":"https:\/\/contraluzcucuta.co\/index.php?rest_route=%2Fwp%2Fv2%2Fcomments&post=35140"}],"version-history":[{"count":1,"href":"https:\/\/contraluzcucuta.co\/index.php?rest_route=\/wp\/v2\/posts\/35140\/revisions"}],"predecessor-version":[{"id":35142,"href":"https:\/\/contraluzcucuta.co\/index.php?rest_route=\/wp\/v2\/posts\/35140\/revisions\/35142"}],"wp:featuredmedia":[{"embeddable":true,"href":"https:\/\/contraluzcucuta.co\/index.php?rest_route=\/wp\/v2\/media\/35141"}],"wp:attachment":[{"href":"https:\/\/contraluzcucuta.co\/index.php?rest_route=%2Fwp%2Fv2%2Fmedia&parent=35140"}],"wp:term":[{"taxonomy":"category","embeddable":true,"href":"https:\/\/contraluzcucuta.co\/index.php?rest_route=%2Fwp%2Fv2%2Fcategories&post=35140"},{"taxonomy":"post_tag","embeddable":true,"href":"https:\/\/contraluzcucuta.co\/index.php?rest_route=%2Fwp%2Fv2%2Ftags&post=35140"}],"curies":[{"name":"wp","href":"https:\/\/api.w.org\/{rel}","templated":true}]}}