{"id":35136,"date":"2020-01-28T20:51:19","date_gmt":"2020-01-29T01:51:19","guid":{"rendered":"http:\/\/contraluzcucuta.co\/?p=35136"},"modified":"2020-01-28T20:51:19","modified_gmt":"2020-01-29T01:51:19","slug":"visita-presidencial-fundacion-buffet-llega-a-el-catatumbo","status":"publish","type":"post","link":"https:\/\/contraluzcucuta.co\/?p=35136","title":{"rendered":"VISITA PRESIDENCIAL. Fundaci\u00f3n Buffet llega a El Catatumbo"},"content":{"rendered":"<p style=\"padding-left: 40px; text-align: right;\"><span style=\"color: #ff9900;\"><strong>BOGOT\u00c1.-<\/strong> El presidente Iv\u00e1n Duque y el fil\u00e1ntropo estadounidense Howard Buffet llegan, hoy, a la regi\u00f3n de El Catatumbo. En la visita se anunciar\u00e1 la inversi\u00f3n para esa zona del pa\u00eds. El jefe de Estado, el empresario y varios funcionarios ir\u00e1n al corregimiento La Gabarra (Tib\u00fa), donde plantar\u00e1n una mata de cacao y escuchar\u00e1n a los campesinos.<\/span><\/p>\n<p>Edison Benavides, representante de la Asociaci\u00f3n de Cacaoteros de Norte de Santander (Asocanor), declar\u00f3 que muchos campesinos se beneficiar\u00e1n con la ayuda del Gobierno. \u201cTodo el sector de esta regi\u00f3n ser\u00e1 beneficiado gracias al apoyo del Gobierno. Pretendemos replicar este modelo asociativo a toda la regi\u00f3n\u201d.<\/p>\n<p>El anuncio sobre inversiones se har\u00e1 en desarrollo de la pol\u00edtica \u2018Paz con Legalidad\u2019, del Gobierno. La Fundaci\u00f3n Howard G. Buffet planea inversiones para el desarrollo de la zona, afectada por la violencia y la pobreza.<\/p>\n<p>Buffet sostuvo, en un conversatorio en Nueva York (23 de septiembre de 2019), que &#8216;la construcci\u00f3n de la paz no es f\u00e1cil. Pero el factor primordial es contar con un gobierno que lo quiera lograr. Y les podemos decir que hemos estado en otros pa\u00edses, donde con el devenir de las cosas nos damos cuenta de que los gobiernos no son muy serios\u201d.<\/p>\n<p>\u201cLes podemos decir que este Gobierno en Colombia es serio y que sabe que el futuro de Colombia depende de sostener la paz. Y nosotros queremos ayudar a lograrlo\u201d, agreg\u00f3 el empresario.<\/p>\n<p>En la visita acompa\u00f1ar\u00e1n al jefe de Estado la presidenta de la Fundaci\u00f3n Buffet, Ann Bolten; el Consejero Presidencial para la Estabilizaci\u00f3n y la Consolidaci\u00f3n, Emilio Jos\u00e9 Archila; el director del Programa Nacional de Sustituci\u00f3n de Cultivos, Hernando Londo\u00f1o; el gobernador de Norte de Santander, Silvano Serrano, y la alcaldesa de Tib\u00fa, Corina Dur\u00e1n, entre otros.<\/p>\n<p>Posteriormente, se desplazar\u00e1n al Batall\u00f3n de Ingenieros 30 \u2018Coronel Jos\u00e9 Alberto Arana\u2019, en Tib\u00fa, donde el mandatario y el fil\u00e1ntropo dar\u00e1n una declaraci\u00f3n a medios de comunicaci\u00f3n sobre los planes de la Fundaci\u00f3n Buffet para El Catatumbo.<\/p>\n","protected":false},"excerpt":{"rendered":"<p>BOGOT\u00c1.- El presidente Iv\u00e1n Duque y el fil\u00e1ntropo estadounidense Howard Buffet llegan, hoy, a la regi\u00f3n de El Catatumbo. En la visita se anunciar\u00e1 la inversi\u00f3n para esa zona del pa\u00eds. El jefe de Estado, el empresario y varios funcionarios ir\u00e1n al corregimiento La Gabarra (Tib\u00fa), donde plantar\u00e1n una mata de cacao y escuchar\u00e1n a &hellip;<\/p>\n","protected":false},"author":1,"featured_media":35137,"comment_status":"open","ping_status":"open","sticky":false,"template":"","format":"standard","meta":{"footnotes":""},"categories":[45,4],"tags":[246,4690,4339],"class_list":["post-35136","post","type-post","status-publish","format-standard","has-post-thumbnail","hentry","category-destacado","category-barra","tag-el-catatumbo","tag-howard-buffet","tag-presidente-ivan-duque"],"_links":{"self":[{"href":"https:\/\/contraluzcucuta.co\/index.php?rest_route=\/wp\/v2\/posts\/35136","targetHints":{"allow":["GET"]}}],"collection":[{"href":"https:\/\/contraluzcucuta.co\/index.php?rest_route=\/wp\/v2\/posts"}],"about":[{"href":"https:\/\/contraluzcucuta.co\/index.php?rest_route=\/wp\/v2\/types\/post"}],"author":[{"embeddable":true,"href":"https:\/\/contraluzcucuta.co\/index.php?rest_route=\/wp\/v2\/users\/1"}],"replies":[{"embeddable":true,"href":"https:\/\/contraluzcucuta.co\/index.php?rest_route=%2Fwp%2Fv2%2Fcomments&post=35136"}],"version-history":[{"count":1,"href":"https:\/\/contraluzcucuta.co\/index.php?rest_route=\/wp\/v2\/posts\/35136\/revisions"}],"predecessor-version":[{"id":35138,"href":"https:\/\/contraluzcucuta.co\/index.php?rest_route=\/wp\/v2\/posts\/35136\/revisions\/35138"}],"wp:featuredmedia":[{"embeddable":true,"href":"https:\/\/contraluzcucuta.co\/index.php?rest_route=\/wp\/v2\/media\/35137"}],"wp:attachment":[{"href":"https:\/\/contraluzcucuta.co\/index.php?rest_route=%2Fwp%2Fv2%2Fmedia&parent=35136"}],"wp:term":[{"taxonomy":"category","embeddable":true,"href":"https:\/\/contraluzcucuta.co\/index.php?rest_route=%2Fwp%2Fv2%2Fcategories&post=35136"},{"taxonomy":"post_tag","embeddable":true,"href":"https:\/\/contraluzcucuta.co\/index.php?rest_route=%2Fwp%2Fv2%2Ftags&post=35136"}],"curies":[{"name":"wp","href":"https:\/\/api.w.org\/{rel}","templated":true}]}}