{"id":35130,"date":"2020-01-28T19:33:07","date_gmt":"2020-01-29T00:33:07","guid":{"rendered":"http:\/\/contraluzcucuta.co\/?p=35130"},"modified":"2020-01-28T19:33:07","modified_gmt":"2020-01-29T00:33:07","slug":"carta-del-cpc-el-sentido-gremial-que-nos-permite-defender-los-derechos-a-la-opinion-y-a-la-expresion","status":"publish","type":"post","link":"https:\/\/contraluzcucuta.co\/?p=35130","title":{"rendered":"CARTA DEL CPC. El sentido gremial que nos permite defender los derechos a la opini\u00f3n y a la expresi\u00f3n"},"content":{"rendered":"<p style=\"padding-left: 40px; text-align: right;\"><span style=\"color: #ff9900;\"><strong>C\u00daCUTA.-<\/strong> La junta directiva del CPC, al iniciar las actividades correspondientes a la vigencia 2020, expresa el deseo porque las acciones que emprendan durante el a\u00f1o que acaba de comenzar est\u00e9n colmadas de los mayores \u00e9xitos posibles y nos ayuden a consolidar la raz\u00f3n de ser de nuestra organizaci\u00f3n.<\/span><\/p>\n<p>De la misma manera, aprovecha la oportunidad para invitarlos a consultar y a participar activamente en la producci\u00f3n de contenidos de la p\u00e1gina www.circulodeperiodistasycomunicadores.com, proyecto, ahora realidad, en el cual se ven\u00eda trabajando hace algunos meses y que esperamos consolidar con el compromiso de todos ustedes.<\/p>\n<p>As\u00ed parezca tarea f\u00e1cil, nos ha tomado alg\u00fan tiempo el estar en esta red mundial de informaci\u00f3n y conocimiento, pero una vez cumplida esta etapa nos aprestamos para fortalecer nuestra intenci\u00f3n de tener permanente contacto con aquellos interesados en el campo de la comunicaci\u00f3n social y del ejercicio period\u00edstico como profesi\u00f3n y oficio.<\/p>\n<p>Es claro para el C\u00edrculo de Periodistas y Comunicadores de Norte de Santander el sentido gremial que nos permite defender los derechos a la opini\u00f3n y a la expresi\u00f3n, sostenes de la libertad de prensa y del derecho tambi\u00e9n fundamental para el desarrollo de la sociedad: la informaci\u00f3n.<\/p>\n<p>Entonces, el CPC, por medio de esta herramienta tecnol\u00f3gica, deja a disposici\u00f3n de los nortesantandereanos, colombianos y del planeta los contenidos institucionales y aquellos de car\u00e1cter period\u00edstico y de comunicaci\u00f3n de nuestros afiliados, reiterando el compromiso de luchar por un periodismo libre y ejercido con rigor, adem\u00e1s de aquellos otros campos de la comunicaci\u00f3n social.<\/p>\n<p>La recepci\u00f3n de textos informativos y de opini\u00f3n sobre comunicaci\u00f3n, periodismo y otras tem\u00e1ticas que sean postulados para la divulgaci\u00f3n podr\u00e1n enviarse al correo <a href=\"mailto:circuloperiodistas.cpc.ns@gmail.com\">circuloperiodistas.cpc.ns@gmail.com<\/a>. Ser\u00e1n directamente conocidos desde la presidencia y secretar\u00eda general, con el \u00fanico \u00e1nimo de tener control sobre aquello que se publique, pues se trata de una p\u00e1gina de car\u00e1cter institucional.<\/p>\n<p>La secci\u00f3n Aliados se ha pensado con el prop\u00f3sito que los afiliados al CPC que deseen tener enlaces virtuales de los medios de comunicaci\u00f3n o entidades que dirigen, o en las que desempe\u00f1an sus labores, puedan aparecer y posibilitar que cualquiera tenga acceso a ellos.<\/p>\n<p>Como la p\u00e1gina Web del CPC genera obligaciones econ\u00f3micas anuales para el funcionamiento y la conservaci\u00f3n del dominio (.com), el costo que se ha definido para el 2020 de los afiliados que deseen tener all\u00ed los enlaces referidos en el p\u00e1rrafo anterior, es de $50.000 por el a\u00f1o.<\/p>\n<p>Los colegas interesados pueden hacer la consignaci\u00f3n en la cuenta de ahorros 82074251362 del Bancolombia, a nombre del Circulo de Periodistas y Comunicadores, enviar copia al correo con los datos del afiliado y el enlace del medio u organizaci\u00f3n que deba aparecer en la secci\u00f3n.<\/p>\n<p>De antemano, muchas gracias por el apoyo y activa participaci\u00f3n que, estamos seguros, tendr\u00e1 cada uno durante las actividades que se programar\u00e1n en este 2020. Nuestro esfuerzo est\u00e1 orientado a generar espacios y procesos de comunicaci\u00f3n en el interior y el exterior de la organizaci\u00f3n, pues como alguna vez lo declarara la Unesco, hoy cabe reiterar que \u201cla informaci\u00f3n es un componente fundamental de la democracia\u201d.<\/p>\n<p>En representaci\u00f3n de la junta directiva:<strong>\u00a0\u00a0\u00a0\u00a0\u00a0\u00a0\u00a0\u00a0\u00a0\u00a0\u00a0\u00a0\u00a0\u00a0 <\/strong><\/p>\n<p><strong>WILLIAM JAVIER G\u00d3MEZ\u00a0\u00a0\u00a0\u00a0\u00a0\u00a0\u00a0\u00a0\u00a0\u00a0\u00a0\u00a0\u00a0\u00a0\u00a0\u00a0\u00a0\u00a0\u00a0\u00a0\u00a0\u00a0\u00a0 <\/strong><\/p>\n<p><strong>Presidente\u00a0\u00a0\u00a0\u00a0\u00a0\u00a0\u00a0\u00a0\u00a0\u00a0\u00a0\u00a0\u00a0\u00a0\u00a0\u00a0\u00a0\u00a0\u00a0\u00a0\u00a0\u00a0\u00a0\u00a0\u00a0\u00a0 <\/strong><\/p>\n<p><strong>MARY STAPPER <\/strong><\/p>\n<p><strong>Secretaria general<\/strong><\/p>\n","protected":false},"excerpt":{"rendered":"<p>C\u00daCUTA.- La junta directiva del CPC, al iniciar las actividades correspondientes a la vigencia 2020, expresa el deseo porque las acciones que emprendan durante el a\u00f1o que acaba de comenzar est\u00e9n colmadas de los mayores \u00e9xitos posibles y nos ayuden a consolidar la raz\u00f3n de ser de nuestra organizaci\u00f3n. De la misma manera, aprovecha la &hellip;<\/p>\n","protected":false},"author":1,"featured_media":35131,"comment_status":"open","ping_status":"open","sticky":false,"template":"","format":"standard","meta":{"footnotes":""},"categories":[14,4],"tags":[2416,4451],"class_list":["post-35130","post","type-post","status-publish","format-standard","has-post-thumbnail","hentry","category-articulistas","category-barra","tag-circulo-de-periodistas-y-comunicadores-de-norte-de-santander","tag-cpc"],"_links":{"self":[{"href":"https:\/\/contraluzcucuta.co\/index.php?rest_route=\/wp\/v2\/posts\/35130","targetHints":{"allow":["GET"]}}],"collection":[{"href":"https:\/\/contraluzcucuta.co\/index.php?rest_route=\/wp\/v2\/posts"}],"about":[{"href":"https:\/\/contraluzcucuta.co\/index.php?rest_route=\/wp\/v2\/types\/post"}],"author":[{"embeddable":true,"href":"https:\/\/contraluzcucuta.co\/index.php?rest_route=\/wp\/v2\/users\/1"}],"replies":[{"embeddable":true,"href":"https:\/\/contraluzcucuta.co\/index.php?rest_route=%2Fwp%2Fv2%2Fcomments&post=35130"}],"version-history":[{"count":1,"href":"https:\/\/contraluzcucuta.co\/index.php?rest_route=\/wp\/v2\/posts\/35130\/revisions"}],"predecessor-version":[{"id":35132,"href":"https:\/\/contraluzcucuta.co\/index.php?rest_route=\/wp\/v2\/posts\/35130\/revisions\/35132"}],"wp:featuredmedia":[{"embeddable":true,"href":"https:\/\/contraluzcucuta.co\/index.php?rest_route=\/wp\/v2\/media\/35131"}],"wp:attachment":[{"href":"https:\/\/contraluzcucuta.co\/index.php?rest_route=%2Fwp%2Fv2%2Fmedia&parent=35130"}],"wp:term":[{"taxonomy":"category","embeddable":true,"href":"https:\/\/contraluzcucuta.co\/index.php?rest_route=%2Fwp%2Fv2%2Fcategories&post=35130"},{"taxonomy":"post_tag","embeddable":true,"href":"https:\/\/contraluzcucuta.co\/index.php?rest_route=%2Fwp%2Fv2%2Ftags&post=35130"}],"curies":[{"name":"wp","href":"https:\/\/api.w.org\/{rel}","templated":true}]}}