{"id":35121,"date":"2020-01-21T21:22:16","date_gmt":"2020-01-22T02:22:16","guid":{"rendered":"http:\/\/contraluzcucuta.co\/?p=35121"},"modified":"2020-01-21T21:22:16","modified_gmt":"2020-01-22T02:22:16","slug":"de-duque-a-juan-guaido-sabemos-de-su-valentia-y-su-batalla-contra-la-dictadura","status":"publish","type":"post","link":"https:\/\/contraluzcucuta.co\/?p=35121","title":{"rendered":"DE DUQUE A JUAN GUAID\u00d3. Sabemos de su valent\u00eda y su batalla contra la dictadura"},"content":{"rendered":"<p style=\"padding-left: 40px; text-align: right;\"><span style=\"color: #ff9900;\"><strong>BOGOT\u00c1 &#8211;<\/strong> \u201cSabemos de su valent\u00eda y que enfrentar una dictadura cruenta, una dictadura que no tiene ning\u00fan tipo de l\u00edmites, es una tarea que supera el hero\u00edsmo\u201d, le expres\u00f3 el presidente Iv\u00e1n Duque M\u00e1rquez, al presidente interino de Venezuela, Juan Guaid\u00f3. El reconocimient lo hizo en la inauguraci\u00f3n de la III Conferencia Ministerial Hemisf\u00e9rica de Lucha contra el Terrorismo, en Bogot\u00e1.<\/span><\/p>\n<p>\u201cPresidente Guaid\u00f3: me complace decirle as\u00ed, porque usted representa una institucionalidad leg\u00edtima\u201d, manifest\u00f3 el Mandatario. Coment\u00f3 que \u201cmuchos quiz\u00e1s especulan que por qu\u00e9 el Presidente Guaid\u00f3 no ha logrado a\u00fan el fin de la dictadura\u201d.<\/p>\n<p>\u201cSabemos de su batalla contra la dictadura. Sabemos de su defensa por los valores democr\u00e1ticos y su defensa por la legalidad\u201d, se\u00f1al\u00f3 el Presidente Duque.<\/p>\n<p>A\u00f1adi\u00f3 que esta conferencia debe servir tambi\u00e9n \u201cpara que entre todos entendamos que la transici\u00f3n hacia unas elecciones libres en Venezuela es un deber de todos y que no es solamente por el anhelo de ver la democracia y la libertad, sino tambi\u00e9n por el anhelo de ponerle fin a la connivencia, al auspicio, a la protecci\u00f3n, al patrocinio que hace ese r\u00e9gimen a muchos grupos terroristas en el hemisferio\u201d.<\/p>\n<p>\u201cQuiero decirle, Presidente Guaid\u00f3, que su presencia nos honra y que tendr\u00e1 usted siempre en Colombia un pa\u00eds amigo, un pa\u00eds que ha demostrado su fraternidad con Venezuela, atendiendo a miles, a cientos de miles de migrantes\u201d, concluy\u00f3 el Jefe de Estado.<\/p>\n<p>En el evento, efectuado en la Escuela de Cadetes de Polic\u00eda General Santander, en Bogot\u00e1, participaron la Vicepresidenta de la Rep\u00fablica, Marta Luc\u00eda Ram\u00edrez; el Secretario de Estado de Estados Unidos, Mike Pompeo, y los ministros de Relaciones Exteriores, Claudia Blum de Barberi; Defensa, Carlos Holmes Trujillo, y Justicia, Margarita Cabello.<\/p>\n","protected":false},"excerpt":{"rendered":"<p>BOGOT\u00c1 &#8211; \u201cSabemos de su valent\u00eda y que enfrentar una dictadura cruenta, una dictadura que no tiene ning\u00fan tipo de l\u00edmites, es una tarea que supera el hero\u00edsmo\u201d, le expres\u00f3 el presidente Iv\u00e1n Duque M\u00e1rquez, al presidente interino de Venezuela, Juan Guaid\u00f3. El reconocimient lo hizo en la inauguraci\u00f3n de la III Conferencia Ministerial Hemisf\u00e9rica &hellip;<\/p>\n","protected":false},"author":1,"featured_media":35122,"comment_status":"open","ping_status":"open","sticky":false,"template":"","format":"standard","meta":{"footnotes":""},"categories":[45,4],"tags":[4424,4339],"class_list":["post-35121","post","type-post","status-publish","format-standard","has-post-thumbnail","hentry","category-destacado","category-barra","tag-juan-guaido","tag-presidente-ivan-duque"],"_links":{"self":[{"href":"https:\/\/contraluzcucuta.co\/index.php?rest_route=\/wp\/v2\/posts\/35121","targetHints":{"allow":["GET"]}}],"collection":[{"href":"https:\/\/contraluzcucuta.co\/index.php?rest_route=\/wp\/v2\/posts"}],"about":[{"href":"https:\/\/contraluzcucuta.co\/index.php?rest_route=\/wp\/v2\/types\/post"}],"author":[{"embeddable":true,"href":"https:\/\/contraluzcucuta.co\/index.php?rest_route=\/wp\/v2\/users\/1"}],"replies":[{"embeddable":true,"href":"https:\/\/contraluzcucuta.co\/index.php?rest_route=%2Fwp%2Fv2%2Fcomments&post=35121"}],"version-history":[{"count":1,"href":"https:\/\/contraluzcucuta.co\/index.php?rest_route=\/wp\/v2\/posts\/35121\/revisions"}],"predecessor-version":[{"id":35123,"href":"https:\/\/contraluzcucuta.co\/index.php?rest_route=\/wp\/v2\/posts\/35121\/revisions\/35123"}],"wp:featuredmedia":[{"embeddable":true,"href":"https:\/\/contraluzcucuta.co\/index.php?rest_route=\/wp\/v2\/media\/35122"}],"wp:attachment":[{"href":"https:\/\/contraluzcucuta.co\/index.php?rest_route=%2Fwp%2Fv2%2Fmedia&parent=35121"}],"wp:term":[{"taxonomy":"category","embeddable":true,"href":"https:\/\/contraluzcucuta.co\/index.php?rest_route=%2Fwp%2Fv2%2Fcategories&post=35121"},{"taxonomy":"post_tag","embeddable":true,"href":"https:\/\/contraluzcucuta.co\/index.php?rest_route=%2Fwp%2Fv2%2Ftags&post=35121"}],"curies":[{"name":"wp","href":"https:\/\/api.w.org\/{rel}","templated":true}]}}