{"id":35115,"date":"2020-01-21T16:51:13","date_gmt":"2020-01-21T21:51:13","guid":{"rendered":"http:\/\/contraluzcucuta.co\/?p=35115"},"modified":"2020-01-21T16:51:13","modified_gmt":"2020-01-21T21:51:13","slug":"pacto-por-la-equidad-gobierno-presenta-en-cucuta-hoja-de-ruta-para-las-16-subregiones-pdet","status":"publish","type":"post","link":"https:\/\/contraluzcucuta.co\/?p=35115","title":{"rendered":"PACTO POR LA EQUIDAD. Gobierno presenta en C\u00facuta, Hoja de Ruta para las 16 subregiones PDET"},"content":{"rendered":"<p style=\"padding-left: 40px; text-align: right;\"><span style=\"color: #ff9900;\"><strong>C\u00daCUTA &#8211; <\/strong>El Consejero Presidencial para la Estabilizaci\u00f3n y la Consolidaci\u00f3n, Emilio Jos\u00e9 Archila, presentar\u00e1 este mi\u00e9rcoles en C\u00facuta la Hoja de Ruta prevista en el Plan Nacional de Desarrollo \u2018Pacto por Colombia, pacto por la Equidad\u2019, para unificar las planeaciones de los municipios donde se ejecutan los Programas de Desarrollo con Enfoque Territorial (PDET).<\/span><\/p>\n<p>La Hoja de Ruta \u201ces el instrumento que organiza las acciones de los responsables de la implementaci\u00f3n de los Programas de Desarrollo con Enfoque Territorial (PDET), a largo plazo. Define claramente el qui\u00e9n, el cu\u00e1ndo se van a desarrollar estas regiones\u201d.<\/p>\n<p>La afirmaci\u00f3n la hizo el Consejero en la primera sesi\u00f3n de este a\u00f1o de la estrategia Catatumbo Sostenible, impulsada por el Presidente Iv\u00e1n Duque para acelerar el progreso en esta subregi\u00f3n del pa\u00eds.<\/p>\n<p>La Hoja de Ruta marcar\u00e1 un hito en la trasformaci\u00f3n real de los territorios golpeados por la violencia y la pobreza, en una acci\u00f3n planificada a largo plazo que cambiar\u00e1 las condiciones de vida de m\u00e1s de seis millones de personas.<\/p>\n<p>En El Catatumbo y en otras regiones de Colombia se han hecho cuantiosas inversiones. En el 2019, superaron los $ 1,4 billones y con la Hoja de Ruta habr\u00e1 total articulaci\u00f3n y se garantizar\u00e1 el fortalecimiento de los PDET. Este instrumento, tambi\u00e9n, garantiza la vinculaci\u00f3n de la pol\u00edtica p\u00fablica de los PDET en los planes de desarrollo de alcaldes y gobernadores.<\/p>\n<p>\u201cLas comunidades continuar\u00e1n trabajando activamente en los proyectos que se definieron colectivamente en su momento, y har\u00e1n el seguimiento que permitir\u00e1 la sostenibilidad de las iniciativas\u201d, dijo el consejero Archila. Las 16 subregiones PDET tendr\u00e1n oportunamente acueducto, luz, v\u00edas terciarias, salud, infraestructura educativa y opciones laborales de emprendimiento.<\/p>\n<p><strong>M\u00c1S INVERSI\u00d3N PARA EL CATATUMBO<\/strong><\/p>\n<p>Sobre la sesi\u00f3n de la estrategia Catatumbo Sostenible, que tendr\u00e1 lugar en el Club del Comercio de C\u00facuta, el Consejero dijo que se anunciar\u00e1 la asignaci\u00f3n de $ 2500 millones para el acueducto de Hacar\u00ed.<\/p>\n<p>Con esta inversi\u00f3n se completar\u00e1n los 11 acueductos que hace un a\u00f1o anunci\u00f3 el presidente Iv\u00e1n Duque para la regi\u00f3n. Los dineros provienen del Ocad-Paz, recursos de regal\u00edas que quedar\u00e1n formalmente asignados en la reuni\u00f3n de este organismo en la sesi\u00f3n del jueves.<\/p>\n<p>El Consejero record\u00f3 que se present\u00f3 el proyecto de energ\u00eda rural para zonas apartadas de El Catatumbo, por $ 60.660 millones, recursos aportados por Centrales El\u00e9ctricas de Norte de Santander.<\/p>\n<p>&nbsp;<\/p>\n","protected":false},"excerpt":{"rendered":"<p>C\u00daCUTA &#8211; El Consejero Presidencial para la Estabilizaci\u00f3n y la Consolidaci\u00f3n, Emilio Jos\u00e9 Archila, presentar\u00e1 este mi\u00e9rcoles en C\u00facuta la Hoja de Ruta prevista en el Plan Nacional de Desarrollo \u2018Pacto por Colombia, pacto por la Equidad\u2019, para unificar las planeaciones de los municipios donde se ejecutan los Programas de Desarrollo con Enfoque Territorial (PDET). &hellip;<\/p>\n","protected":false},"author":1,"featured_media":35116,"comment_status":"open","ping_status":"open","sticky":false,"template":"","format":"standard","meta":{"footnotes":""},"categories":[4,32],"tags":[246,4780,4778,4779,4638],"class_list":["post-35115","post","type-post","status-publish","format-standard","has-post-thumbnail","hentry","category-barra","category-recorrido-por-la-region","tag-el-catatumbo","tag-emilio-archila","tag-pacto-por-colombia","tag-pacto-por-la-equidad","tag-presidencia-de-la-republica"],"_links":{"self":[{"href":"https:\/\/contraluzcucuta.co\/index.php?rest_route=\/wp\/v2\/posts\/35115","targetHints":{"allow":["GET"]}}],"collection":[{"href":"https:\/\/contraluzcucuta.co\/index.php?rest_route=\/wp\/v2\/posts"}],"about":[{"href":"https:\/\/contraluzcucuta.co\/index.php?rest_route=\/wp\/v2\/types\/post"}],"author":[{"embeddable":true,"href":"https:\/\/contraluzcucuta.co\/index.php?rest_route=\/wp\/v2\/users\/1"}],"replies":[{"embeddable":true,"href":"https:\/\/contraluzcucuta.co\/index.php?rest_route=%2Fwp%2Fv2%2Fcomments&post=35115"}],"version-history":[{"count":1,"href":"https:\/\/contraluzcucuta.co\/index.php?rest_route=\/wp\/v2\/posts\/35115\/revisions"}],"predecessor-version":[{"id":35117,"href":"https:\/\/contraluzcucuta.co\/index.php?rest_route=\/wp\/v2\/posts\/35115\/revisions\/35117"}],"wp:featuredmedia":[{"embeddable":true,"href":"https:\/\/contraluzcucuta.co\/index.php?rest_route=\/wp\/v2\/media\/35116"}],"wp:attachment":[{"href":"https:\/\/contraluzcucuta.co\/index.php?rest_route=%2Fwp%2Fv2%2Fmedia&parent=35115"}],"wp:term":[{"taxonomy":"category","embeddable":true,"href":"https:\/\/contraluzcucuta.co\/index.php?rest_route=%2Fwp%2Fv2%2Fcategories&post=35115"},{"taxonomy":"post_tag","embeddable":true,"href":"https:\/\/contraluzcucuta.co\/index.php?rest_route=%2Fwp%2Fv2%2Ftags&post=35115"}],"curies":[{"name":"wp","href":"https:\/\/api.w.org\/{rel}","templated":true}]}}