{"id":35057,"date":"2020-01-10T17:53:53","date_gmt":"2020-01-10T22:53:53","guid":{"rendered":"http:\/\/contraluzcucuta.co\/?p=35057"},"modified":"2020-01-10T17:53:53","modified_gmt":"2020-01-10T22:53:53","slug":"tema-del-dia-martha-maria-reyes-nueva-contralora-del-municipio-buena-eleccion","status":"publish","type":"post","link":"https:\/\/contraluzcucuta.co\/?p=35057","title":{"rendered":"TEMA DEL D\u00cdA. Martha Mar\u00eda Reyes, nueva Contralora del municipio. \u00bfBuena elecci\u00f3n?"},"content":{"rendered":"<p style=\"padding-left: 40px; text-align: right;\"><span style=\"color: #ff9900;\"><strong>C\u00daCUTA.-<\/strong> <span style=\"color: #ff0000;\"><a style=\"color: #ff0000;\" href=\"https:\/\/contraluzcucuta.co\/entrevista-marta-maria-reyes-el-periodismo-no-ha-perdido\/\">Martha Mar\u00eda Reyes<\/a> <\/span>lleg\u00f3 joven a la redacci\u00f3n de La Opini\u00f3n y descoll\u00f3 en el \u00e1rea econ\u00f3mica. Desde el comienzo mostr\u00f3 las aptitudes como periodista y se gan\u00f3 el respeto de los compa\u00f1eros de sala y el entusiasmo de los directivos del matutino cucute\u00f1o. Entre los gremios alcanz\u00f3 admiraci\u00f3n por el trabajo serio y responsable que a diario adelant\u00f3.<\/span><\/p>\n<p>Un d\u00eda, decidi\u00f3 abandonar el ajetreo cotidiano que se vive en el peri\u00f3dico y se adentr\u00f3 en la oficina de prensa de la Alcald\u00eda de C\u00facuta. R\u00e1pido, tom\u00f3 vuelo en las huestes pol\u00edticas de Ramiro Su\u00e1rez y lleg\u00f3 a la direcci\u00f3n de Indenorte. Luego, estuvo en la Secretar\u00eda General de C\u00e9sar Rojas, cargo del que sali\u00f3 para ponerse en la tarea de recorrer la ciudad con el objetivo de ganarse el favor popular.<\/p>\n<p>A mitad de campa\u00f1a para la Alcald\u00eda no recibi\u00f3 la bendici\u00f3n del jefe Su\u00e1rez Corzo y se hizo a un costado para que Jorge Acevedo recogiera esas banderas que blandi\u00f3 por los barrios cucute\u00f1os. Atr\u00e1s quedaron los abrazos, los saludos y las visitas a las comunidades desvalidas.<\/p>\n<p>De un momento a otro comenz\u00f3 a rodar la voz que Martha Mar\u00eda ser\u00eda la candidata del \u2018ramirismo\u2019 a la Contralor\u00eda Municipal. En las elecciones del 27 de octubre, con el triunfo de Jairo Y\u00e1\u00f1ez por sobre Acevedo, se estim\u00f3 que hab\u00eda sido un golpe contundente a Ramiro y que ese movimiento hab\u00eda sido herido de muerte. Sin embargo, este viernes, revivi\u00f3 en el Concejo.<\/p>\n<p>Once concejales le dieron el S\u00cd a Martha Mar\u00eda y la ungieron como la cabeza visible de la oficina encargada de controlar los actos de la administraci\u00f3n municipal. Nelson Ovalles, Mario Figueroa, Alejandro Castellanos, Carlos Eduardo Garc\u00eda Alicastro, Albert Casadiegos, Oliverio Castellanos, Leonardo J\u00e1come, Edinson Contreras, Jorge Acevedo, Carime Rodr\u00edguez y Edwin Duarte G\u00f3mez respaldaron la elecci\u00f3n.<\/p>\n<p>Votaron en blanco: Alvaro Raad (Centro Democr\u00e1tico), Carlos Due\u00f1as (Centro Democr\u00e1tico), Jair D\u00edaz (Partido Alianza Verde), Edward Var\u00f3n (Partido Alianza Verde), Guillermo Le\u00f3n (Partido de la U), Juan Diego Ord\u00f3\u00f1ez (Partido Conservador), Carlos Chac\u00f3n (Partido Conservador) y V\u00edctor Caicedo (Todos por C\u00facuta).<\/p>\n<p>La revista <a href=\"http:\/\/www.contraluzcucuta.co\">www.contraluzcucuta.co<\/a>, a ra\u00edz de la decisi\u00f3n de los concejales, les pregunt\u00f3 a los lectores si esta fue una \u00bfbuena elecci\u00f3n? Estos son algunos de los comentarios recibidos:<\/p>\n<p><strong>1.- Reyes Heliz\u00e1nder Fl\u00f3rez Vera<\/strong><\/p>\n<p><em>&#8211; Buena elecci\u00f3n para Ramiro Su\u00e1rez.<\/em><\/p>\n<p><strong>2.- Nathalia Pe\u00f1aloza Villamizar<\/strong><\/p>\n<p><em>&#8211; \u00a1Terrible!<\/em><\/p>\n<p><strong>3.- David Casanova <\/strong><\/p>\n<p><em>&#8211; Seguiremos en las mismas.<\/em><\/p>\n<p><strong>4.- Pablo Julio Sanchez Arango <\/strong><\/p>\n<p>&#8211; <em>Como profesional del periodismo la conoc\u00ed en La Opini\u00f3n y tengo respetos por su integridad y profesionalismo&#8230; Los valores de crianza y los dem\u00e1s forjados en la academia son irrenunciables por mayores que sean las prebendas&#8230; YO SI LE CREO A MARTHA MAR\u00cdA&#8230; \u00c9XITOS<\/em><\/p>\n<p><strong>5.- Eduardo Tadeo V\u00e1squez Morelli <\/strong><\/p>\n<p>&#8211; <em>Para qu\u00e9 pregunta si es buena elecci\u00f3n, si ya todos saben qui\u00e9n y para qu\u00e9 la puso.<\/em><\/p>\n<p><strong>6.- Omar Romero G\u00fciza <\/strong><\/p>\n<p><em>&#8211; El puesto que le encanta a Rami\u2026 Ya estuvo Doris Angarita. Ah vaina. Despu\u00e9s ser\u00e1 Secretaria de Educaci\u00f3n. Bien por ella. Digo.<\/em><\/p>\n<p><strong>7.- Armando Jo\u00e8 Rodr\u00ecguez Maldonado <\/strong><\/p>\n<p><em>&#8211; Omar Romero G\u00fciza, est\u00e1s en lo cierto.<\/em><\/p>\n<p><strong>8.- Carlos Eduardo Meneses Pabon <\/strong><\/p>\n<p><em>&#8211; P\u00e9sima. Y seguimos con concejales que los maneja Ramiro.<\/em><\/p>\n<p><strong>9.- Carmen Celina S\u00e1nchez Capataz <\/strong><\/p>\n<p><em>&#8211; Es una regla de tres simple:<\/em><\/p>\n<p><em>Martha M.= S\u00faarez<\/em><\/p>\n<p><em>Contralor\u00eda es a C\u00facuta<\/em><\/p>\n<p><em>\u00bfQui\u00e9n va a controlar a C\u00facuta?<\/em><\/p>\n<p><strong>10.- Karina Barreto Ruiz <\/strong><\/p>\n<p><em>&#8211; Hace quedar mal al gremio de periodistas al ser el t\u00edtere de Ramiro. Bueno, es C\u00facuta, qu\u00e9 m\u00e1s se espera.<\/em><\/p>\n<p><strong>11.- Leonel Matamoros <\/strong><\/p>\n<p><em>&#8211; Qu\u00e9 tristeza. Concejales corruptos.<\/em><\/p>\n<p><strong>12.- Segundo Antonio Gonz\u00e1lez <\/strong><\/p>\n<p><em>&#8211; Necesario darle tiempo a su trabajo.<\/em><\/p>\n<p><strong>13.- Rada Padi <\/strong><\/p>\n<p><em>&#8211; \u201cEl que manda, manda, aunque mande mal\u201d, dec\u00eda mi mam\u00e1. Podr\u00edamos cambiar a: \u201cel que manda, manda, aunque mande desde la c\u00e1rcel\u201d.<\/em><\/p>\n<p><strong>14.- Ismael Canavate Cadena <\/strong><\/p>\n<p><em>&#8211; P\u00e9sima elecci\u00f3n<\/em><\/p>\n<p>Eliminar u ocultar esto<\/p>\n<p><strong>15.- Manuel Jos\u00e9 J\u00e1uregui <\/strong><\/p>\n<p><em>&#8211; Fresco que para el segundo per\u00edodo el Presidente del Concejo va a ser Jorge Acevedo&#8230; Todo listo.<\/em><\/p>\n<p><strong>16.- Jorge Pab\u00f3n <\/strong><\/p>\n<p><em>&#8211; Estaba cantada esa elecci\u00f3n.<\/em><\/p>\n<p><strong>17.- Gustavo Camperos <\/strong><\/p>\n<p><em>&#8211; Qu\u00e9 tristeza. Quisi\u00e9ramos saber cu\u00e1les son los concejales que votaron por esta se\u00f1ora cuestionada e investigada, para poderlos demandar por corruptos y ladrones.<\/em><\/p>\n<p><strong>18.- Pedro Jes\u00fas Forero <\/strong><\/p>\n<p><em>&#8211; Seguimos en las mismas, Ramiro con su poder.<\/em><\/p>\n<p><strong>19.- Leamsy Becerra Rueda <\/strong><\/p>\n<p><em>&#8211; P\u00e9sima. Sacamicas de Ramiro<\/em><\/p>\n<p><em>\u00a0<\/em><strong>RAFAEL ANTONIO PAB\u00d3N<\/strong><\/p>\n<p><strong><a href=\"mailto:rafaelpabon58@hotmail.com\">rafaelpabon58@hotmail.com<\/a><\/strong><\/p>\n","protected":false},"excerpt":{"rendered":"<p>C\u00daCUTA.- Martha Mar\u00eda Reyes lleg\u00f3 joven a la redacci\u00f3n de La Opini\u00f3n y descoll\u00f3 en el \u00e1rea econ\u00f3mica. Desde el comienzo mostr\u00f3 las aptitudes como periodista y se gan\u00f3 el respeto de los compa\u00f1eros de sala y el entusiasmo de los directivos del matutino cucute\u00f1o. Entre los gremios alcanz\u00f3 admiraci\u00f3n por el trabajo serio y &hellip;<\/p>\n","protected":false},"author":1,"featured_media":35058,"comment_status":"open","ping_status":"open","sticky":false,"template":"","format":"standard","meta":{"footnotes":""},"categories":[4,9,4529],"tags":[197,2718,4760,4519],"class_list":["post-35057","post","type-post","status-publish","format-standard","has-post-thumbnail","hentry","category-barra","category-politica","category-tema-del-dia","tag-concejo-de-cucuta","tag-contraloria-municipal","tag-martha-maria-reyes","tag-tema-del-dia"],"_links":{"self":[{"href":"https:\/\/contraluzcucuta.co\/index.php?rest_route=\/wp\/v2\/posts\/35057","targetHints":{"allow":["GET"]}}],"collection":[{"href":"https:\/\/contraluzcucuta.co\/index.php?rest_route=\/wp\/v2\/posts"}],"about":[{"href":"https:\/\/contraluzcucuta.co\/index.php?rest_route=\/wp\/v2\/types\/post"}],"author":[{"embeddable":true,"href":"https:\/\/contraluzcucuta.co\/index.php?rest_route=\/wp\/v2\/users\/1"}],"replies":[{"embeddable":true,"href":"https:\/\/contraluzcucuta.co\/index.php?rest_route=%2Fwp%2Fv2%2Fcomments&post=35057"}],"version-history":[{"count":1,"href":"https:\/\/contraluzcucuta.co\/index.php?rest_route=\/wp\/v2\/posts\/35057\/revisions"}],"predecessor-version":[{"id":35059,"href":"https:\/\/contraluzcucuta.co\/index.php?rest_route=\/wp\/v2\/posts\/35057\/revisions\/35059"}],"wp:featuredmedia":[{"embeddable":true,"href":"https:\/\/contraluzcucuta.co\/index.php?rest_route=\/wp\/v2\/media\/35058"}],"wp:attachment":[{"href":"https:\/\/contraluzcucuta.co\/index.php?rest_route=%2Fwp%2Fv2%2Fmedia&parent=35057"}],"wp:term":[{"taxonomy":"category","embeddable":true,"href":"https:\/\/contraluzcucuta.co\/index.php?rest_route=%2Fwp%2Fv2%2Fcategories&post=35057"},{"taxonomy":"post_tag","embeddable":true,"href":"https:\/\/contraluzcucuta.co\/index.php?rest_route=%2Fwp%2Fv2%2Ftags&post=35057"}],"curies":[{"name":"wp","href":"https:\/\/api.w.org\/{rel}","templated":true}]}}