{"id":35054,"date":"2020-01-08T20:43:19","date_gmt":"2020-01-09T01:43:19","guid":{"rendered":"http:\/\/contraluzcucuta.co\/?p=35054"},"modified":"2020-01-08T20:43:19","modified_gmt":"2020-01-09T01:43:19","slug":"2018-2019-luto-en-el-deporte-y-los-medios","status":"publish","type":"post","link":"https:\/\/contraluzcucuta.co\/?p=35054","title":{"rendered":"2018 \u2013 2019. Luto en el deporte y los medios"},"content":{"rendered":"<p style=\"text-align: right; padding-left: 40px;\"><span style=\"color: #ff9900;\"><strong>C\u00daCUTA.-<\/strong> Los dos \u00faltimos a\u00f1os no fueron ben\u00e9volos para el deporte rojinegro y los medios de comunicaci\u00f3n. Los exjugadores del C\u00facuta Deportivo, Alfonso \u2018El Culebro\u2019 Rojas y Jos\u00e9 German \u2018Chonto\u2019 Jaimes, en el 2019, y Jos\u00e9 Omar Verd\u00fan Araujo, en el 2018, dejaron este mundo tras haber tejido una historia de leyenda.<\/span><\/p>\n<p>\u2018El Culebro\u2019 Rojas falleci\u00f3 el 8 de febrero. Jug\u00f3 en el once motil\u00f3n entre 1963 y 1970. Marc\u00f3 16 goles en 135 partidos. Hizo parte del famoso \u2018zool\u00f3gico\u2019 que integraban Marco Tulio \u2018La Rata\u2019 Ni\u00f1o, Guillermo \u2018El Mico\u2019 Santander, Gilberto \u2018Palomo\u2019 Ram\u00edrez y Germ\u00e1n \u2018Burrito\u2019 Gonz\u00e1lez.<\/p>\n<p>\u2018Chonto\u2019 falleci\u00f3 el 25 de agosto. Visti\u00f3 la camiseta rojinegra en 194 partidos, entre 1963 y 1975.<\/p>\n<p>El uruguayo Jos\u00e9 Omar Verd\u00fan, goleador hist\u00f3rico del equipo rojinegro, con 169 anotaciones en 323 partidos, muri\u00f3 el 12 de julio del 2018. Fue llamado \u2018Totogol\u2019, porque da\u00f1aba las apuestas que se hac\u00eda en el pa\u00eds, mediante esa modalidad<\/p>\n<p>Otro exjugador del C\u00facuta, Hamilton C\u00e9spedes, apareci\u00f3 muerto, el 12 de enero del 2019, en Puerto La Cruz (Venezuela). El exgerente Jaime Tenorio Estacio falleci\u00f3 a consecuencia de un infarto, el 9 de marzo.<\/p>\n<p>El exjugador de baloncesto de las selecciones Norte y Colombia, Antonio Mar\u00eda \u2018El Mico\u2019 Soler Duarte, abandon\u00f3 este mundo el 24 de septiembre. Soler jug\u00f3 al lado de Alfredo y Carlos D\u00edaz, Alfredo Garbiras, David Porras y Carlos Olinto Merch\u00e1n, entre otros.<\/p>\n<p>Otra baja del baloncesto fue Myriam Navarro de Serrano, eterna delegada de las selecciones femeninas de Norte de Santander. Cap\u00edtulo aparte merece el deceso de Carlos Enrique Hern\u00e1ndez, expresidente de la Liga de Microf\u00fatbol y del Club Los Panches, uno de los m\u00e1s prestigiosos de la d\u00e9cada de los 80. Carlos \u2018Eloy\u2019 falleci\u00f3 el 19 de abril.<\/p>\n<p><strong>LA CUOTA DE LOS MEDIOS<\/strong><\/p>\n<p>Rams\u00e9s D\u00edaz Le\u00f3n, connotado periodista colombiano, oriundo de Sim\u00e1cota (Santander), falleci\u00f3 el 11 de octubre en San Crist\u00f3bal, estado T\u00e1chira (Venezuela). D\u00edaz Le\u00f3n fue durante muchos a\u00f1os corresponsal del matutino cucute\u00f1o La Opini\u00f3n. Promovi\u00f3 el Mundial de Ciclismo, en 1977, en San Crist\u00f3bal.<\/p>\n<p>Tambi\u00e9n, fallecieron este a\u00f1o Jaime Contreras Valero, cofundador de Atlas Deportivo y Orlando Rodr\u00edguez Hern\u00e1ndez.<\/p>\n<p>En el 2018, dej\u00f3 de existir Francisco \u2018Kiko\u2019 Navarro, periodista cucute\u00f1o, el 26 de julio en Bucaramanga. Fue uno de los fundadores del C\u00edrculo de Cronistas Deportivos de Norte de Santander, en 1958. Finalizando el a\u00f1o pasado se fue Napole\u00f3n Garnica Garc\u00eda.<\/p>\n<p><strong>TAMBI\u00c9N PARTIERON <\/strong><\/p>\n<p>2019<\/p>\n<p>Futbolistas. Alan Mostacilla, Jorge Pizza, Orlando \u2018La \u00d1apa\u2019 Monta\u00f1ez y Carlos \u2018Caley\u2019 Jim\u00e9nez.<\/p>\n<p>Dirigentes. Juan J. Arciniegas y Jaime L. Navarro<\/p>\n<p>Auxiliares. Roque Villamizar y Fidel Moreno<\/p>\n<p>2018<\/p>\n<p>Futbolistas. Carlos Armesto, Alberto Land\u00ednez y Jordan Novoa<\/p>\n<p>Dirigentes. Hugo Soler, Juan Emilio Habrahan y Luis Bueno<\/p>\n<p><strong>PEDRO L. J\u00c1UREGUI \u00c1VILA<\/strong><\/p>\n","protected":false},"excerpt":{"rendered":"<p>C\u00daCUTA.- Los dos \u00faltimos a\u00f1os no fueron ben\u00e9volos para el deporte rojinegro y los medios de comunicaci\u00f3n. Los exjugadores del C\u00facuta Deportivo, Alfonso \u2018El Culebro\u2019 Rojas y Jos\u00e9 German \u2018Chonto\u2019 Jaimes, en el 2019, y Jos\u00e9 Omar Verd\u00fan Araujo, en el 2018, dejaron este mundo tras haber tejido una historia de leyenda. \u2018El Culebro\u2019 Rojas &hellip;<\/p>\n","protected":false},"author":1,"featured_media":35055,"comment_status":"open","ping_status":"open","sticky":false,"template":"","format":"standard","meta":{"footnotes":""},"categories":[4,28],"tags":[192,4759],"class_list":["post-35054","post","type-post","status-publish","format-standard","has-post-thumbnail","hentry","category-barra","category-vistazo-deportivo","tag-cucuta-deportivo","tag-luto-en-el-deporte"],"_links":{"self":[{"href":"https:\/\/contraluzcucuta.co\/index.php?rest_route=\/wp\/v2\/posts\/35054","targetHints":{"allow":["GET"]}}],"collection":[{"href":"https:\/\/contraluzcucuta.co\/index.php?rest_route=\/wp\/v2\/posts"}],"about":[{"href":"https:\/\/contraluzcucuta.co\/index.php?rest_route=\/wp\/v2\/types\/post"}],"author":[{"embeddable":true,"href":"https:\/\/contraluzcucuta.co\/index.php?rest_route=\/wp\/v2\/users\/1"}],"replies":[{"embeddable":true,"href":"https:\/\/contraluzcucuta.co\/index.php?rest_route=%2Fwp%2Fv2%2Fcomments&post=35054"}],"version-history":[{"count":1,"href":"https:\/\/contraluzcucuta.co\/index.php?rest_route=\/wp\/v2\/posts\/35054\/revisions"}],"predecessor-version":[{"id":35056,"href":"https:\/\/contraluzcucuta.co\/index.php?rest_route=\/wp\/v2\/posts\/35054\/revisions\/35056"}],"wp:featuredmedia":[{"embeddable":true,"href":"https:\/\/contraluzcucuta.co\/index.php?rest_route=\/wp\/v2\/media\/35055"}],"wp:attachment":[{"href":"https:\/\/contraluzcucuta.co\/index.php?rest_route=%2Fwp%2Fv2%2Fmedia&parent=35054"}],"wp:term":[{"taxonomy":"category","embeddable":true,"href":"https:\/\/contraluzcucuta.co\/index.php?rest_route=%2Fwp%2Fv2%2Fcategories&post=35054"},{"taxonomy":"post_tag","embeddable":true,"href":"https:\/\/contraluzcucuta.co\/index.php?rest_route=%2Fwp%2Fv2%2Ftags&post=35054"}],"curies":[{"name":"wp","href":"https:\/\/api.w.org\/{rel}","templated":true}]}}