{"id":35004,"date":"2019-12-28T17:23:12","date_gmt":"2019-12-28T22:23:12","guid":{"rendered":"http:\/\/contraluzcucuta.co\/?p=35004"},"modified":"2019-12-28T17:23:12","modified_gmt":"2019-12-28T22:23:12","slug":"futbol-de-media-petaca-si-me-voy-de-cucuta-el-futuro-esta-en-la-vecindad-cadena","status":"publish","type":"post","link":"https:\/\/contraluzcucuta.co\/?p=35004","title":{"rendered":"F\u00daTBOL DE MEDIA PETACA. S\u00ed, me voy de C\u00facuta; el futuro est\u00e1 en la vecindad: Cadena"},"content":{"rendered":"<p style=\"padding-left: 40px; text-align: right;\"><span style=\"color: #ff9900;\"><strong>C\u00daCUTA.-<\/strong> Luego de varios intentos por obtener el di\u00e1logo directo con el presidente del C\u00facuta Deportivo, Jos\u00e9 Augusto Cadena, por fin se logr\u00f3 el objetivo y de manera virtual. En este encuentro habl\u00f3 de diversos temas y mostr\u00f3 tranquilidad respecto a lo que ser\u00e1 la Liga 2020. Adelant\u00f3 que, probablemente, dejar\u00e1 el cargo para adentrarse en el f\u00fatbol venezolano.<\/span><\/p>\n<p><strong>\u00bfPor qu\u00e9 tan alejado de los medios?<\/strong><\/p>\n<p>Por nada especial. Solo que quer\u00eda descansar de tantas alabanzas inmerecidas. Hay unos colegas suyos especialistas en adular sin m\u00e9ritos.<\/p>\n<p><strong>\u00bfTiene un balance del 2019?<\/strong><\/p>\n<p>L\u00f3gico. Me encant\u00f3 el equipo, sobre todo por la relaci\u00f3n de familia que sostuvimos a lo largo del a\u00f1o. Usted vio, no hubo quejas, ni problemas, ni malos entendidos con los jugadores, ni con el cuerpo t\u00e9cnico.<\/p>\n<p><strong>\u00bfPor qu\u00e9 se fue Pablo Garabello?<\/strong><\/p>\n<p>Por cuestiones del f\u00fatbol. Dijo que Pekerman lo hab\u00eda llamado para que estuviera a su lado en Argentina y que prefer\u00eda no hacer nada a quedarse en medio de la incertidumbre econ\u00f3mica en Colombia.<\/p>\n<p><strong>\u00bfA Guillermo Sanguinetti c\u00f3mo lo contrat\u00f3?<\/strong><\/p>\n<p>F\u00e1cil. Estaba desocupado, luego de salir de Santa Fe. Usted sabe, es mejor que lo enga\u00f1en a uno trabajando que ver pasar los d\u00edas desocupado. Lo llam\u00e9 y acept\u00f3 encantado, porque conoce mi manera trasparente de manejar los equipos.<\/p>\n<p><strong>La mayor\u00eda de los jugadores renunci\u00f3 \u00bfpor qu\u00e9?<\/strong><\/p>\n<p>Esa pregunta es dif\u00edcil de responder. Pero ser\u00e9 sincero. Se fueron, porque, a ra\u00edz del rendimiento durante el campeonato, los llamaron de otras plazas. Se despidieron entre el llanto y el agradecimiento por el trato digno que recibieron en C\u00facuta. Bueno, no fue posible retenerlos.<\/p>\n<p><strong>Entre la afici\u00f3n hay otra versi\u00f3n\u2026<\/strong><\/p>\n<p>No me diga que usted tambi\u00e9n cree en esos inventos de sardinel. A ninguno se le debe un peso, no tenemos demandas, la SuperSociedades tiene buen concepto del club. Lo dem\u00e1s se lo inventa un periodista y corre la voz.<\/p>\n<p><strong>\u00bfPor qu\u00e9 cree que los aficionados no volvieron al General?<\/strong><\/p>\n<p>Bueno, eso es culpa de la televisi\u00f3n. L\u00e1stima, preferir\u00eda que los partidos no los trasmitieran en vivo para que los hinchas vayan al estadio. Me gusta m\u00e1s ver a ni\u00f1os, j\u00f3venes y adultos con la camiseta rojinegra en las tribunas, que los millones que pagan por las trasmisiones. Primero la afici\u00f3n, luego la cuenta bancaria.<\/p>\n<p><strong>\u00bfEs cierto que hay un grande del f\u00fatbol mundial detr\u00e1s de la ficha del C\u00facuta Deportivo?<\/strong><\/p>\n<p>S\u00ed, es verdad. No voy a dar nombres, solo unas pistas. Es un cucute\u00f1o que juega en la liga espa\u00f1ola, quiere mucho esta ciudad y quisiera terminar su carrera aqu\u00ed.<\/p>\n<p><strong>\u00bfHan hablado de precio?<\/strong><\/p>\n<p>Claro. Por la buena campa\u00f1a este a\u00f1o, los activos que posee el club y la posici\u00f3n en el ranquin mundial, el once motil\u00f3n cuesta 20 millones de d\u00f3lares. S\u00e9 que voy a p\u00e9rdida, pero lo hago por la afici\u00f3n.<\/p>\n<p><strong>\u00bfY qu\u00e9 planes hay para el equipo?<\/strong><\/p>\n<p>La idea es traer cinco extranjeros. Entre esos, los tres espa\u00f1oles que prometi\u00f3 un exalcalde que busc\u00f3 repetir, pero al que no le alcanzaron los votos.<\/p>\n<p><strong>\u00bfSi se va de C\u00facuta cu\u00e1l ser\u00e1 su futuro?<\/strong><\/p>\n<p>Aqu\u00ed en Colombia, creo, cumpl\u00ed mi ciclo como dirigente. Recuerde, estuve al frente de tres equipos y en todos me fue bien. Pregunte en Bucaramanga y Tunja, los antecedentes son los mejores.<\/p>\n<p><strong>\u00bfCu\u00e1l ser\u00e1 su destino?<\/strong><\/p>\n<p>Indudablemente, Venezuela. All\u00e1 hay futuro.<\/p>\n<p><strong>\u00bfLe gusta el remoquete de mercenario del f\u00fatbol?<\/strong><\/p>\n<p>Pues no entiendo ese apelativo. El diccionario trae esta definici\u00f3n<em>: \u201cDicho de un soldado o de una tropa: Que por estipendio sirve en la guerra a un poder extranjero. Apl. a soldado\u201d. \u00a0<\/em>Si es por lo de \u2018soldado\u2019, pues gracias, porque eso es lo que soy para el f\u00fatbol: \u2018un soldado\u2019.<\/p>\n<p><strong>\u00bfQu\u00e9 es el f\u00fatbol para usted?<\/strong><\/p>\n<p>Un negocio, una empresa. Compro y vendo equipos. As\u00ed me he ganado mis \u00faltimos pesitos.<\/p>\n<p><strong>\u00bfC\u00f3mo le parece el calendario para el 2020 como local?<\/strong><\/p>\n<p>Empezamos como visitantes contra mi exequipo Patriotas y luego como locales tendremos los siguientes partidos:<\/p>\n<p>C\u00facuta \u2013 Millonarios<\/p>\n<p>C\u00facuta \u2013 Alianza<\/p>\n<p>C\u00facuta \u2013 Pasto<\/p>\n<p>C\u00facuta \u2013 Bucaramanga<\/p>\n<p>C\u00facuta \u2013 Cali<\/p>\n<p>C\u00facuta \u2013 Santa Fe<\/p>\n<p>C\u00facuta \u2013 Tolima<\/p>\n<p>C\u00facuta \u2013 Envigado<\/p>\n<p>C\u00facuta \u2013 Junior<\/p>\n<p>C\u00facuta \u2013 Am\u00e9rica<\/p>\n<p><strong>\u00bfPor qu\u00e9 accedi\u00f3 a hablar con la revista www.contraluzcucuta.co y no con el diario Q\u2019hubo?<\/strong><\/p>\n<p>Simple, el redactor deportivo se fue de vacaciones. Adem\u00e1s, hoy es 28 de diciembre. Nada de lo que aqu\u00ed dice es cierto, todo es producto de la mente malintencionada de usted, a quien ni siquiera conozco. Gracias.<\/p>\n<p><strong>ANTONIO LAGUADO<\/strong><\/p>\n","protected":false},"excerpt":{"rendered":"<p>C\u00daCUTA.- Luego de varios intentos por obtener el di\u00e1logo directo con el presidente del C\u00facuta Deportivo, Jos\u00e9 Augusto Cadena, por fin se logr\u00f3 el objetivo y de manera virtual. En este encuentro habl\u00f3 de diversos temas y mostr\u00f3 tranquilidad respecto a lo que ser\u00e1 la Liga 2020. Adelant\u00f3 que, probablemente, dejar\u00e1 el cargo para adentrarse &hellip;<\/p>\n","protected":false},"author":1,"featured_media":35006,"comment_status":"open","ping_status":"open","sticky":false,"template":"","format":"standard","meta":{"footnotes":""},"categories":[4,28],"tags":[4378,1963,2509],"class_list":["post-35004","post","type-post","status-publish","format-standard","has-post-thumbnail","hentry","category-barra","category-vistazo-deportivo","tag-cucuta-deportivo-2019","tag-dia-de-los-inocentes","tag-jose-augusto-cadena"],"_links":{"self":[{"href":"https:\/\/contraluzcucuta.co\/index.php?rest_route=\/wp\/v2\/posts\/35004","targetHints":{"allow":["GET"]}}],"collection":[{"href":"https:\/\/contraluzcucuta.co\/index.php?rest_route=\/wp\/v2\/posts"}],"about":[{"href":"https:\/\/contraluzcucuta.co\/index.php?rest_route=\/wp\/v2\/types\/post"}],"author":[{"embeddable":true,"href":"https:\/\/contraluzcucuta.co\/index.php?rest_route=\/wp\/v2\/users\/1"}],"replies":[{"embeddable":true,"href":"https:\/\/contraluzcucuta.co\/index.php?rest_route=%2Fwp%2Fv2%2Fcomments&post=35004"}],"version-history":[{"count":1,"href":"https:\/\/contraluzcucuta.co\/index.php?rest_route=\/wp\/v2\/posts\/35004\/revisions"}],"predecessor-version":[{"id":35007,"href":"https:\/\/contraluzcucuta.co\/index.php?rest_route=\/wp\/v2\/posts\/35004\/revisions\/35007"}],"wp:featuredmedia":[{"embeddable":true,"href":"https:\/\/contraluzcucuta.co\/index.php?rest_route=\/wp\/v2\/media\/35006"}],"wp:attachment":[{"href":"https:\/\/contraluzcucuta.co\/index.php?rest_route=%2Fwp%2Fv2%2Fmedia&parent=35004"}],"wp:term":[{"taxonomy":"category","embeddable":true,"href":"https:\/\/contraluzcucuta.co\/index.php?rest_route=%2Fwp%2Fv2%2Fcategories&post=35004"},{"taxonomy":"post_tag","embeddable":true,"href":"https:\/\/contraluzcucuta.co\/index.php?rest_route=%2Fwp%2Fv2%2Ftags&post=35004"}],"curies":[{"name":"wp","href":"https:\/\/api.w.org\/{rel}","templated":true}]}}