{"id":34995,"date":"2019-12-26T20:26:19","date_gmt":"2019-12-27T01:26:19","guid":{"rendered":"http:\/\/contraluzcucuta.co\/?p=34995"},"modified":"2019-12-26T20:26:19","modified_gmt":"2019-12-27T01:26:19","slug":"mujeres-empoderadas-las-casas-llegan-a-norte-de-santander-para-minimizar-riesgos-de-violencia-de-genero","status":"publish","type":"post","link":"https:\/\/contraluzcucuta.co\/?p=34995","title":{"rendered":"MUJERES EMPODERADAS. Las Casas llegan a Norte de Santander para minimizar riesgos de violencia de g\u00e9nero"},"content":{"rendered":"<p style=\"padding-left: 40px; text-align: right;\"><span style=\"color: #ff9900;\"><strong>BOGOT\u00c1.-<\/strong> Norte de Santander es uno de los cuatro departamentos a los que ha llegado la estrategia Casas de Mujeres Empoderadas. El objetivo del Gobierno es minimizar los riesgos de violencia de g\u00e9nero, proteger los derechos y ampliar las oportunidades.<\/span><\/p>\n<p>La iniciativa, liderada por la Vicepresidencia de la Rep\u00fablica, por intermedio de la Consejer\u00eda Presidencial para la Equidad de la Mujer, tambi\u00e9n est\u00e1 en Nari\u00f1o, Choc\u00f3 y Valle del Cauca. Se trata de espacios f\u00edsicos para que las mujeres reciban protecci\u00f3n a los derechos y accedan a oportunidades de formaci\u00f3n t\u00e9cnica y de apoyo a emprendimientos, para generar mejores condiciones de desarrollo para la familia y las comunidades.<\/p>\n<p>La estrategia busca alianzas con las autoridades locales para garantizar la oferta institucional de atenci\u00f3n y promoci\u00f3n de los derechos de las mujeres colombianas. \u201cParte de nuestro proyecto es reducir la violencia contra la mujer. En esta lucha no cesaremos. La mujer empoderada no permitir\u00e1 que la violenten\u201d, dijo la vicepresidenta Marta Luc\u00eda Ram\u00edrez.<\/p>\n<p>La segunda Casa se estableci\u00f3 en C\u00facuta, el 5 de septiembre, con la asistencia de Ivanka Trump, asesora del presidente de Estados Unidos. Esta casa queda en el barrio La Esperanza, de la capital nortesantandereana.<\/p>\n<p>A comienzos de este mes el turno fue para Choc\u00f3, donde abri\u00f3 las puertas la Casa de Quibd\u00f3, y pocos d\u00edas m\u00e1s tarde se abri\u00f3 la de Buga (Valle del Cauca).<\/p>\n<p>\u201cEs conversando, construyendo, dialogando, como vamos a poder entender d\u00f3nde est\u00e1n las diferencias, cu\u00e1les son las preocupaciones y d\u00f3nde est\u00e1n las soluciones que todos tenemos que aportar\u201d, se\u00f1al\u00f3 la vicepresidenta de la Rep\u00fablica.<\/p>\n<p>Est\u00e1 a punto de entrar en funcionamiento la de Riohacha, capital de La Guajira. \u201cEstamos convencidos de que teniendo mecanismos del m\u00e1s alto nivel se podr\u00e1n generar avances destacables en equidad de la mujer, de manera que se desarrollen acciones tendientes a incrementar su participaci\u00f3n pol\u00edtica, econ\u00f3mica y social en este importante territorio del pa\u00eds\u201d, manifest\u00f3 Marta Luc\u00eda Ram\u00edrez.<\/p>\n","protected":false},"excerpt":{"rendered":"<p>BOGOT\u00c1.- Norte de Santander es uno de los cuatro departamentos a los que ha llegado la estrategia Casas de Mujeres Empoderadas. El objetivo del Gobierno es minimizar los riesgos de violencia de g\u00e9nero, proteger los derechos y ampliar las oportunidades. La iniciativa, liderada por la Vicepresidencia de la Rep\u00fablica, por intermedio de la Consejer\u00eda Presidencial &hellip;<\/p>\n","protected":false},"author":1,"featured_media":34996,"comment_status":"open","ping_status":"open","sticky":false,"template":"","format":"standard","meta":{"footnotes":""},"categories":[45,4],"tags":[2374,4729,4663],"class_list":["post-34995","post","type-post","status-publish","format-standard","has-post-thumbnail","hentry","category-destacado","category-barra","tag-marta-lucia-ramirez","tag-mujeres-empoderadas","tag-vicepresidencia-de-la-republica"],"_links":{"self":[{"href":"https:\/\/contraluzcucuta.co\/index.php?rest_route=\/wp\/v2\/posts\/34995","targetHints":{"allow":["GET"]}}],"collection":[{"href":"https:\/\/contraluzcucuta.co\/index.php?rest_route=\/wp\/v2\/posts"}],"about":[{"href":"https:\/\/contraluzcucuta.co\/index.php?rest_route=\/wp\/v2\/types\/post"}],"author":[{"embeddable":true,"href":"https:\/\/contraluzcucuta.co\/index.php?rest_route=\/wp\/v2\/users\/1"}],"replies":[{"embeddable":true,"href":"https:\/\/contraluzcucuta.co\/index.php?rest_route=%2Fwp%2Fv2%2Fcomments&post=34995"}],"version-history":[{"count":1,"href":"https:\/\/contraluzcucuta.co\/index.php?rest_route=\/wp\/v2\/posts\/34995\/revisions"}],"predecessor-version":[{"id":34997,"href":"https:\/\/contraluzcucuta.co\/index.php?rest_route=\/wp\/v2\/posts\/34995\/revisions\/34997"}],"wp:featuredmedia":[{"embeddable":true,"href":"https:\/\/contraluzcucuta.co\/index.php?rest_route=\/wp\/v2\/media\/34996"}],"wp:attachment":[{"href":"https:\/\/contraluzcucuta.co\/index.php?rest_route=%2Fwp%2Fv2%2Fmedia&parent=34995"}],"wp:term":[{"taxonomy":"category","embeddable":true,"href":"https:\/\/contraluzcucuta.co\/index.php?rest_route=%2Fwp%2Fv2%2Fcategories&post=34995"},{"taxonomy":"post_tag","embeddable":true,"href":"https:\/\/contraluzcucuta.co\/index.php?rest_route=%2Fwp%2Fv2%2Ftags&post=34995"}],"curies":[{"name":"wp","href":"https:\/\/api.w.org\/{rel}","templated":true}]}}