{"id":34992,"date":"2019-12-26T17:04:10","date_gmt":"2019-12-26T22:04:10","guid":{"rendered":"http:\/\/contraluzcucuta.co\/?p=34992"},"modified":"2019-12-26T17:04:10","modified_gmt":"2019-12-26T22:04:10","slug":"mintic-activan-zonas-digitales-en-47-areas-rurales-de-norte-de-santander","status":"publish","type":"post","link":"https:\/\/contraluzcucuta.co\/?p=34992","title":{"rendered":"MinTIC. Activan zonas digitales en 47 \u00e1reas rurales de Norte de Santander"},"content":{"rendered":"<p style=\"padding-left: 40px; text-align: right;\"><span style=\"color: #ff9900;\">M\u00e1s de 12.900 habitantes de 47 centros poblados de Norte de Santander cuentan con Zona Digital instalada en la comunidad. Ahora, podr\u00e1n conectarse gratuitamente a internet y acceder a las oportunidades que brinda la red.<\/span><\/p>\n<p>Las zonas digitales se encuentran distribuidas en las \u00e1reas rurales de 19 municipios y contaron con la inversi\u00f3n superior a los $ 1269 millones. Habitantes y visitantes podr\u00e1n acceder a oportunidades de empleo, emprendimiento, capacitaci\u00f3n, tr\u00e1mites en l\u00ednea, entre otros beneficios, gracias a la tecnolog\u00eda.<\/p>\n<p>El viceministro de Econom\u00eda Digital, Germ\u00e1n Rueda, fue el encargado de activarlas desde el corregimiento La Nueva Donjuana. All\u00ed, comparti\u00f3 con los pobladores la oferta formativa del ministerio de las TIC para el desarrollo de habilidades digitales.<\/p>\n<p>\u201cMediante el uso de estas zonas digitales y los cursos disponibles a los cuales pueden acceder desde estos espacios, aportar\u00e1n a la competitividad y productividad del campo colombiano\u201d, dijo Rueda. El objetivo es alcanzar una Colombia m\u00e1s equitativa en materia de conectividad.<\/p>\n<p>La primera fase de la \u2018ola\u2019 de la conectividad permite avanzar para llegar a las regiones donde hist\u00f3ricamente se ten\u00eda una deuda que hoy se cumple. \u201cEsto hace parte de un programa integral que el pr\u00f3ximo a\u00f1o iniciar\u00e1 con la instalaci\u00f3n de 10.000 centros digitales en colegios y centros poblados para brindar desarrollo y progreso\u201d.<\/p>\n<p>Rueda aclar\u00f3 que las mil zonas activadas este a\u00f1o en el pa\u00eds son \u201cuna muestra de la pol\u00edtica TIC que estamos trabajando desde diferentes frentes\u201d. De esta manera se generar\u00e1 equidad, masificar\u00e1n las tecnolog\u00edas como herramientas de cambio y desarrollo no solo en lo social, sino tambi\u00e9n en lo econ\u00f3mico y cultural, porque \u201cpor medio de las TIC podemos lograr cualquier cosa que nos propongamos\u201d.<\/p>\n<p><strong>Red Medios Digital<\/strong><\/p>\n","protected":false},"excerpt":{"rendered":"<p>M\u00e1s de 12.900 habitantes de 47 centros poblados de Norte de Santander cuentan con Zona Digital instalada en la comunidad. Ahora, podr\u00e1n conectarse gratuitamente a internet y acceder a las oportunidades que brinda la red. Las zonas digitales se encuentran distribuidas en las \u00e1reas rurales de 19 municipios y contaron con la inversi\u00f3n superior a &hellip;<\/p>\n","protected":false},"author":1,"featured_media":34993,"comment_status":"open","ping_status":"open","sticky":false,"template":"","format":"standard","meta":{"footnotes":""},"categories":[4,32],"tags":[3799,4728],"class_list":["post-34992","post","type-post","status-publish","format-standard","has-post-thumbnail","hentry","category-barra","category-recorrido-por-la-region","tag-mintic","tag-zonas-digitales"],"_links":{"self":[{"href":"https:\/\/contraluzcucuta.co\/index.php?rest_route=\/wp\/v2\/posts\/34992","targetHints":{"allow":["GET"]}}],"collection":[{"href":"https:\/\/contraluzcucuta.co\/index.php?rest_route=\/wp\/v2\/posts"}],"about":[{"href":"https:\/\/contraluzcucuta.co\/index.php?rest_route=\/wp\/v2\/types\/post"}],"author":[{"embeddable":true,"href":"https:\/\/contraluzcucuta.co\/index.php?rest_route=\/wp\/v2\/users\/1"}],"replies":[{"embeddable":true,"href":"https:\/\/contraluzcucuta.co\/index.php?rest_route=%2Fwp%2Fv2%2Fcomments&post=34992"}],"version-history":[{"count":1,"href":"https:\/\/contraluzcucuta.co\/index.php?rest_route=\/wp\/v2\/posts\/34992\/revisions"}],"predecessor-version":[{"id":34994,"href":"https:\/\/contraluzcucuta.co\/index.php?rest_route=\/wp\/v2\/posts\/34992\/revisions\/34994"}],"wp:featuredmedia":[{"embeddable":true,"href":"https:\/\/contraluzcucuta.co\/index.php?rest_route=\/wp\/v2\/media\/34993"}],"wp:attachment":[{"href":"https:\/\/contraluzcucuta.co\/index.php?rest_route=%2Fwp%2Fv2%2Fmedia&parent=34992"}],"wp:term":[{"taxonomy":"category","embeddable":true,"href":"https:\/\/contraluzcucuta.co\/index.php?rest_route=%2Fwp%2Fv2%2Fcategories&post=34992"},{"taxonomy":"post_tag","embeddable":true,"href":"https:\/\/contraluzcucuta.co\/index.php?rest_route=%2Fwp%2Fv2%2Ftags&post=34992"}],"curies":[{"name":"wp","href":"https:\/\/api.w.org\/{rel}","templated":true}]}}