{"id":34909,"date":"2019-11-25T20:08:15","date_gmt":"2019-11-26T01:08:15","guid":{"rendered":"http:\/\/contraluzcucuta.co\/?p=34909"},"modified":"2019-11-25T20:08:15","modified_gmt":"2019-11-26T01:08:15","slug":"testimonio-cuerpo-de-nina-mente-de-adulto","status":"publish","type":"post","link":"https:\/\/contraluzcucuta.co\/?p=34909","title":{"rendered":"TESTIMONIO. Cuerpo de ni\u00f1a, mente de adulto"},"content":{"rendered":"<p style=\"padding-left: 40px; text-align: right;\"><span style=\"color: #ff9900;\"><strong>C\u00daCUTA.-<\/strong> Nac\u00ed en la zona franca de Norte de Santander, acompa\u00f1ada de mi madre quien se encarg\u00f3 de m\u00ed desde el d\u00eda que se enter\u00f3 del estado de embarazo. Mi padre fue un ejemplo m\u00e1s de abandono. Cuando conoci\u00f3 que ven\u00eda en camino, decidi\u00f3 cambiar el rumbo de su vida.<\/span><\/p>\n<p>Crec\u00ed al lado de mi madre hasta los 10 a\u00f1os y ve\u00eda el sufrimiento, d\u00eda a d\u00eda, para conseguir la comida. Llegaba a casa cansada, a las 8:00 de la noche, con los pies hinchados. No me gustaba ver la situaci\u00f3n por la que pasaba por mantenerme bien, por culpa de mi dichoso padre quien no tuvo responsabilidad sobre m\u00ed.<\/p>\n<p>A esa edad tom\u00e9 la decisi\u00f3n de salir de casa. Mi padrastro, que viv\u00eda con nosotras hac\u00eda un tiempo, se me insinuaba y trat\u00f3 de abusar de m\u00ed unas cuantas veces. Mi mam\u00e1, por defenderlo, dec\u00eda que era mi culpa y que me quer\u00eda quedar con su marido.<\/p>\n<p>No quer\u00eda pelear con ella al ver la situaci\u00f3n que me rodeaba. El d\u00eda menos esperado hice maletas y me fui a conocer el mundo. Aunque solo ten\u00eda 10 a\u00f1os, mi mente no era como la de mis amigas, no quer\u00eda jugar con <em>barbies<\/em>, pensaba m\u00e1s en el futuro, en qu\u00e9 ser\u00eda de mi dentro de unos a\u00f1os. Nunca me gust\u00f3 el estudio. Fui algunas veces, pero no prestaba atenci\u00f3n.<\/p>\n<p>Sab\u00eda que al salir de casa todo ser\u00eda distinto. Me pasaban mil pensamientos por la cabeza. Lo pens\u00e9 mucho antes de tomar la decisi\u00f3n. En ese momento era lo mejor, no quer\u00eda ocasionar una desgracia m\u00e1s, as\u00ed que llena de l\u00e1grimas, esa tarde, dej\u00e9 lo que era mi hogar.<\/p>\n<p>A mi favor estaba el que en ese entonces era mi novio, Andr\u00e9s, un joven de 18 a\u00f1os, apuesto, ojos color caf\u00e9 y piel trigue\u00f1a. Me fui a vivir a casa de sus padres. Al principio, todo era agradable. Me sent\u00eda c\u00f3moda, trataba de colaborar en lo que pudiera y de tener una relaci\u00f3n sana.<\/p>\n<p>Al paso del tiempo fui conociendo el car\u00e1cter de mis suegros. Eran r\u00edgidos y nada amables. Empezaron las discusiones por mi estad\u00eda all\u00ed. Todo comenz\u00f3 el segundo a\u00f1o. Me sent\u00eda inc\u00f3moda y a la vez molesta al ver que mi marido Andr\u00e9s, no hac\u00eda nada para darme mi lugar frente a su familia.<\/p>\n<p>Le reclamaba casi todos los d\u00edas por lo mismo. Quer\u00eda vivir en paz y como en familia, solo me dec\u00eda que entendiera a sus padres, que como para nosotros para ellos tampoco era f\u00e1cil, porque as\u00ed aportara econ\u00f3micamente y yo ayudara en los oficios de la casa, yo significaba un gasto m\u00e1s.<\/p>\n<p>Pasados tres a\u00f1os, empec\u00e9 a sentirme como en un infierno. Los d\u00edas se me hac\u00edan eternos, y no hac\u00eda nada para impedirlo, porque no ten\u00eda para d\u00f3nde ir. Lo \u00fanico que pod\u00eda hacer era volverme ciega, sorda y muda. Trataba de hacer cosas distintas para pasar el tiempo, pues mi marido trabajaba y llegaba por las noches.<\/p>\n<p>Despu\u00e9s de aguantar a\u00f1os ca\u00f3ticos con mis suegros, de soportar cada indiferencia y cada mal trato en esa casa, tuve una fuerte discusi\u00f3n con Andr\u00e9s por el mismo tema. Le ped\u00eda que me diera el lugar como su mujer, que nos fu\u00e9ramos de all\u00ed para recuperar nuestra relaci\u00f3n, que luch\u00e1ramos por el amor que dec\u00edamos tenernos y fue justo en ese momento cuando me confes\u00f3 que no sent\u00eda lo mismo por m\u00ed.<\/p>\n<p>Eso fue un golpe bajo para mi vida. Sent\u00ed que todo se me ven\u00eda encima. Solo ten\u00eda 13 a\u00f1os para vivir semejante situaci\u00f3n y no sab\u00eda qu\u00e9 iba a hacer. No supe c\u00f3mo reaccionar. Creo que lo hice de manera violenta. De tanto que nos gritamos ese d\u00eda, me acuerdo que le dije que era un poco hombre, que no sab\u00eda vivir sin los pap\u00e1s, que le faltaba mucho por vivir y que yo iba a salir adelante sin \u00e9l.<\/p>\n<p>Sent\u00eda impotencia. \u00c9l sab\u00eda por lo que pasaba y que despu\u00e9s de \u00e9l no tendr\u00eda a nadie. Mi mam\u00e1 me acusaba de insinuarme a su marido, no sab\u00eda de la existencia de mi padre y mi padrastro intentaba abusar de m\u00ed. Realmente no ten\u00eda a qui\u00e9n recurrir.<\/p>\n<p>Andr\u00e9s solo supo decir que era una ni\u00f1a, que no me quer\u00eda ver m\u00e1s y que me fuera de la casa. De esa manera, con mi orgullo, sal\u00ed de all\u00ed, igual esa casa se hab\u00eda convertido en infierno para mi vida.<\/p>\n<p>No tuve otra opci\u00f3n que llamar a mi mam\u00e1 y para mi tranquilidad y felicidad, me indic\u00f3 que se hab\u00eda separado de ese hombre del que llamaba mi padrastro. Sent\u00ed alivio, porque, aunque mi madre se haya equivocado al acusarme y echarme la culpa de lo que me quer\u00eda hacer, la segu\u00eda queriendo, sab\u00eda que estaba cegada de cierto modo.<\/p>\n<p>Ese d\u00eda llegu\u00e9 a su casa. Me recibi\u00f3 con los brazos abiertos y con el mayor amor del mundo. Me pidi\u00f3 perd\u00f3n por lo que hab\u00eda pasado hac\u00eda unos a\u00f1os. Fueron d\u00edas y meses en los que tratamos de recuperar el tiempo perdido.<\/p>\n<p>Claro, como en toda relaci\u00f3n de madre e hija, tuvimos algunas peleas y desentendidos, pero se arreglaban al poco tiempo. Hab\u00eda aprendido a valorar lo que daba por m\u00ed. De cierto modo, aunque tan solo tuviera 14 a\u00f1os, hab\u00eda pasado por situaciones que me hab\u00edan dejado aprendizaje para la vida.<\/p>\n<p>Mi madre es emprendedora, luchadora y cari\u00f1osa. Aun con los defectos, es ejemplo para mi vida, a pesar de lo que ha tenido que vivir. A pesar de ser madre soltera y enga\u00f1ada en sus relaciones amorosas, no se ha dado por vencida y sigue en la lucha d\u00eda a d\u00eda, siendo mi motor de vida.<\/p>\n<p>El 15 de septiembre del 2015, a los cuatro meses de vivir de nuevo con mi madre, la vida dio un giro que me marc\u00f3 para siempre. Ese d\u00eda nos enteramos de que yo estaba embarazada y para sorpresa ten\u00eda nueve meses.<\/p>\n<p>Mi estado no se not\u00f3, mi vida segu\u00eda normal, nunca me dej\u00f3 de llegar el periodo, ni tuve cambios f\u00edsicos. Todo sali\u00f3 a luz, porque me empezaron a dar n\u00e1useas y la barriga me empez\u00f3 a crecer de un momento a otro.<\/p>\n<p>La primera impresi\u00f3n que tuvo fue decir que estaba embarazada. No dud\u00f3 ni un segundo para comprar una prueba de las que venden en las droguer\u00edas y salir de la duda. As\u00ed fue, sali\u00f3 positivo. Fui al m\u00e9dico para saber cu\u00e1nto ten\u00eda y me sali\u00f3 con la sorpresa que estaba lista para dar a luz.<\/p>\n<p>Fue un cambio duro al comienzo. Todo era nuevo. Mi mam\u00e1 no se imaginaba que su hija de 14 a\u00f1os fuera a dar a luz una criatura. De inmediato fui internada y preparada para la ces\u00e1rea, pues por edad no pod\u00eda tener parto normal.<\/p>\n<p>A los pocos d\u00edas est\u00e1bamos de nuevo en casa con la nueva integrante. Mar\u00eda, hermosa, de piel trigue\u00f1a, hab\u00eda medido 45 cent\u00edmetros y pesado 3,0 kilogramos.<\/p>\n<p>A pesar de las discusiones que hab\u00eda tenido con Andr\u00e9s antes de salir de su casa, no dud\u00e9 en llamarlo para decirle que era padre. Dijo que eso no era problema de \u00e9l, que no \u00e9ramos nada. No quiso responder por la beb\u00e9 ni darme ayuda de manutenci\u00f3n.<\/p>\n<p>Me dio rabia al escucharlo decir eso. Me dio rabia conmigo por haber tomado la decisi\u00f3n de llamarlo para contarle. No pude contener el llanto, porque a pesar de todo hab\u00eda sido mi primer y \u00fanico amor hasta el momento. Creo que esa fue la principal prueba de mam\u00e1, seguir adelante sin la ayuda de \u00e9l.<\/p>\n<p>En mis intentos de madre primeriza no me iba tan bien. Ten\u00eda el defecto del car\u00e1cter fuerte y malgenio, por cualquier motivo explotaba. Mi madre trataba de ayudarme, pero tambi\u00e9n era agresiva con ella.<\/p>\n<p>Si Mar\u00eda lloraba en las noches, me llenaba de rabia, gritaba y le pegaba. Si ensuciaba el pa\u00f1al cuando apenas se lo hab\u00eda cambiado era lo mismo, no pod\u00eda contenerme. Cuando estaba aprendiendo a caminar me estresaba que se cayera al dar unos pocos pasos. Cada equivocaci\u00f3n que tuviera era fatal para m\u00ed.<\/p>\n<p>Tres a\u00f1os despu\u00e9s tuve otro novio. En una noche de tragos y alegr\u00edas qued\u00e9 embarazada. Al enterarse de la noticia huy\u00f3. La reacci\u00f3n de mi mam\u00e1 fue de decepci\u00f3n al ver que no hab\u00eda aprendido con mi primera hija y en realidad hoy le doy la raz\u00f3n.<\/p>\n<p>Clementina, mi mam\u00e1, solo pensaba en qu\u00e9 iba a ser de mi otro hijo. Me conoc\u00eda perfectamente y sab\u00eda de mi problema de histeria. Yo tambi\u00e9n estaba asustada, pensaba c\u00f3mo iba a mantener a dos hijos y, sobre todo, como soportar\u00eda otra criatura.<\/p>\n<p>Cuando lleg\u00f3 el momento del nacimiento segu\u00eda siendo menor de edad, pero no tan ni\u00f1a como la primera vez. Ten\u00eda 17 a\u00f1os y me tocaba de nuevo el turno de entrar a la sala de partos. Esta vez no hubo necesidad de ces\u00e1rea, experiment\u00e9 lo que es el dolor de parto y creo que es la dolencia m\u00e1s fuerte que he tenido.<\/p>\n<p>La verdad, creo que es algo indescriptible, pero a la vez es un momento de emoci\u00f3n y ansias al saber que va a salir un ser que permaneci\u00f3 adentro por nueve meses.<\/p>\n<p>El 22 de febrero del 2019, fue el nacimiento de la segunda hija, a la que le di por nombre Karen. Ahora ten\u00eda dos responsabilidades, pero a mi favor estaba el apoyo incondicional de mi madre.<\/p>\n<p>Mis problemas de agresividad permanec\u00edan y cada vez eran peores. Los que pagaban eran mis hijas, sobre todo Mar\u00eda, la mayor, y mi madre que, por tratar de corregirme, la agred\u00eda.<\/p>\n<p>Por mi mal comportamiento y mal ejemplo, mi madre, aconsejada por sus amistades y sin ver otra soluci\u00f3n para que cambiara, me demand\u00f3 por maltrato intrafamiliar.<\/p>\n<p>Por eso cumplo un a\u00f1o de pena en el Centro de Formaci\u00f3n Juvenil Los Patios. La custodia de mis hijas la obtuvo Bienestar Familiar, con la condici\u00f3n que, si al salir de aqu\u00ed tengo un cambio positivo en mi vida, me las regresan.<\/p>\n<p>Al principio fue dif\u00edcil. No aceptaba que mi madre me hubiera demandado. No entend\u00eda c\u00f3mo hab\u00eda podido hacerlo. Todo fue un choque de emociones fuertes. Bienestar Familiar me quitaba a mis ni\u00f1as y yo estar\u00eda privada de la libertad por un a\u00f1o.<\/p>\n<p>Llevo cinco meses encerrada. He cambiado mi car\u00e1cter, aqu\u00ed me han tenido paciencia y con ayuda de las sic\u00f3logas he podido notar el cambio. Ahora s\u00e9 en qu\u00e9 fallaba y espero con ansias la hora de salir para reencontrarme con mis dos ni\u00f1as.<\/p>\n<p>Este tiempo no ha sido en vano. Aparte de mi manera de ver la vida y mi temperamento, tambi\u00e9n aprend\u00ed panader\u00eda, este es mi entretenimiento aqu\u00ed adentro, mi modo de hacer que el tiempo se pase r\u00e1pido.<\/p>\n<p>Ahora, solo pienso en el bienestar de Mar\u00eda y Karen. Al salir quiero buscar trabajo y darles lo que a m\u00ed me falt\u00f3, sobre todo, mucho amor y atenci\u00f3n.<\/p>\n<p><strong>AIMARA RODR\u00cdGUEZ<\/strong><\/p>\n","protected":false},"excerpt":{"rendered":"<p>C\u00daCUTA.- Nac\u00ed en la zona franca de Norte de Santander, acompa\u00f1ada de mi madre quien se encarg\u00f3 de m\u00ed desde el d\u00eda que se enter\u00f3 del estado de embarazo. Mi padre fue un ejemplo m\u00e1s de abandono. Cuando conoci\u00f3 que ven\u00eda en camino, decidi\u00f3 cambiar el rumbo de su vida. Crec\u00ed al lado de mi &hellip;<\/p>\n","protected":false},"author":1,"featured_media":34910,"comment_status":"open","ping_status":"open","sticky":false,"template":"","format":"standard","meta":{"footnotes":""},"categories":[74,4],"tags":[2597,1328,161],"class_list":["post-34909","post","type-post","status-publish","format-standard","has-post-thumbnail","hentry","category-aula-universitaria","category-barra","tag-aula-universitaria","tag-testimonio","tag-universidad-de-pamplona"],"_links":{"self":[{"href":"https:\/\/contraluzcucuta.co\/index.php?rest_route=\/wp\/v2\/posts\/34909","targetHints":{"allow":["GET"]}}],"collection":[{"href":"https:\/\/contraluzcucuta.co\/index.php?rest_route=\/wp\/v2\/posts"}],"about":[{"href":"https:\/\/contraluzcucuta.co\/index.php?rest_route=\/wp\/v2\/types\/post"}],"author":[{"embeddable":true,"href":"https:\/\/contraluzcucuta.co\/index.php?rest_route=\/wp\/v2\/users\/1"}],"replies":[{"embeddable":true,"href":"https:\/\/contraluzcucuta.co\/index.php?rest_route=%2Fwp%2Fv2%2Fcomments&post=34909"}],"version-history":[{"count":1,"href":"https:\/\/contraluzcucuta.co\/index.php?rest_route=\/wp\/v2\/posts\/34909\/revisions"}],"predecessor-version":[{"id":34911,"href":"https:\/\/contraluzcucuta.co\/index.php?rest_route=\/wp\/v2\/posts\/34909\/revisions\/34911"}],"wp:featuredmedia":[{"embeddable":true,"href":"https:\/\/contraluzcucuta.co\/index.php?rest_route=\/wp\/v2\/media\/34910"}],"wp:attachment":[{"href":"https:\/\/contraluzcucuta.co\/index.php?rest_route=%2Fwp%2Fv2%2Fmedia&parent=34909"}],"wp:term":[{"taxonomy":"category","embeddable":true,"href":"https:\/\/contraluzcucuta.co\/index.php?rest_route=%2Fwp%2Fv2%2Fcategories&post=34909"},{"taxonomy":"post_tag","embeddable":true,"href":"https:\/\/contraluzcucuta.co\/index.php?rest_route=%2Fwp%2Fv2%2Ftags&post=34909"}],"curies":[{"name":"wp","href":"https:\/\/api.w.org\/{rel}","templated":true}]}}