{"id":34905,"date":"2019-11-25T19:31:27","date_gmt":"2019-11-26T00:31:27","guid":{"rendered":"http:\/\/contraluzcucuta.co\/?p=34905"},"modified":"2019-11-25T20:05:08","modified_gmt":"2019-11-26T01:05:08","slug":"viernes-negro-alcaldia-expide-medidas-para-garantizar-normalidad-comercial","status":"publish","type":"post","link":"https:\/\/contraluzcucuta.co\/?p=34905","title":{"rendered":"VIERNES NEGRO. Alcald\u00eda expide medidas para garantizar normalidad comercial"},"content":{"rendered":"<p style=\"padding-left: 40px; text-align: right;\"><span style=\"color: #ff9900;\"><strong>C\u00daCUTA.-<\/strong> La Alcald\u00eda de C\u00facuta tom\u00f3 medidas para garantizar el normal desarrollo del Viernes Negro 2019, que se llevar\u00e1 a cabo el 29 de noviembre, entre las 8:00 de la ma\u00f1ana y las 10:00 de la noche, en jornada continua. Por tercera vez, la ciudad de une a la iniciativa lidera por Fenalco, para atraer cientos de compradores y dinamizar la econom\u00eda local.<\/span><\/p>\n<p>1.- La Secretar\u00eda de Tr\u00e1nsito levantar\u00e1 el pico y placa y el placa d\u00eda, con el fin de dar movilidad sin restricci\u00f3n a los veh\u00edculos en las zonas comerciales. Adem\u00e1s, se habilitar\u00e1n \u00e1reas de parqueo para facilitar las compras con tranquilidad.<\/p>\n<p>2.- Los agentes de tr\u00e1nsito velar\u00e1n ese d\u00eda para que la movilidad est\u00e9 en completo orden, sobre todo en los sectores comerciales de alta congesti\u00f3n.<\/p>\n<p>3.- La Polic\u00eda Metropolitana estar\u00e1 vigilante, desde las 12:00 de la noche hasta el cierre de la jornada, con el fin de garantizar la seguridad a la ciudadan\u00eda en centros comerciales y centro de la ciudad.<\/p>\n<p>4.- La Secretar\u00eda de Cultura y Turismo organizar\u00e1 circuitos culturales en varios puntos de la ciudad para amenizar la jornada.<\/p>\n<p>El alcalde C\u00e9sar Rojas hizo un llamado a la empresa de aseo para que ese d\u00eda doble los esfuerzos y mantenga limpias las calles de C\u00facuta. \u201cQuiero pedirles a compradores y comerciantes que mantengamos buen comportamiento para que se pueda avanzar con tranquilidad. Debemos apoyarnos unos a otros para que la jornada sea un \u00e9xito\u201d.<\/p>\n<p>Los comerciantes est\u00e1n comprometidos a hacer verdaderos descuentos para que la ciudadan\u00eda compre con confianza. La alcald\u00eda apoya este evento nacional e internacional.<\/p>\n<p>&#8220;Como Alcalde he apoyado este tipo de eventos durante mi administraci\u00f3n, porque dinamiza la econom\u00eda y volvemos a tener confianza en lo nuestro c\u00f3mo ciudad&#8221;, dijo C\u00e9sar Rojas.<\/p>\n","protected":false},"excerpt":{"rendered":"<p>C\u00daCUTA.- La Alcald\u00eda de C\u00facuta tom\u00f3 medidas para garantizar el normal desarrollo del Viernes Negro 2019, que se llevar\u00e1 a cabo el 29 de noviembre, entre las 8:00 de la ma\u00f1ana y las 10:00 de la noche, en jornada continua. Por tercera vez, la ciudad de une a la iniciativa lidera por Fenalco, para atraer &hellip;<\/p>\n","protected":false},"author":1,"featured_media":34906,"comment_status":"open","ping_status":"open","sticky":false,"template":"","format":"standard","meta":{"footnotes":""},"categories":[2625,4],"tags":[226,1526,3907],"class_list":["post-34905","post","type-post","status-publish","format-standard","has-post-thumbnail","hentry","category-alcaldia-de-cucuta","category-barra","tag-alcaldia-de-cucuta","tag-fenalco-norte-de-santander","tag-viernes-negro-en-cucuta"],"_links":{"self":[{"href":"https:\/\/contraluzcucuta.co\/index.php?rest_route=\/wp\/v2\/posts\/34905","targetHints":{"allow":["GET"]}}],"collection":[{"href":"https:\/\/contraluzcucuta.co\/index.php?rest_route=\/wp\/v2\/posts"}],"about":[{"href":"https:\/\/contraluzcucuta.co\/index.php?rest_route=\/wp\/v2\/types\/post"}],"author":[{"embeddable":true,"href":"https:\/\/contraluzcucuta.co\/index.php?rest_route=\/wp\/v2\/users\/1"}],"replies":[{"embeddable":true,"href":"https:\/\/contraluzcucuta.co\/index.php?rest_route=%2Fwp%2Fv2%2Fcomments&post=34905"}],"version-history":[{"count":2,"href":"https:\/\/contraluzcucuta.co\/index.php?rest_route=\/wp\/v2\/posts\/34905\/revisions"}],"predecessor-version":[{"id":34908,"href":"https:\/\/contraluzcucuta.co\/index.php?rest_route=\/wp\/v2\/posts\/34905\/revisions\/34908"}],"wp:featuredmedia":[{"embeddable":true,"href":"https:\/\/contraluzcucuta.co\/index.php?rest_route=\/wp\/v2\/media\/34906"}],"wp:attachment":[{"href":"https:\/\/contraluzcucuta.co\/index.php?rest_route=%2Fwp%2Fv2%2Fmedia&parent=34905"}],"wp:term":[{"taxonomy":"category","embeddable":true,"href":"https:\/\/contraluzcucuta.co\/index.php?rest_route=%2Fwp%2Fv2%2Fcategories&post=34905"},{"taxonomy":"post_tag","embeddable":true,"href":"https:\/\/contraluzcucuta.co\/index.php?rest_route=%2Fwp%2Fv2%2Ftags&post=34905"}],"curies":[{"name":"wp","href":"https:\/\/api.w.org\/{rel}","templated":true}]}}