{"id":34896,"date":"2019-11-23T13:57:15","date_gmt":"2019-11-23T18:57:15","guid":{"rendered":"http:\/\/contraluzcucuta.co\/?p=34896"},"modified":"2019-11-23T13:57:15","modified_gmt":"2019-11-23T18:57:15","slug":"ecos-del-paro-colombia-despierta-y-marcha","status":"publish","type":"post","link":"https:\/\/contraluzcucuta.co\/?p=34896","title":{"rendered":"ECOS DEL PARO. Colombia despierta y marcha"},"content":{"rendered":"<p style=\"padding-left: 40px; text-align: right;\"><span style=\"color: #ff9900;\">El paro nacional ha sido un gran \u00e9xito del pa\u00eds, harto de la guerra, de un gobierno necio, sin rumbo, excluyente, que ni siquiera satisface plenamente a su partido, el Puro Centro Democr\u00e1tico, inspirado en el odio a la cr\u00edtica social y pol\u00edtica, y que pretende imponernos el paquetazo de los grupos financieros que profundizar\u00eda la enorme brecha social entre los colombianos.\u00a0<\/span><\/p>\n<p>La situaci\u00f3n apocal\u00edptica que anunciara la extrema derecha no lleg\u00f3. Lo que est\u00e1 ocurriendo es la g\u00e9nesis de un movimiento social que se dispone a usar la protesta pac\u00edfica para exigir un cambio de rumbo en materia econ\u00f3mica y social, el respeto a la movilizaci\u00f3n, a la vida y que no le sigan amarrando conejo a la paz. Con el presidente Santos se suscribi\u00f3 el acuerdo de paz y este gobierno est\u00e1 cumpliendo la promesa de volverlo trizas. Vamos por el camino del desastre social y de la guerra.<\/p>\n<p>El paro ha sido un \u00e9xito. Los desmanes son responsabilidad del comportamiento abusivo de integrantes de la Fuerza P\u00fablica y sin lugar a dudas de v\u00e1ndalos contratados para deslegitimar la protesta y reprimirla. Hay suficientes evidencias que vinculan a fuerzas policiales a cr\u00edmenes de manifestantes. Donde la Fuerza P\u00fablica ha sido respetuosa de la movilizaci\u00f3n no se han dado hechos violentos.<\/p>\n<p>Lo m\u00e1s concluyente es que el llamado Estado de opini\u00f3n fundado en mentiras y manipulaciones sicol\u00f3gicas se cay\u00f3 y est\u00e1 surgiendo una opini\u00f3n p\u00fablica real, cr\u00edtica, con suficiente conciencia de las pol\u00edticas que est\u00e1n promoviendo estas \u00e9lites neoliberales y reconociendo el sentido estrat\u00e9gico de la movilizaci\u00f3n social.<\/p>\n<p>Esta jornada de paro de este 21N es el acontecimiento pol\u00edtico m\u00e1s importante de este a\u00f1o, supera a la jornada electoral del 27 de octubre. Es m\u00e1s, es una alerta para gobernadores, alcaldes y diputados electos de que el poder constituyente gana cada vez m\u00e1s incidencia y est\u00e1 dispuesto a intervenir en pol\u00edtica cuando no es interpretado en sus aspiraciones.<\/p>\n<p>La jornada del 21N cerr\u00f3 con un cacerolazo que surgi\u00f3 de pronto como rechazo a las acciones violentas y se extendi\u00f3 a varias ciudades y regiones, y se pondr\u00eda de moda en el pa\u00eds si el presidente Duque sigue enviando mensajes equivocados y tomando decisiones por encima de la voluntad de lo que llamaba Jorge Eli\u00e9cer Gait\u00e1n el pa\u00eds nacional.<\/p>\n<p>De verdad que esper\u00e1bamos del presidente Duque un mensaje m\u00e1s responsable y coherente. Dijo que estaba oyendo al pa\u00eds, que hubo vandalismo, negando con ello la responsabilidad de su Fuerza P\u00fablica y de grupos de v\u00e1ndalos de extrema derecha. Habl\u00f3 de un Estado fuerte que en realidad es la justificaci\u00f3n de la violencia oficial. Y no es precisamente lo que el pa\u00eds quer\u00eda escuchar del Gobierno, por ello la indignaci\u00f3n creci\u00f3 y la disposici\u00f3n de paro se mantiene.<\/p>\n<p>La movilizaci\u00f3n social en Colombia ocurre en un contexto latinoamericano de protestas masivas contra las pol\u00edticas neoliberales que incluyen la violencia como parte del paquetazo para imponerse a la fuerza contra la voluntad de los pueblos. El paquetazo de Duque, es el mismo que ha generado polarizaci\u00f3n, movilizaci\u00f3n y violencia en Chile, el que imponen con golpes de Estado en Brasil, Paraguay, Bolivia y que agita a otros pueblos del continente.<\/p>\n<p>Al paquetazo de Duque hay que cerrarle el paso sin vacilaci\u00f3n. Es el momento de promover desde la movilizaci\u00f3n social un gran di\u00e1logo nacional y un pacto desde la pluralidad por la paz, por la vida y por soluciones estructurales que den respuesta al sentido clamor nacional. La movilizaci\u00f3n debe hacerse eco no solo en las calles, sino en otros escenarios como el Congreso de la Rep\u00fablica.<\/p>\n<p>Lo que est\u00e1 en crisis no es solo el Gobierno, es un modo de gobernar y una pol\u00edtica excluyente, nefasta, que hace aguas la esperanza nacional. Se demostr\u00f3 que la violencia en las marchas tampoco es necesaria para expresar el descontento popular.\u00a0 Se\u00f1or presidente Duque, escuche de verdad a esa Colombia profunda que despierta y se levanta. Corrija el rumbo. No vamos a seguir vi\u00e9ndonos a los pies, seguiremos marchando por la paz, la vida y nuestros sue\u00f1os de pa\u00eds.<\/p>\n<p><strong>RUB\u00c9N ZAMORA<\/strong><\/p>\n","protected":false},"excerpt":{"rendered":"<p>El paro nacional ha sido un gran \u00e9xito del pa\u00eds, harto de la guerra, de un gobierno necio, sin rumbo, excluyente, que ni siquiera satisface plenamente a su partido, el Puro Centro Democr\u00e1tico, inspirado en el odio a la cr\u00edtica social y pol\u00edtica, y que pretende imponernos el paquetazo de los grupos financieros que profundizar\u00eda &hellip;<\/p>\n","protected":false},"author":1,"featured_media":34897,"comment_status":"open","ping_status":"open","sticky":false,"template":"","format":"standard","meta":{"footnotes":""},"categories":[14,4],"tags":[4717,4716,4709,3870],"class_list":["post-34896","post","type-post","status-publish","format-standard","has-post-thumbnail","hentry","category-articulistas","category-barra","tag-21n","tag-ecos-del-paro","tag-paro-nacional","tag-ruben-zamora"],"_links":{"self":[{"href":"https:\/\/contraluzcucuta.co\/index.php?rest_route=\/wp\/v2\/posts\/34896","targetHints":{"allow":["GET"]}}],"collection":[{"href":"https:\/\/contraluzcucuta.co\/index.php?rest_route=\/wp\/v2\/posts"}],"about":[{"href":"https:\/\/contraluzcucuta.co\/index.php?rest_route=\/wp\/v2\/types\/post"}],"author":[{"embeddable":true,"href":"https:\/\/contraluzcucuta.co\/index.php?rest_route=\/wp\/v2\/users\/1"}],"replies":[{"embeddable":true,"href":"https:\/\/contraluzcucuta.co\/index.php?rest_route=%2Fwp%2Fv2%2Fcomments&post=34896"}],"version-history":[{"count":1,"href":"https:\/\/contraluzcucuta.co\/index.php?rest_route=\/wp\/v2\/posts\/34896\/revisions"}],"predecessor-version":[{"id":34898,"href":"https:\/\/contraluzcucuta.co\/index.php?rest_route=\/wp\/v2\/posts\/34896\/revisions\/34898"}],"wp:featuredmedia":[{"embeddable":true,"href":"https:\/\/contraluzcucuta.co\/index.php?rest_route=\/wp\/v2\/media\/34897"}],"wp:attachment":[{"href":"https:\/\/contraluzcucuta.co\/index.php?rest_route=%2Fwp%2Fv2%2Fmedia&parent=34896"}],"wp:term":[{"taxonomy":"category","embeddable":true,"href":"https:\/\/contraluzcucuta.co\/index.php?rest_route=%2Fwp%2Fv2%2Fcategories&post=34896"},{"taxonomy":"post_tag","embeddable":true,"href":"https:\/\/contraluzcucuta.co\/index.php?rest_route=%2Fwp%2Fv2%2Ftags&post=34896"}],"curies":[{"name":"wp","href":"https:\/\/api.w.org\/{rel}","templated":true}]}}