{"id":34890,"date":"2019-11-23T10:05:22","date_gmt":"2019-11-23T15:05:22","guid":{"rendered":"http:\/\/contraluzcucuta.co\/?p=34890"},"modified":"2019-11-23T10:05:22","modified_gmt":"2019-11-23T15:05:22","slug":"violencia-contra-las-mujeres-cucuta-primer-lugar-con-622-casos-en-el-departamento","status":"publish","type":"post","link":"https:\/\/contraluzcucuta.co\/?p=34890","title":{"rendered":"VIOLENCIA CONTRA LAS MUJERES. \u00a0C\u00facuta, primer lugar con 622 casos, en el departamento"},"content":{"rendered":"<p style=\"padding-left: 40px; text-align: right;\"><span style=\"color: #ff9900;\"><strong>C\u00daCUTA.- <\/strong>Norte de Santander registr\u00f3 1058 valoraciones por delitos sexuales, en 2018, de las cuales 575 corresponden a mujeres y 483 a hombres. C\u00facuta es la ciudad del departamento con el mayor n\u00famero de casos, con 341 mujeres y 281 hombres; le siguen Oca\u00f1a, Villa del Rosario, Labateca, Tib\u00fa y Pamplona.<\/span><\/p>\n<p>La Unidad de Investigaci\u00f3n y Acusaci\u00f3n conmemorar\u00e1, en la capital nortesantandereana, el D\u00eda Internacional de la Eliminaci\u00f3n de la Violencia contra las Mujeres, con un panel de expertos en asuntos de violencia sexual. El objetivo es propiciar un di\u00e1logo para hacer visible el rol de la justicia restaurativa en la trasformaci\u00f3n de relaciones desiguales de poder como causas estructurales de la violencia sexual.<\/p>\n<p>A la jornada han sido invitadas v\u00edctimas de la zona de El Catatumbo en Norte de Santander y que residen en C\u00facuta, representantes de la comunidad internacional, estudiantes, autoridades y comunidad interesada en el tema. El encuentro ser\u00e1 en el auditorio Eustorgio Colmenares, de la Universidad Francisco de Paula Santander, entre las 8:00 de la ma\u00f1ana y las 12:30 del d\u00eda.<\/p>\n<p>La instalaci\u00f3n del panel estar\u00e1 a cargo del director de la Unidad de Investigaci\u00f3n y Acusaci\u00f3n (UIA) de la JEP, Giovanni \u00c1lvarez Santoyo.<\/p>\n<p>De acuerdo con el Registro \u00danico de V\u00edctimas, en Colombia han sido reconocidas 29.133 v\u00edctimas de violencia sexual en el conflicto armado. De ese n\u00famero, 26.555 son mujeres, 2140 son hombres y 438 pertenecen a la comunidad LGBT.<\/p>\n<p>Este delito ha crecido en el pa\u00eds, y las cifras del Informe Forensis del Instituto de Medicina Legal, indican que en 2018 se valoraron 22.794 casos.<\/p>\n<p>La violencia contra mujeres y ni\u00f1as es una de las violaciones de los derechos humanos m\u00e1s extendidas, persistentes y devastadoras del mundo, sobre las que apenas se informa debido a la impunidad de la cual disfrutan los perpetradores, y el silencio, la estigmatizaci\u00f3n y la verg\u00fcenza que sufren las v\u00edctimas.<\/p>\n<p>La Unidad de Investigaci\u00f3n y Acusaci\u00f3n, en cumplimiento del principio de centralidad de las v\u00edctimas, organiz\u00f3 el panel, en el que se hablar\u00e1 sobre:<\/p>\n<p>1.- Consecuencias e impactos en la Salud de ni\u00f1as y mujeres v\u00edctimas de violencia sexual que deben ser tenidas en cuenta para garantizar una reparaci\u00f3n con enfoque de derechos<\/p>\n<p>2.- Retos de la Justicia Restaurativa en la erradicaci\u00f3n de la violencia sexual contra las mujeres.<\/p>\n<p>En representaci\u00f3n de las v\u00edctimas de violencia sexual en el conflicto armado intervendr\u00e1n Alejandra Vera Laguado, v\u00edctima y Coordinadora Regional de la Red de Mujeres V\u00edctimas y Profesionales, y Ludirlena P\u00e9rez Carvajal, lideresa social defensora de derechos humanos y v\u00edctima sobreviviente de Violencia Sexual, Premio Mujer Cafam 2019.<\/p>\n","protected":false},"excerpt":{"rendered":"<p>C\u00daCUTA.- Norte de Santander registr\u00f3 1058 valoraciones por delitos sexuales, en 2018, de las cuales 575 corresponden a mujeres y 483 a hombres. C\u00facuta es la ciudad del departamento con el mayor n\u00famero de casos, con 341 mujeres y 281 hombres; le siguen Oca\u00f1a, Villa del Rosario, Labateca, Tib\u00fa y Pamplona. La Unidad de Investigaci\u00f3n &hellip;<\/p>\n","protected":false},"author":1,"featured_media":34891,"comment_status":"open","ping_status":"open","sticky":false,"template":"","format":"standard","meta":{"footnotes":""},"categories":[4,6],"tags":[4714,1054],"class_list":["post-34890","post","type-post","status-publish","format-standard","has-post-thumbnail","hentry","category-barra","category-ojo-avizor","tag-unidad-de-investigacion-y-acusacion","tag-violencia-contra-la-mujer"],"_links":{"self":[{"href":"https:\/\/contraluzcucuta.co\/index.php?rest_route=\/wp\/v2\/posts\/34890","targetHints":{"allow":["GET"]}}],"collection":[{"href":"https:\/\/contraluzcucuta.co\/index.php?rest_route=\/wp\/v2\/posts"}],"about":[{"href":"https:\/\/contraluzcucuta.co\/index.php?rest_route=\/wp\/v2\/types\/post"}],"author":[{"embeddable":true,"href":"https:\/\/contraluzcucuta.co\/index.php?rest_route=\/wp\/v2\/users\/1"}],"replies":[{"embeddable":true,"href":"https:\/\/contraluzcucuta.co\/index.php?rest_route=%2Fwp%2Fv2%2Fcomments&post=34890"}],"version-history":[{"count":1,"href":"https:\/\/contraluzcucuta.co\/index.php?rest_route=\/wp\/v2\/posts\/34890\/revisions"}],"predecessor-version":[{"id":34892,"href":"https:\/\/contraluzcucuta.co\/index.php?rest_route=\/wp\/v2\/posts\/34890\/revisions\/34892"}],"wp:featuredmedia":[{"embeddable":true,"href":"https:\/\/contraluzcucuta.co\/index.php?rest_route=\/wp\/v2\/media\/34891"}],"wp:attachment":[{"href":"https:\/\/contraluzcucuta.co\/index.php?rest_route=%2Fwp%2Fv2%2Fmedia&parent=34890"}],"wp:term":[{"taxonomy":"category","embeddable":true,"href":"https:\/\/contraluzcucuta.co\/index.php?rest_route=%2Fwp%2Fv2%2Fcategories&post=34890"},{"taxonomy":"post_tag","embeddable":true,"href":"https:\/\/contraluzcucuta.co\/index.php?rest_route=%2Fwp%2Fv2%2Ftags&post=34890"}],"curies":[{"name":"wp","href":"https:\/\/api.w.org\/{rel}","templated":true}]}}